{"id":75880,"date":"2025-10-20T20:29:21","date_gmt":"2025-10-20T18:29:21","guid":{"rendered":"https:\/\/www.zigarren.zone\/?p=75880"},"modified":"2025-10-20T20:29:21","modified_gmt":"2025-10-20T18:29:21","slug":"nuove-linee-e-tabacchi-stagionati-salvatore-schaffner-su-valentino-siesto-teste-coronate","status":"publish","type":"post","link":"https:\/\/www.zigarren.zone\/it\/neue-linien-und-gereifter-tabak-salvatore-schaffner-ueber-valentino-siesto-crowned-heads\/","title":{"rendered":"Nuove linee e tabacco maturo: Salvatore Schaffner su Valentino Siesto e Crowned Heads"},"content":{"rendered":"<p>\"Salve a tutti, mi chiamo Salvatore Schaffner e rappresento l'importatore <strong>Uniportis<\/strong> con i marchi <strong>Teste coronate<\/strong> dal Nicaragua e <strong>Valentino Siesto<\/strong> dalla Repubblica Dominicana\". Uniportis significa due mondi: <strong>Teste coronate<\/strong>un giovane marchio con radici nicaraguensi, e <strong>Valentino Siesto<\/strong>una linea premium dal carattere dominicano e incentrata su tabacchi stagionati. \"Il <em>Feria del Tabaco<\/em> \u00e8 appena iniziato\", dice Salvatore. \"Oggi ho avuto forse cinque o sei visitatori allo stand, ma se va come l'anno scorso, sono sicuro che saranno di nuovo circa 200. Quest'anno sono stati annunciati dai 150 ai 250 visitatori, io spero ovviamente in 250\".<\/p>\n\n\n\n<div class=\"wp-block-rank-math-toc-block\" id=\"rank-math-toc\"><h2>Indice dei contenuti<\/h2><nav><ul><li><a href=\"#10-jahre-feria-del-tabaco-genuss-trifft-leidenschaft\">10 anni di Feria del Tabaco - il piacere incontra la passione<\/a><\/li><li><a href=\"#ein-traditionsunternehmen-in-neuen-handen\">Valentino Siesto Nero - la nuova linea<\/a><\/li><li><a href=\"#crowned-heads-handwerkliche-vielfalt-aus-nicaragua\">Crowned Heads - variet\u00e0 artigianale del Nicaragua<\/a><\/li><li><a href=\"#ein-anfang-mit-genuss\">Un inizio con piacere<\/a><\/li><li><a href=\"#das-waren-die-aussteller-der-feria-del-tabaco-2025\">Questi erano gli espositori della Feria del Tabaco 2025<\/a><\/li><li><a href=\"#ressourcen-zum-thema\">Risorse sul tema<\/a><\/li><\/ul><\/nav><\/div>\n\n\n\n<div style=\"height:50px\" aria-hidden=\"true\" class=\"wp-block-spacer\"><\/div>\n\n\n\n<figure class=\"wp-block-image size-full\"><img decoding=\"async\" width=\"1000\" height=\"659\" src=\"https:\/\/www.zigarren.zone\/wp-content\/uploads\/2025\/10\/feria_del_tabaco_2025.jpg\" alt=\"\" class=\"wp-image-75844\" srcset=\"https:\/\/www.zigarren.zone\/wp-content\/uploads\/2025\/10\/feria_del_tabaco_2025.jpg 1000w, https:\/\/www.zigarren.zone\/wp-content\/uploads\/2025\/10\/feria_del_tabaco_2025-768x506.jpg 768w, https:\/\/www.zigarren.zone\/wp-content\/uploads\/2025\/10\/feria_del_tabaco_2025-18x12.jpg 18w, https:\/\/www.zigarren.zone\/wp-content\/uploads\/2025\/10\/feria_del_tabaco_2025-624x411.jpg 624w\" sizes=\"(max-width: 1000px) 100vw, 1000px\" \/><\/figure>\n\n\n\n<div style=\"height:50px\" aria-hidden=\"true\" class=\"wp-block-spacer\"><\/div>\n\n\n\n<h2 class=\"wp-block-heading\" id=\"10-jahre-feria-del-tabaco-genuss-trifft-leidenschaft\">10 anni di Feria del Tabaco - il piacere incontra la passione<\/h2>\n\n\n\n<p style=\"font-size:1em\">Un'esposizione unica nel suo genere a Zurigo: <strong>MANUEL'S<\/strong> riunisce importatori, produttori e appassionati di sigari per un incontro piacevole e speciale. Da dieci anni a questa parte, il <strong>Feria del Tabaco<\/strong> Gli amanti dei sigari si riuniscono a Zurigo. Quella che era nata come una piccola esposizione interna \u00e8 ormai un appuntamento fisso nel calendario della scena sigaristica svizzera. Numerosi importatori presentano i loro sigari esclusivi, accessori e nuovi prodotti. Per due giorni, la citt\u00e0 si trasforma in <strong>MANUEL'S<\/strong> in un vivace forum di divertimento: colloqui, degustazioni, innovazioni e incontri, tutti incentrati sul sigaro. Un anniversario che non solo si celebra, ma si assapora.<\/p>\n\n\n\n<div style=\"height:50px\" aria-hidden=\"true\" class=\"wp-block-spacer\"><\/div>\n\n\n\n<figure class=\"wp-block-image size-full\"><img decoding=\"async\" width=\"1000\" height=\"667\" src=\"https:\/\/www.zigarren.zone\/wp-content\/uploads\/2025\/10\/uniportis-feria_del_tabaco_25_manuels-dscf2283.jpg\" alt=\"\" class=\"wp-image-75883\" srcset=\"https:\/\/www.zigarren.zone\/wp-content\/uploads\/2025\/10\/uniportis-feria_del_tabaco_25_manuels-dscf2283.jpg 1000w, https:\/\/www.zigarren.zone\/wp-content\/uploads\/2025\/10\/uniportis-feria_del_tabaco_25_manuels-dscf2283-768x512.jpg 768w, https:\/\/www.zigarren.zone\/wp-content\/uploads\/2025\/10\/uniportis-feria_del_tabaco_25_manuels-dscf2283-18x12.jpg 18w, https:\/\/www.zigarren.zone\/wp-content\/uploads\/2025\/10\/uniportis-feria_del_tabaco_25_manuels-dscf2283-624x416.jpg 624w\" sizes=\"(max-width: 1000px) 100vw, 1000px\" \/><\/figure>\n\n\n\n<div style=\"height:10px\" aria-hidden=\"true\" class=\"wp-block-spacer\"><\/div>\n\n\n\n<h4 class=\"wp-block-heading\" id=\"h-beschreibung-des-bildes\" style=\"font-size:1em\"><strong>Salvatore Schaffner<\/strong> - Saluta gli amanti dei sigari allo stand di Uniportis AG nel migliore dei modi. <\/h4>\n\n\n\n<div style=\"height:50px\" aria-hidden=\"true\" class=\"wp-block-spacer\"><\/div>\n\n\n\n<h2 class=\"wp-block-heading\" id=\"ein-traditionsunternehmen-in-neuen-handen\"><strong>Valentino Siesto Nero - la nuova linea<\/strong><\/h2>\n\n\n\n<div style=\"height:50px\" aria-hidden=\"true\" class=\"wp-block-spacer\"><\/div>\n\n\n\n<figure class=\"wp-block-image size-full\"><img decoding=\"async\" width=\"1000\" height=\"667\" src=\"https:\/\/www.zigarren.zone\/wp-content\/uploads\/2025\/10\/uniportis-feria_del_tabaco_25_manuels-dscf2324.jpg\" alt=\"\" class=\"wp-image-75885\" srcset=\"https:\/\/www.zigarren.zone\/wp-content\/uploads\/2025\/10\/uniportis-feria_del_tabaco_25_manuels-dscf2324.jpg 1000w, https:\/\/www.zigarren.zone\/wp-content\/uploads\/2025\/10\/uniportis-feria_del_tabaco_25_manuels-dscf2324-768x512.jpg 768w, https:\/\/www.zigarren.zone\/wp-content\/uploads\/2025\/10\/uniportis-feria_del_tabaco_25_manuels-dscf2324-18x12.jpg 18w, https:\/\/www.zigarren.zone\/wp-content\/uploads\/2025\/10\/uniportis-feria_del_tabaco_25_manuels-dscf2324-624x416.jpg 624w\" sizes=\"(max-width: 1000px) 100vw, 1000px\" \/><\/figure>\n\n\n\n<div style=\"height:50px\" aria-hidden=\"true\" class=\"wp-block-spacer\"><\/div>\n\n\n\n<p>Salvatore \u00e8 particolarmente orgoglioso del nuovo <strong>Valentino Siesto Nero Nero<\/strong>. \"\u00c8 arrivato sul mercato due mesi fa: un sigaro di medio corpo e molto aromatico. Prodotto con <strong>Tabacco maturato per tre anni<\/strong>. Valentino Siesto era tradizionalmente conosciuto per le miscele con <strong>Tabacco maturato per sei anni<\/strong>Ma la nuova linea Nero \u00e8 una boccata d'aria fresca: ora ci sono due varianti, il Nero Black e il prossimo Nero Connecticut, entrambi con tabacco di tre anni. Questo rende la linea un po' pi\u00f9 accessibile, ma la qualit\u00e0 e il carattere rimangono invariati\".<\/p>\n\n\n\n<h2 class=\"wp-block-heading\" id=\"crowned-heads-handwerkliche-vielfalt-aus-nicaragua\">Crowned Heads - variet\u00e0 artigianale del Nicaragua<\/h2>\n\n\n\n<div style=\"height:50px\" aria-hidden=\"true\" class=\"wp-block-spacer\"><\/div>\n\n\n\n<figure class=\"wp-block-image size-full\"><img decoding=\"async\" width=\"1000\" height=\"667\" src=\"https:\/\/www.zigarren.zone\/wp-content\/uploads\/2025\/10\/uniportis-feria_del_tabaco_25_manuels-dscf2295.jpg\" alt=\"\" class=\"wp-image-75884\" srcset=\"https:\/\/www.zigarren.zone\/wp-content\/uploads\/2025\/10\/uniportis-feria_del_tabaco_25_manuels-dscf2295.jpg 1000w, https:\/\/www.zigarren.zone\/wp-content\/uploads\/2025\/10\/uniportis-feria_del_tabaco_25_manuels-dscf2295-768x512.jpg 768w, https:\/\/www.zigarren.zone\/wp-content\/uploads\/2025\/10\/uniportis-feria_del_tabaco_25_manuels-dscf2295-18x12.jpg 18w, https:\/\/www.zigarren.zone\/wp-content\/uploads\/2025\/10\/uniportis-feria_del_tabaco_25_manuels-dscf2295-624x416.jpg 624w\" sizes=\"(max-width: 1000px) 100vw, 1000px\" \/><\/figure>\n\n\n\n<div style=\"height:50px\" aria-hidden=\"true\" class=\"wp-block-spacer\"><\/div>\n\n\n\n<p>Oltre a Valentino Siesto, Unipotis presenta anche <strong>Teste coronate<\/strong>. \"Questo marchio di sigari \u00e8 stato fondato nel 2011\", spiega Salvatore. \"I fondatori avevano lavorato in precedenza in noti produttori di sigari e hanno realizzato il loro sogno con Crowned Heads\". Un punto di forza dello stand \u00e8 la linea <strong>Le P\u00e2tissier<\/strong>\"Una miscela splendidamente equilibrata che riflette perfettamente la firma della casa\".<\/p>\n\n\n\n<h2 class=\"wp-block-heading\" id=\"ein-anfang-mit-genuss\">Un inizio con piacere<\/h2>\n\n\n\n<div style=\"height:50px\" aria-hidden=\"true\" class=\"wp-block-spacer\"><\/div>\n\n\n\n<figure class=\"wp-block-image size-full\"><img decoding=\"async\" width=\"1000\" height=\"667\" src=\"https:\/\/www.zigarren.zone\/wp-content\/uploads\/2025\/10\/uniportis-feria_del_tabaco_25_manuels-dscf4013.jpg\" alt=\"\" class=\"wp-image-75886\" srcset=\"https:\/\/www.zigarren.zone\/wp-content\/uploads\/2025\/10\/uniportis-feria_del_tabaco_25_manuels-dscf4013.jpg 1000w, https:\/\/www.zigarren.zone\/wp-content\/uploads\/2025\/10\/uniportis-feria_del_tabaco_25_manuels-dscf4013-768x512.jpg 768w, https:\/\/www.zigarren.zone\/wp-content\/uploads\/2025\/10\/uniportis-feria_del_tabaco_25_manuels-dscf4013-18x12.jpg 18w, https:\/\/www.zigarren.zone\/wp-content\/uploads\/2025\/10\/uniportis-feria_del_tabaco_25_manuels-dscf4013-624x416.jpg 624w\" sizes=\"(max-width: 1000px) 100vw, 1000px\" \/><\/figure>\n\n\n\n<div style=\"height:50px\" aria-hidden=\"true\" class=\"wp-block-spacer\"><\/div>\n\n\n\n<p>Quando gli viene chiesta una dichiarazione conclusiva, Salvatore ride: \"\u00c8 difficile fare una dichiarazione conclusiva, perch\u00e9 la fiera \u00e8 appena iniziata. Ma mi limiter\u00f2 a dire: <strong>Divertitevi a fumare!<\/strong>\"<\/p>\n\n\n\n<div style=\"height:50px\" aria-hidden=\"true\" class=\"wp-block-spacer\"><\/div>\n\n\n\n<h2 class=\"wp-block-heading\" id=\"das-waren-die-aussteller-der-feria-del-tabaco-2025\">Questi erano gli espositori della Feria del Tabaco 2025<\/h2>\n\n\n\n<p style=\"font-size:1em\"><a href=\"https:\/\/www.zigarren.zone\/tag\/feria-del-tabaco-2025\/\">Gli espositori dicono la loro alla Feria del Tabaco 2025: clicca qui per i ritratti<\/a><\/p>\n\n\n\n<figure class=\"wp-block-image size-full\"><img decoding=\"async\" width=\"1000\" height=\"667\" src=\"https:\/\/www.zigarren.zone\/wp-content\/uploads\/2025\/10\/ALLE-AUSSTELLER-feria_del_tabaco_25_manuels-dscf4297.jpg\" alt=\"\" class=\"wp-image-75923\" srcset=\"https:\/\/www.zigarren.zone\/wp-content\/uploads\/2025\/10\/ALLE-AUSSTELLER-feria_del_tabaco_25_manuels-dscf4297.jpg 1000w, https:\/\/www.zigarren.zone\/wp-content\/uploads\/2025\/10\/ALLE-AUSSTELLER-feria_del_tabaco_25_manuels-dscf4297-768x512.jpg 768w, https:\/\/www.zigarren.zone\/wp-content\/uploads\/2025\/10\/ALLE-AUSSTELLER-feria_del_tabaco_25_manuels-dscf4297-18x12.jpg 18w, https:\/\/www.zigarren.zone\/wp-content\/uploads\/2025\/10\/ALLE-AUSSTELLER-feria_del_tabaco_25_manuels-dscf4297-624x416.jpg 624w\" sizes=\"(max-width: 1000px) 100vw, 1000px\" \/><\/figure>\n\n\n\n<p>In prima fila, da sinistra a destra: Manuel Fr\u00f6hlich (Manuel's), Stefano Nett (Compa\u00f1\u00eda de Tabacos), Carlos Andr\u00e9s (Cigarmundi), Dirk Behrendt (Hartl Premium Tobacco), Matthieu Rebjock (Oettinger Davidoff), Toni Galatti (Intertabak)<\/p>\n\n\n\n<p>In basso, da sinistra a destra: Lajos Horv\u00e1th (ImpCor), Dominik Mezzomo (The Royal Cigar Company), Yoel Portuondo (La Flo de Portuondo), Salvatore Schaffner (Uniportis).<\/p>\n\n\n\n<div style=\"height:50px\" aria-hidden=\"true\" class=\"wp-block-spacer\"><\/div>\n\n\n\n<h3 class=\"wp-block-heading\" id=\"bildnachweis\">Crediti d'immagine<\/h3>\n\n\n\n<ul class=\"wp-block-list\">\n<li><a href=\"https:\/\/manuels.ch\/\" target=\"_blank\" rel=\"noopener\">Manuel<\/a><\/li>\n<\/ul>\n\n\n\n<h2 class=\"wp-block-heading\" id=\"ressourcen-zum-thema\">Risorse sul tema<\/h2>\n\n\n\n<p><a href=\"https:\/\/uniportis.ch\/\" target=\"_blank\" rel=\"noopener\">Uniportis AG<\/a><\/p>\n\n\n\n<div style=\"height:50px\" aria-hidden=\"true\" class=\"wp-block-spacer\"><\/div>\n\n\n\n<figure class=\"wp-block-image size-full is-resized\"><img decoding=\"async\" width=\"472\" height=\"708\" src=\"https:\/\/www.zigarren.zone\/wp-content\/uploads\/2024\/05\/vasilij_100_csf54279.jpg\" alt=\"\" class=\"wp-image-73395\" style=\"aspect-ratio:1;object-fit:contain;width:359px;height:auto\" srcset=\"https:\/\/www.zigarren.zone\/wp-content\/uploads\/2024\/05\/vasilij_100_csf54279.jpg 472w, https:\/\/www.zigarren.zone\/wp-content\/uploads\/2024\/05\/vasilij_100_csf54279-8x12.jpg 8w\" sizes=\"(max-width: 472px) 100vw, 472px\" \/><\/figure>\n\n\n\n<p><strong><strong>Pi\u00f9 fumo. Con me.\ud83d\udca8\ud83e\udd17<\/strong><\/strong><\/p>\n\n\n\n<p>YOUTUBE \ud83d\udcfa <a href=\"https:\/\/www.youtube.com\/@genussmitvasilij\" target=\"_blank\" rel=\"noreferrer noopener\">@genussmitvasilij\u00a0<\/a>\u00a0<\/p>\n\n\n\n<p>INSTAGRAM \ud83d\udcf8 <a href=\"https:\/\/www.instagram.com\/v4silij\/\" target=\"_blank\" rel=\"noreferrer noopener\">@v4silij\u00a0<\/a>\u00a0<\/p>\n\n\n\n<p>INSTAGRAM \ud83d\udcf8 <a href=\"https:\/\/www.instagram.com\/zigarrenzone\/\" target=\"_blank\" rel=\"noreferrer noopener\">@zigarrenzone\u00a0<\/a>\u00a0<\/p>\n\n\n\n<div style=\"height:50px\" aria-hidden=\"true\" class=\"wp-block-spacer\"><\/div>\n\n\n<nav aria-label=\"pangrattato\" class=\"rank-math-breadcrumb\"><p><span class=\"label\">Siete qui:<\/span> <span class=\"last\">Homepage<\/span><\/p><\/nav>","protected":false},"excerpt":{"rendered":"<p>\"Salve a tutti, mi chiamo Salvatore Schaffner e rappresento l'importatore Uniportis con i marchi Crowned Heads dal Nicaragua e Valentino Siesto dal...<\/p>","protected":false},"author":2,"featured_media":75886,"comment_status":"closed","ping_status":"closed","sticky":false,"template":"","format":"standard","meta":{"jetpack_post_was_ever_published":false,"_jetpack_newsletter_access":"","_jetpack_dont_email_post_to_subs":false,"_jetpack_newsletter_tier_id":0,"_jetpack_memberships_contains_paywalled_content":false,"_jetpack_memberships_contains_paid_content":false,"footnotes":""},"categories":[6291,662],"tags":[6682,6595,6680,6563,6603,6602],"class_list":["post-75880","post","type-post","status-publish","format-standard","has-post-thumbnail","hentry","category-event","category-marktplatz","tag-crowned-heads","tag-feria-del-tabaco","tag-feria-del-tabaco-2025","tag-manuels-2","tag-uniportis","tag-valentino-siesto",""],"jetpack_featured_media_url":"https:\/\/www.zigarren.zone\/wp-content\/uploads\/2025\/10\/uniportis-feria_del_tabaco_25_manuels-dscf4013.jpg","jetpack_sharing_enabled":true,"_links":{"self":[{"href":"https:\/\/www.zigarren.zone\/it\/wp-json\/wp\/v2\/posts\/75880","targetHints":{"allow":["GET"]}}],"collection":[{"href":"https:\/\/www.zigarren.zone\/it\/wp-json\/wp\/v2\/posts"}],"about":[{"href":"https:\/\/www.zigarren.zone\/it\/wp-json\/wp\/v2\/types\/post"}],"author":[{"embeddable":true,"href":"https:\/\/www.zigarren.zone\/it\/wp-json\/wp\/v2\/users\/2"}],"replies":[{"embeddable":true,"href":"https:\/\/www.zigarren.zone\/it\/wp-json\/wp\/v2\/comments?post=75880"}],"version-history":[{"count":5,"href":"https:\/\/www.zigarren.zone\/it\/wp-json\/wp\/v2\/posts\/75880\/revisions"}],"predecessor-version":[{"id":75937,"href":"https:\/\/www.zigarren.zone\/it\/wp-json\/wp\/v2\/posts\/75880\/revisions\/75937"}],"wp:featuredmedia":[{"embeddable":true,"href":"https:\/\/www.zigarren.zone\/it\/wp-json\/wp\/v2\/media\/75886"}],"wp:attachment":[{"href":"https:\/\/www.zigarren.zone\/it\/wp-json\/wp\/v2\/media?parent=75880"}],"wp:term":[{"taxonomy":"category","embeddable":true,"href":"https:\/\/www.zigarren.zone\/it\/wp-json\/wp\/v2\/categories?post=75880"},{"taxonomy":"post_tag","embeddable":true,"href":"https:\/\/www.zigarren.zone\/it\/wp-json\/wp\/v2\/tags?post=75880"}],"curies":[{"name":"wp","href":"https:\/\/api.w.org\/{rel}","templated":true}]}}