{"id":75824,"date":"2025-10-17T08:39:41","date_gmt":"2025-10-17T06:39:41","guid":{"rendered":"https:\/\/www.zigarren.zone\/?p=75824"},"modified":"2025-10-17T08:43:58","modified_gmt":"2025-10-17T06:43:58","slug":"emmanuel-diaz","status":"publish","type":"post","link":"https:\/\/www.zigarren.zone\/it\/emmanuel-diaz\/","title":{"rendered":"Emmanuel Diaz - Una conversazione su passione, tabacco e origini"},"content":{"rendered":"<p>Ho incontrato Emmanuel Diaz a Basilea in occasione del <a href=\"https:\/\/www.houseofsmoke.ch\/\" target=\"_blank\" rel=\"noopener\">Casa del fumo<\/a>dove ha presentato alcuni sigari prodotti da suo padre, il leggendario maestro miscelatore Eladio Diaz. Siamo rimasti entrambi stupiti quando abbiamo scoperto che Emmanuel e io abbiamo la stessa data di nascita, il 1\u00b0 aprile. Solo l'anno \u00e8 diverso. Una coincidenza azzeccata, visto che la passione, l'artigianato e un pizzico di umorismo sono i migliori compagni nel mondo dei sigari.<\/p>\n\n\n\n<blockquote class=\"wp-block-quote is-layout-flow wp-block-quote-is-layout-flow\">\n<p style=\"font-size:18px\">\ud83d\udc49 <strong>Prima di andare avanti:<\/strong> Ricevete storie esclusive sui sigari, consigli privilegiati e conoscenze di base - solo per gli abbonati. Nessuna pubblicit\u00e0. Solo puro divertimento. <a href=\"https:\/\/www.zigarren.zone\/insider\/\">Ora <strong><span style=\"text-decoration: underline;\">gratuito<\/span><\/strong> Diventa un INSIDER di cigar.zone<\/a>. SOLO IN LINGUA TEDESCA.<\/p>\n<\/blockquote>\n\n\n\n<div class=\"wp-block-rank-math-toc-block\" id=\"rank-math-toc\"><h2>Indice dei contenuti<\/h2><nav><ul><li><a href=\"#der-funke-der-leidenschaft\">La scintilla della passione<\/a><\/li><li><a href=\"#handwerk-ohne-kompromisse\">Artigianato senza compromessi<\/a><\/li><li><a href=\"#wurzeln-und-werte\">Radici e valori<\/a><\/li><li><a href=\"#stolz-und-vermachtnis\">Orgoglio ed eredit\u00e0<\/a><\/li><li><a href=\"#ressourcen-zum-thema\">Risorse sul tema<\/a><\/li><\/ul><\/nav><\/div>\n\n\n\n<div style=\"height:50px\" aria-hidden=\"true\" class=\"wp-block-spacer\"><\/div>\n\n\n\n<figure class=\"wp-block-image size-full\"><img decoding=\"async\" width=\"1000\" height=\"800\" src=\"https:\/\/www.zigarren.zone\/wp-content\/uploads\/2025\/10\/emmanuel_diaz_mpp_8811.jpg\" alt=\"Emmanuel Diaz\" class=\"wp-image-75834\" srcset=\"https:\/\/www.zigarren.zone\/wp-content\/uploads\/2025\/10\/emmanuel_diaz_mpp_8811.jpg 1000w, https:\/\/www.zigarren.zone\/wp-content\/uploads\/2025\/10\/emmanuel_diaz_mpp_8811-768x614.jpg 768w, https:\/\/www.zigarren.zone\/wp-content\/uploads\/2025\/10\/emmanuel_diaz_mpp_8811-15x12.jpg 15w, https:\/\/www.zigarren.zone\/wp-content\/uploads\/2025\/10\/emmanuel_diaz_mpp_8811-624x499.jpg 624w\" sizes=\"(max-width: 1000px) 100vw, 1000px\" \/><\/figure>\n\n\n\n<div style=\"height:10px\" aria-hidden=\"true\" class=\"wp-block-spacer\"><\/div>\n\n\n\n<h4 class=\"wp-block-heading\" id=\"h-beschreibung-des-bildes\" style=\"font-size:1em\"><strong>Emmanuel Diaz compie gli anni il 1\u00b0 aprile, proprio come me \ud83d\ude03<\/strong><\/h4>\n\n\n\n<div style=\"height:50px\" aria-hidden=\"true\" class=\"wp-block-spacer\"><\/div>\n\n\n\n<h2 class=\"wp-block-heading\" id=\"der-funke-der-leidenschaft\">La scintilla della passione<\/h2>\n\n\n\n<div style=\"height:50px\" aria-hidden=\"true\" class=\"wp-block-spacer\"><\/div>\n\n\n\n<figure class=\"wp-block-image size-full\"><img decoding=\"async\" width=\"1000\" height=\"562\" src=\"https:\/\/www.zigarren.zone\/wp-content\/uploads\/2025\/10\/emmanuel_diaz_finca_aerea.jpg\" alt=\"Emmanuel Diaz\" class=\"wp-image-75829\" srcset=\"https:\/\/www.zigarren.zone\/wp-content\/uploads\/2025\/10\/emmanuel_diaz_finca_aerea.jpg 1000w, https:\/\/www.zigarren.zone\/wp-content\/uploads\/2025\/10\/emmanuel_diaz_finca_aerea-768x432.jpg 768w, https:\/\/www.zigarren.zone\/wp-content\/uploads\/2025\/10\/emmanuel_diaz_finca_aerea-18x10.jpg 18w, https:\/\/www.zigarren.zone\/wp-content\/uploads\/2025\/10\/emmanuel_diaz_finca_aerea-624x351.jpg 624w\" sizes=\"(max-width: 1000px) 100vw, 1000px\" \/><\/figure>\n\n\n\n<div style=\"height:50px\" aria-hidden=\"true\" class=\"wp-block-spacer\"><\/div>\n\n\n\n<p>La scintilla che accende la passione di una vita pu\u00f2 scoccare in un solo momento. Per lui, questo \u00e8 accaduto nel 2011, in occasione del suo primo evento dedicato ai sigari, il <strong>Festival di Procigar<\/strong>. Ricorda ancora la sensazione: \"Mi ha colpito vedere cos\u00ec tante persone dell'industria del sigaro e provenienti da campi completamente diversi - giocatori di baseball, attori, cantanti, imprenditori - tutti uniti dal piacere di un sigaro fatto a mano. \u00c8 stato speciale parlare di sigari a persone cos\u00ec diverse\".<\/p>\n\n\n\n<p>Questa esperienza lo ha formato. Gli ha fatto capire che un sigaro \u00e8 molto pi\u00f9 che semplice tabacco e fumo: mette in contatto le persone, indipendentemente dal loro background o dalla loro professione.<\/p>\n\n\n\n<div style=\"height:50px\" aria-hidden=\"true\" class=\"wp-block-spacer\"><\/div>\n\n\n\n<figure class=\"wp-block-image size-full\"><img decoding=\"async\" width=\"1000\" height=\"800\" src=\"https:\/\/www.zigarren.zone\/wp-content\/uploads\/2025\/10\/emmanuel_diaz_mpp_8491.jpg\" alt=\"Emmanuel Diaz\" class=\"wp-image-75833\" srcset=\"https:\/\/www.zigarren.zone\/wp-content\/uploads\/2025\/10\/emmanuel_diaz_mpp_8491.jpg 1000w, https:\/\/www.zigarren.zone\/wp-content\/uploads\/2025\/10\/emmanuel_diaz_mpp_8491-768x614.jpg 768w, https:\/\/www.zigarren.zone\/wp-content\/uploads\/2025\/10\/emmanuel_diaz_mpp_8491-15x12.jpg 15w, https:\/\/www.zigarren.zone\/wp-content\/uploads\/2025\/10\/emmanuel_diaz_mpp_8491-624x499.jpg 624w\" sizes=\"(max-width: 1000px) 100vw, 1000px\" \/><\/figure>\n\n\n\n<div style=\"height:50px\" aria-hidden=\"true\" class=\"wp-block-spacer\"><\/div>\n\n\n\n<h2 class=\"wp-block-heading\" id=\"handwerk-ohne-kompromisse\">Artigianato senza compromessi<\/h2>\n\n\n\n<p>Quando parla di artigianato, il suo profondo rispetto per la qualit\u00e0 \u00e8 evidente. Alla domanda sul perch\u00e9 la cenere di un sigaro sia a volte compatta e a volte soffice, risponde semplicemente: \"Dipende dalla lavorazione. Se il sigaro \u00e8 ben fatto, la cenere rimane compatta. Se non \u00e8 stato arrotolato correttamente, \u00e8 friabile\".<br>Nessun abbellimento, nessuna spettacolarizzazione: solo un'onesta lavorazione artigianale.<\/p>\n\n\n\n<div style=\"height:50px\" aria-hidden=\"true\" class=\"wp-block-spacer\"><\/div>\n\n\n\n<figure class=\"wp-block-image size-full\"><img decoding=\"async\" width=\"1000\" height=\"800\" src=\"https:\/\/www.zigarren.zone\/wp-content\/uploads\/2025\/10\/emmanuel_diaz_img-20240312-wa0033.jpg\" alt=\"Emmanuel Diaz\" class=\"wp-image-75832\" srcset=\"https:\/\/www.zigarren.zone\/wp-content\/uploads\/2025\/10\/emmanuel_diaz_img-20240312-wa0033.jpg 1000w, https:\/\/www.zigarren.zone\/wp-content\/uploads\/2025\/10\/emmanuel_diaz_img-20240312-wa0033-768x614.jpg 768w, https:\/\/www.zigarren.zone\/wp-content\/uploads\/2025\/10\/emmanuel_diaz_img-20240312-wa0033-15x12.jpg 15w, https:\/\/www.zigarren.zone\/wp-content\/uploads\/2025\/10\/emmanuel_diaz_img-20240312-wa0033-624x499.jpg 624w\" sizes=\"(max-width: 1000px) 100vw, 1000px\" \/><\/figure>\n\n\n\n<div style=\"height:50px\" aria-hidden=\"true\" class=\"wp-block-spacer\"><\/div>\n\n\n\n<p>Non crede nemmeno alle scorciatoie o ai trucchi segreti nella coltivazione del tabacco. \"Se si fa il proprio lavoro correttamente, non c'\u00e8 bisogno di trucchi. Il processo dovrebbe essere il pi\u00f9 naturale possibile\", afferma. \"A seconda del tipo di tabacco, il tempo di stagionatura pu\u00f2 essere pi\u00f9 o meno lungo. La chiave per un buon tabacco \u00e8 sapere esattamente con che tipo di foglia si sta lavorando\".<\/p>\n\n\n\n<h2 class=\"wp-block-heading\" id=\"wurzeln-und-werte\">Radici e valori<\/h2>\n\n\n\n<p>Se potesse viaggiare nel tempo con un sigaro in mano, tornerebbe dove tutto \u00e8 cominciato, alle radici del tabacco nella Repubblica Dominicana. \"E se ne avessi l'opportunit\u00e0, mi piacerebbe fumare un sigaro con Zino Davidoff e mio padre\". Una frase che non solo rivela il suo rispetto per la tradizione, ma anche la profonda influenza di suo padre, il rinomato maestro miscelatore Eladio Diaz.<\/p>\n\n\n\n<div style=\"height:50px\" aria-hidden=\"true\" class=\"wp-block-spacer\"><\/div>\n\n\n\n<figure class=\"wp-block-image size-full\"><img decoding=\"async\" width=\"1000\" height=\"800\" src=\"https:\/\/www.zigarren.zone\/wp-content\/uploads\/2025\/10\/emmanuel_diaz_img-20240312-wa0029.jpg\" alt=\"Emmanuel Diaz\" class=\"wp-image-75831\" srcset=\"https:\/\/www.zigarren.zone\/wp-content\/uploads\/2025\/10\/emmanuel_diaz_img-20240312-wa0029.jpg 1000w, https:\/\/www.zigarren.zone\/wp-content\/uploads\/2025\/10\/emmanuel_diaz_img-20240312-wa0029-768x614.jpg 768w, https:\/\/www.zigarren.zone\/wp-content\/uploads\/2025\/10\/emmanuel_diaz_img-20240312-wa0029-15x12.jpg 15w, https:\/\/www.zigarren.zone\/wp-content\/uploads\/2025\/10\/emmanuel_diaz_img-20240312-wa0029-624x499.jpg 624w\" sizes=\"(max-width: 1000px) 100vw, 1000px\" \/><\/figure>\n\n\n\n<div style=\"height:50px\" aria-hidden=\"true\" class=\"wp-block-spacer\"><\/div>\n\n\n\n<h2 class=\"wp-block-heading\" id=\"stolz-und-vermachtnis\">Orgoglio ed eredit\u00e0<\/h2>\n\n\n\n<p>Quando gli viene chiesto cosa lo riempie di orgoglio ogni volta che accende uno dei suoi sigari, risponde senza esitazione: \"Il fatto che cos\u00ec tante persone del settore abbiano provato i nostri sigari e si sentano in sintonia con loro - e che io sia il figlio di un rispettato maestro miscelatore\".<\/p>\n\n\n\n<p style=\"font-size:1em\">Una frase che dimostra che il suo orgoglio non si basa solo sul successo personale, ma sulla trasmissione di conoscenza, passione e rispetto, da una generazione all'altra.<\/p>\n\n\n\n<div style=\"height:50px\" aria-hidden=\"true\" class=\"wp-block-spacer\"><\/div>\n\n\n\n<figure class=\"wp-block-image size-full\"><img decoding=\"async\" width=\"1000\" height=\"800\" src=\"https:\/\/www.zigarren.zone\/wp-content\/uploads\/2025\/10\/emmanuel_diaz_mpp_8911.jpg\" alt=\"Emmanuel Diaz\" class=\"wp-image-75835\" srcset=\"https:\/\/www.zigarren.zone\/wp-content\/uploads\/2025\/10\/emmanuel_diaz_mpp_8911.jpg 1000w, https:\/\/www.zigarren.zone\/wp-content\/uploads\/2025\/10\/emmanuel_diaz_mpp_8911-768x614.jpg 768w, https:\/\/www.zigarren.zone\/wp-content\/uploads\/2025\/10\/emmanuel_diaz_mpp_8911-15x12.jpg 15w, https:\/\/www.zigarren.zone\/wp-content\/uploads\/2025\/10\/emmanuel_diaz_mpp_8911-624x499.jpg 624w\" sizes=\"(max-width: 1000px) 100vw, 1000px\" \/><\/figure>\n\n\n\n<div style=\"height:50px\" aria-hidden=\"true\" class=\"wp-block-spacer\"><\/div>\n\n\n\n<div style=\"height:50px\" aria-hidden=\"true\" class=\"wp-block-spacer\"><\/div>\n\n\n\n<h3 class=\"wp-block-heading\" id=\"bildnachweis\">Crediti d'immagine<\/h3>\n\n\n\n<ul class=\"wp-block-list\">\n<li>Emmanuel Diaz<\/li>\n<\/ul>\n\n\n\n<div style=\"height:50px\" aria-hidden=\"true\" class=\"wp-block-spacer\"><\/div>\n\n\n\n<h2 class=\"wp-block-heading\" id=\"ressourcen-zum-thema\">Risorse sul tema<\/h2>\n\n\n\n<p><a href=\"https:\/\/www.google.com\/search?q=Eladio+Diaz+Zigarren\" target=\"_blank\" rel=\"noopener\">Trova i sigari Eladio Diaz<\/a><\/p>\n\n\n\n<div style=\"height:50px\" aria-hidden=\"true\" class=\"wp-block-spacer\"><\/div>\n\n\n\n<div style=\"height:50px\" aria-hidden=\"true\" class=\"wp-block-spacer\"><\/div>\n\n\n\n<figure class=\"wp-block-image size-full is-resized\"><img decoding=\"async\" width=\"472\" height=\"708\" src=\"https:\/\/www.zigarren.zone\/wp-content\/uploads\/2024\/05\/vasilij_100_csf54279.jpg\" alt=\"\" class=\"wp-image-73395\" style=\"aspect-ratio:1;object-fit:contain;width:359px;height:auto\" srcset=\"https:\/\/www.zigarren.zone\/wp-content\/uploads\/2024\/05\/vasilij_100_csf54279.jpg 472w, https:\/\/www.zigarren.zone\/wp-content\/uploads\/2024\/05\/vasilij_100_csf54279-8x12.jpg 8w\" sizes=\"(max-width: 472px) 100vw, 472px\" \/><\/figure>\n\n\n\n<p><strong><strong>Pi\u00f9 fumo. Con me.\ud83d\udca8\ud83e\udd17<\/strong><\/strong><\/p>\n\n\n\n<p>YOUTUBE \ud83d\udcfa <a href=\"https:\/\/www.youtube.com\/@genussmitvasilij\" target=\"_blank\" rel=\"noreferrer noopener\">@genussmitvasilij\u00a0<\/a>\u00a0<\/p>\n\n\n\n<p>INSTAGRAM \ud83d\udcf8 <a href=\"https:\/\/www.instagram.com\/v4silij\/\" target=\"_blank\" rel=\"noreferrer noopener\">@v4silij\u00a0<\/a>\u00a0<\/p>\n\n\n\n<p>INSTAGRAM \ud83d\udcf8 <a href=\"https:\/\/www.instagram.com\/zigarrenzone\/\" target=\"_blank\" rel=\"noreferrer noopener\">@zigarrenzone\u00a0<\/a>\u00a0<\/p>\n\n\n\n<div style=\"height:50px\" aria-hidden=\"true\" class=\"wp-block-spacer\"><\/div>\n\n\n<nav aria-label=\"pangrattato\" class=\"rank-math-breadcrumb\"><p><span class=\"label\">Siete qui:<\/span> <span class=\"last\">Homepage<\/span><\/p><\/nav>","protected":false},"excerpt":{"rendered":"<p>Ho incontrato Emmanuel Diaz a Basilea presso la House of Smoke, dove ha presentato alcuni sigari prodotti da suo padre, il leggendario maestro blender Eladio Diaz.<\/p>","protected":false},"author":2,"featured_media":75833,"comment_status":"closed","ping_status":"closed","sticky":false,"template":"","format":"standard","meta":{"jetpack_post_was_ever_published":false,"_jetpack_newsletter_access":"","_jetpack_dont_email_post_to_subs":false,"_jetpack_newsletter_tier_id":0,"_jetpack_memberships_contains_paywalled_content":false,"_jetpack_memberships_contains_paid_content":false,"footnotes":""},"categories":[662],"tags":[6666],"class_list":["post-75824","post","type-post","status-publish","format-standard","has-post-thumbnail","hentry","category-marktplatz","tag-cigar-talks",""],"jetpack_featured_media_url":"https:\/\/www.zigarren.zone\/wp-content\/uploads\/2025\/10\/emmanuel_diaz_mpp_8491.jpg","jetpack_sharing_enabled":true,"_links":{"self":[{"href":"https:\/\/www.zigarren.zone\/it\/wp-json\/wp\/v2\/posts\/75824","targetHints":{"allow":["GET"]}}],"collection":[{"href":"https:\/\/www.zigarren.zone\/it\/wp-json\/wp\/v2\/posts"}],"about":[{"href":"https:\/\/www.zigarren.zone\/it\/wp-json\/wp\/v2\/types\/post"}],"author":[{"embeddable":true,"href":"https:\/\/www.zigarren.zone\/it\/wp-json\/wp\/v2\/users\/2"}],"replies":[{"embeddable":true,"href":"https:\/\/www.zigarren.zone\/it\/wp-json\/wp\/v2\/comments?post=75824"}],"version-history":[{"count":3,"href":"https:\/\/www.zigarren.zone\/it\/wp-json\/wp\/v2\/posts\/75824\/revisions"}],"predecessor-version":[{"id":75837,"href":"https:\/\/www.zigarren.zone\/it\/wp-json\/wp\/v2\/posts\/75824\/revisions\/75837"}],"wp:featuredmedia":[{"embeddable":true,"href":"https:\/\/www.zigarren.zone\/it\/wp-json\/wp\/v2\/media\/75833"}],"wp:attachment":[{"href":"https:\/\/www.zigarren.zone\/it\/wp-json\/wp\/v2\/media?parent=75824"}],"wp:term":[{"taxonomy":"category","embeddable":true,"href":"https:\/\/www.zigarren.zone\/it\/wp-json\/wp\/v2\/categories?post=75824"},{"taxonomy":"post_tag","embeddable":true,"href":"https:\/\/www.zigarren.zone\/it\/wp-json\/wp\/v2\/tags?post=75824"}],"curies":[{"name":"wp","href":"https:\/\/api.w.org\/{rel}","templated":true}]}}