{"id":74564,"date":"2025-07-28T13:06:32","date_gmt":"2025-07-28T11:06:32","guid":{"rendered":"https:\/\/www.zigarren.zone\/?p=74564"},"modified":"2025-08-11T22:05:41","modified_gmt":"2025-08-11T20:05:41","slug":"heinrich-villiger-deceduto","status":"publish","type":"post","link":"https:\/\/www.zigarren.zone\/it\/heinrich-villiger-verstorben\/","title":{"rendered":"Heinrich Villiger muore all'et\u00e0 di 95 anni - Il Gruppo Villiger rimane nelle mani della famiglia"},"content":{"rendered":"<p>Il Gruppo Villiger piange la scomparsa del suo storico Presidente del Consiglio di Amministrazione Heinrich Villiger, spentosi serenamente il 25 luglio 2025 all'et\u00e0 di 95 anni. La famiglia ha annunciato oggi la morte del carismatico imprenditore. Heinrich Villiger \u00e8 stato Presidente del Consiglio di Amministrazione di Villiger S\u00f6hne Holding AG e Villiger S\u00f6hne AG fino alla sua morte ed \u00e8 stato la terza generazione della famiglia a continuare la tradizione del produttore di sigari. Sotto la sua guida, Villiger si \u00e8 sviluppata con successo in una rinomata azienda internazionale. <\/p>\n\n\n\n<p>- Il Gruppo Villiger rimane a conduzione familiare<br>- Strategia a lungo termine da portare avanti<br>- Il vicepresidente Jvo Grundler diventa presidente del Consiglio di amministrazione<\/p>\n\n\n\n<div style=\"height:50px\" aria-hidden=\"true\" class=\"wp-block-spacer\"><\/div>\n\n\n\n<figure class=\"wp-block-image size-full\"><img decoding=\"async\" width=\"2560\" height=\"1733\" src=\"https:\/\/www.zigarren.zone\/wp-content\/uploads\/2025\/07\/Media-Release-Photo-Heinrich-Villiger-scaled.jpg\" alt=\"Heinrich Villiger \u00e8 morto \/ Foto: Agenzia di stampa Public Address\" class=\"wp-image-74566\" srcset=\"https:\/\/www.zigarren.zone\/wp-content\/uploads\/2025\/07\/Media-Release-Photo-Heinrich-Villiger-scaled.jpg 2560w, https:\/\/www.zigarren.zone\/wp-content\/uploads\/2025\/07\/Media-Release-Photo-Heinrich-Villiger-1000x677.jpg 1000w, https:\/\/www.zigarren.zone\/wp-content\/uploads\/2025\/07\/Media-Release-Photo-Heinrich-Villiger-768x520.jpg 768w, https:\/\/www.zigarren.zone\/wp-content\/uploads\/2025\/07\/Media-Release-Photo-Heinrich-Villiger-1536x1040.jpg 1536w, https:\/\/www.zigarren.zone\/wp-content\/uploads\/2025\/07\/Media-Release-Photo-Heinrich-Villiger-2048x1387.jpg 2048w, https:\/\/www.zigarren.zone\/wp-content\/uploads\/2025\/07\/Media-Release-Photo-Heinrich-Villiger-18x12.jpg 18w, https:\/\/www.zigarren.zone\/wp-content\/uploads\/2025\/07\/Media-Release-Photo-Heinrich-Villiger-624x422.jpg 624w\" sizes=\"(max-width: 2560px) 100vw, 2560px\" \/><figcaption class=\"wp-element-caption\">Foto: Agenzia di stampa Public Address<\/figcaption><\/figure>\n\n\n\n<div style=\"height:10px\" aria-hidden=\"true\" class=\"wp-block-spacer\"><\/div>\n\n\n\n<h4 class=\"wp-block-heading\" id=\"h-beschreibung-des-bildes\" style=\"font-size:1em\"><strong>\u00c8 morto Heinrich Villiger, gran signore dell'industria del sigaro.<br><\/strong><\/h4>\n\n\n\n<div style=\"height:50px\" aria-hidden=\"true\" class=\"wp-block-spacer\"><\/div>\n\n\n\n<p><strong>Corina Villiger<\/strong>La figlia maggiore di Heinrich Villiger, membro del Consiglio di Amministrazione, rende omaggio alla sua vita:<\/p>\n\n\n\n<p>\"\u00c8 con gratitudine che salutiamo nostro padre Heinrich Villiger, che ha guidato con grande impegno l'azienda di famiglia Villiger dal punto di vista strategico e operativo per 75 anni. Amava i sigari e i cigarillos, era un imprenditore appassionato e un coraggioso visionario che ha lasciato un segno duraturo nell'industria del tabacco in Svizzera e altrove. Nostro padre ha lasciato un grande vuoto, il che rende ancora pi\u00f9 speciale per noi avere il privilegio di continuare la tradizione dell'azienda di famiglia nella quarta e quinta generazione.<\/p>\n\n\n\n<p>Nipote di Corina Villiger e Heinrich Villiger <strong>Lucien Villiger<\/strong> sono stati attivi nel Consiglio di amministrazione per molti anni e continueranno a farlo insieme a <strong>Rolf Kaufmann<\/strong> rappresentare la famiglia in questo comitato.<\/p>\n\n\n\n<p>Nel corso di una regolare pianificazione della successione, Heinrich Villiger aveva stabilito che la <strong>Jvo Grundler<\/strong> assumer\u00e0 la carica di Presidente del Consiglio di Amministrazione del Gruppo Villiger con effetto immediato. L'esperto avvocato era vicepresidente del Consiglio di amministrazione dal 2020 ed era considerato uno stretto confidente di Heinrich Villiger. Su sua richiesta, Grundler \u00e8 stato nominato membro indipendente del Consiglio di amministrazione per tutelare in egual misura gli interessi della famiglia e dei suoi discendenti. Jvo Grundler \u00e8 membro di diversi consigli di amministrazione e di fondazioni.<\/p>\n\n\n\n<p>\"Heinrich Villiger era un mecenate della vecchia scuola che sapeva come ispirare dipendenti, clienti e partner commerciali con la sua esperienza unica, il suo spirito innovativo e il suo pensiero imprenditoriale. Ci mancher\u00e0 molto\", afferma Jvo Grundler. \"Allo stesso tempo, mi sento obbligato e onorato di continuare a sviluppare con successo la strategia a lungo termine del Gruppo Villiger - insieme al Consiglio di Amministrazione, al management e ai team di tutto il mondo - nello spirito dell'imprenditore Heinrich Villiger e della sua famiglia.\"<\/p>\n\n\n\n<h3 class=\"wp-block-heading\">Informazioni sul Gruppo Villiger<\/h3>\n\n\n\n<p style=\"font-size:1em\">Villiger S\u00f6hne Holding AG, con sede a Pfeffikon, \u00e8 un produttore svizzero di sigari e sigaretti attivo a livello internazionale. Oggi Villiger \u00e8 uno dei leader di mercato del settore in Europa. L'azienda a conduzione familiare produce circa 1 miliardo di sigari e sigaretti all'anno, impiega oltre 1200 persone e genera un fatturato annuo di circa 140 milioni di franchi svizzeri.<br>Il Gruppo Villiger esporta in 80 Paesi del mondo. La produzione \u00e8 concentrata in sei sedi, la sede centrale dell'azienda in Svizzera (Pfeffikon, Lucerna), un altro stabilimento con amministrazione in Germania (Waldshut-Tiengen e B\u00fcnde-D\u00fcnne), Brasile (regione di Bahia), Indonesia (Jember\/Java orientale) e, dal 2021, in una joint venture in Nicaragua (Esteli).<br><\/p>\n\n\n\n<p style=\"font-size:1em\">Il nonno di Heinrich Villiger, Jean Villiger, fond\u00f2 la fabbrica di sigari di Pfeffikon come uomo d'affari di 28 anni nel 1888. Dopo la sua morte prematura nel 1902, la moglie Louise Villiger assunse la direzione dell'azienda e si espanse con successo all'estero, inizialmente in Germania. Nel 1918 pass\u00f2 le redini ai figli Hans e Max Villiger. Heinrich Villiger entr\u00f2 in azienda nel 1950.<\/p>\n\n\n\n<div style=\"height:50px\" aria-hidden=\"true\" class=\"wp-block-spacer\"><\/div>\n\n\n\n<h3 class=\"wp-block-heading\" id=\"bildnachweis\">Per celebrare il 30\u00b0 anniversario nel 2019, ho realizzato un cortometraggio sulla storia della 5TH Avenue con Heinrich Villiger:<\/h3>\n\n\n\n<figure class=\"wp-block-embed is-type-video is-provider-youtube wp-block-embed-youtube wp-embed-aspect-16-9 wp-has-aspect-ratio\"><div class=\"wp-block-embed__wrapper\">\n<iframe title=\"Il mecenate del tabacco Heinrich Villiger si spegne all&#039;et\u00e0 di 95 anni\" width=\"640\" height=\"360\" src=\"https:\/\/www.youtube.com\/embed\/uIk5XKlLnaI?feature=oembed\" frameborder=\"0\" allow=\"accelerometer; autoplay; clipboard-write; encrypted-media; gyroscope; picture-in-picture; web-share\" referrerpolicy=\"strict-origin-when-cross-origin\" allowfullscreen><\/iframe>\n<\/div><\/figure>\n\n\n\n<div style=\"height:50px\" aria-hidden=\"true\" class=\"wp-block-spacer\"><\/div>\n\n\n\n<div style=\"height:50px\" aria-hidden=\"true\" class=\"wp-block-spacer\"><\/div>\n\n\n<nav aria-label=\"pangrattato\" class=\"rank-math-breadcrumb\"><p><span class=\"label\">Siete qui:<\/span> <span class=\"last\">Homepage<\/span><\/p><\/nav>","protected":false},"excerpt":{"rendered":"<p>Il Gruppo Villiger piange la scomparsa del suo storico Presidente del Consiglio di Amministrazione Heinrich Villiger, spentosi serenamente il 25 luglio 2025 all'et\u00e0 di 95 anni. La famiglia...<\/p>","protected":false},"author":2,"featured_media":74571,"comment_status":"closed","ping_status":"closed","sticky":false,"template":"","format":"standard","meta":{"jetpack_post_was_ever_published":false,"_jetpack_newsletter_access":"","_jetpack_dont_email_post_to_subs":false,"_jetpack_newsletter_tier_id":0,"_jetpack_memberships_contains_paywalled_content":false,"_jetpack_memberships_contains_paid_content":false,"footnotes":""},"categories":[662],"tags":[],"class_list":["post-74564","post","type-post","status-publish","format-standard","has-post-thumbnail","hentry","category-marktplatz",""],"jetpack_featured_media_url":"https:\/\/www.zigarren.zone\/wp-content\/uploads\/2025\/07\/tabak-patron-heinrich-villiger-i.jpg","jetpack_sharing_enabled":true,"_links":{"self":[{"href":"https:\/\/www.zigarren.zone\/it\/wp-json\/wp\/v2\/posts\/74564","targetHints":{"allow":["GET"]}}],"collection":[{"href":"https:\/\/www.zigarren.zone\/it\/wp-json\/wp\/v2\/posts"}],"about":[{"href":"https:\/\/www.zigarren.zone\/it\/wp-json\/wp\/v2\/types\/post"}],"author":[{"embeddable":true,"href":"https:\/\/www.zigarren.zone\/it\/wp-json\/wp\/v2\/users\/2"}],"replies":[{"embeddable":true,"href":"https:\/\/www.zigarren.zone\/it\/wp-json\/wp\/v2\/comments?post=74564"}],"version-history":[{"count":0,"href":"https:\/\/www.zigarren.zone\/it\/wp-json\/wp\/v2\/posts\/74564\/revisions"}],"wp:featuredmedia":[{"embeddable":true,"href":"https:\/\/www.zigarren.zone\/it\/wp-json\/wp\/v2\/media\/74571"}],"wp:attachment":[{"href":"https:\/\/www.zigarren.zone\/it\/wp-json\/wp\/v2\/media?parent=74564"}],"wp:term":[{"taxonomy":"category","embeddable":true,"href":"https:\/\/www.zigarren.zone\/it\/wp-json\/wp\/v2\/categories?post=74564"},{"taxonomy":"post_tag","embeddable":true,"href":"https:\/\/www.zigarren.zone\/it\/wp-json\/wp\/v2\/tags?post=74564"}],"curies":[{"name":"wp","href":"https:\/\/api.w.org\/{rel}","templated":true}]}}