{"id":74058,"date":"2025-06-05T09:34:08","date_gmt":"2025-06-05T07:34:08","guid":{"rendered":"https:\/\/www.zigarren.zone\/?p=74058"},"modified":"2025-06-06T07:25:40","modified_gmt":"2025-06-06T05:25:40","slug":"150-anni-di-davidoff-con-la-zona-sigari-tour-esclusivo-alla-maison-davidoff-basel","status":"publish","type":"post","link":"https:\/\/www.zigarren.zone\/it\/mit-zigarren-zone-150-jahre-davidoff-erleben-exklusive-tour-im-maison-davidoff-basel\/","title":{"rendered":"Vivere 150 anni di Davidoff con Zigarren.Zone - tour esclusivo della Maison Davidoff di Basilea"},"content":{"rendered":"<h2 class=\"wp-block-heading\">L'EVENTO \u00c8 ESAURITO.<\/h2>\n\n\n\n<p>Vivete una serata indimenticabile nel cuore di Basilea: marted\u00ec 29 luglio 2025, la leggendaria Maison Davidoff aprir\u00e0 le sue porte in esclusiva per la community di Cigars.zone a 20 ospiti. Un'occasione unica per dare uno sguardo dietro le quinte di una delle pi\u00f9 importanti case di sigari del mondo.<\/p>\n\n\n\n<div style=\"height:50px\" aria-hidden=\"true\" class=\"wp-block-spacer\"><\/div>\n\n\n\n<figure class=\"wp-block-image size-full\"><img decoding=\"async\" width=\"939\" height=\"340\" src=\"https:\/\/www.zigarren.zone\/wp-content\/uploads\/2025\/06\/150-Jahre-Oettinger-Davidoff-Logo-WEB.png\" alt=\"\" class=\"wp-image-74060\" srcset=\"https:\/\/www.zigarren.zone\/wp-content\/uploads\/2025\/06\/150-Jahre-Oettinger-Davidoff-Logo-WEB.png 939w, https:\/\/www.zigarren.zone\/wp-content\/uploads\/2025\/06\/150-Jahre-Oettinger-Davidoff-Logo-WEB-768x278.png 768w, https:\/\/www.zigarren.zone\/wp-content\/uploads\/2025\/06\/150-Jahre-Oettinger-Davidoff-Logo-WEB-18x7.png 18w, https:\/\/www.zigarren.zone\/wp-content\/uploads\/2025\/06\/150-Jahre-Oettinger-Davidoff-Logo-WEB-624x226.png 624w\" sizes=\"(max-width: 939px) 100vw, 939px\" \/><\/figure>\n\n\n\n<figure class=\"wp-block-image size-full\"><img decoding=\"async\" width=\"1000\" height=\"668\" src=\"https:\/\/www.zigarren.zone\/wp-content\/uploads\/2025\/06\/150-Jahre-Oettinger-Davidoff-Maison-WEB.jpg\" alt=\"\" class=\"wp-image-74059\" srcset=\"https:\/\/www.zigarren.zone\/wp-content\/uploads\/2025\/06\/150-Jahre-Oettinger-Davidoff-Maison-WEB.jpg 1000w, https:\/\/www.zigarren.zone\/wp-content\/uploads\/2025\/06\/150-Jahre-Oettinger-Davidoff-Maison-WEB-768x513.jpg 768w, https:\/\/www.zigarren.zone\/wp-content\/uploads\/2025\/06\/150-Jahre-Oettinger-Davidoff-Maison-WEB-18x12.jpg 18w, https:\/\/www.zigarren.zone\/wp-content\/uploads\/2025\/06\/150-Jahre-Oettinger-Davidoff-Maison-WEB-624x417.jpg 624w\" sizes=\"(max-width: 1000px) 100vw, 1000px\" \/><\/figure>\n\n\n\n<div style=\"height:10px\" aria-hidden=\"true\" class=\"wp-block-spacer\"><\/div>\n\n\n\n<h4 class=\"wp-block-heading\" id=\"h-beschreibung-des-bildes\" style=\"font-size:1em\"><strong>Scoprite l'esclusivo house tour di cigar.zone presso la sede globale di Davidoff<\/strong> il 29.07.25.<\/h4>\n\n\n\n<div style=\"height:50px\" aria-hidden=\"true\" class=\"wp-block-spacer\"><\/div>\n\n\n\n<h2 class=\"wp-block-heading\">Cosa ci si pu\u00f2 aspettare<\/h2>\n\n\n\n<ul class=\"wp-block-list\">\n<li>Visita guidata esclusiva della Maison Davidoff - la sede globale di Oettinger Davidoff<\/li>\n\n\n\n<li>Viaggio nel tempo attraverso 150 anni di storia dell'azienda<\/li>\n\n\n\n<li>Finale in stile in giardino con aperitivo e sigaro (nelle due cigar lounge in caso di pioggia)<\/li>\n\n\n\n<li>Durata: dalle 18:00 alle 21:00 - tre ore piene di divertimento e ispirazione<\/li>\n<\/ul>\n\n\n\n<h2 class=\"wp-block-heading\">Per i veri appassionati<\/h2>\n\n\n\n<p>Questo evento \u00e8 <strong>gratuito<\/strong>e i posti sono limitati a 20 persone. Solo previa registrazione per adulti a partire dai 18 anni.<\/p>\n\n\n\n<h2 class=\"wp-block-heading\">Dovresti sapere che<\/h2>\n\n\n\n<ul class=\"wp-block-list\">\n<li>La visita guidata \u00e8 in tedesco.<\/li>\n\n\n\n<li>Ingresso a partire dai 18 anni - si prega di avere un documento d'identit\u00e0 pronto per motivi di sicurezza.<\/li>\n\n\n\n<li>\u00c8 possibile prenotare fino a due biglietti: non esitate a portare un accompagnatore!<\/li>\n\n\n\n<li>Viaggiare con i mezzi pubblici, poich\u00e9 non ci sono parcheggi disponibili in loco.<\/li>\n\n\n\n<li>\ud83d\udc49 Importante \ud83d\udc49 Se non potete partecipare, vi preghiamo di comunicarcelo per tempo in modo che qualcun altro possa prendere il posto che si \u00e8 reso disponibile.<\/li>\n\n\n\n<li>Durante l'evento verranno scattate e pubblicate foto e filmati.<\/li>\n<\/ul>\n\n\n\n<h2 class=\"wp-block-heading\">L'EVENTO \u00c8 ESAURITO.<\/h2>\n\n\n\n<p><strong>I biglietti saranno assegnati in base all'ordine di iscrizione.<\/strong><br>Se l'evento \u00e8 gi\u00e0 al completo, sar\u00f2 lieta di mettervi in lista d'attesa - se qualcuno cancella, sarete informati.<\/p>\n\n\n\n<p style=\"font-size:1em\">Non vediamo l'ora di condividere con voi questo momento speciale!<\/p>\n\n\n\n<div style=\"height:50px\" aria-hidden=\"true\" class=\"wp-block-spacer\"><\/div>\n\n\n\n<figure class=\"wp-block-image size-full is-resized\"><img decoding=\"async\" width=\"472\" height=\"708\" src=\"https:\/\/www.zigarren.zone\/wp-content\/uploads\/2024\/05\/vasilij_100_csf54279.jpg\" alt=\"\" class=\"wp-image-73395\" style=\"aspect-ratio:1;object-fit:contain;width:359px;height:auto\" srcset=\"https:\/\/www.zigarren.zone\/wp-content\/uploads\/2024\/05\/vasilij_100_csf54279.jpg 472w, https:\/\/www.zigarren.zone\/wp-content\/uploads\/2024\/05\/vasilij_100_csf54279-8x12.jpg 8w\" sizes=\"(max-width: 472px) 100vw, 472px\" \/><\/figure>\n\n\n\n<p><strong><strong>Pi\u00f9 fumo. Con me.\ud83d\udca8\ud83e\udd17<\/strong><\/strong><\/p>\n\n\n\n<p>YOUTUBE \ud83d\udcfa <a href=\"https:\/\/www.youtube.com\/@genussmitvasilij\" target=\"_blank\" rel=\"noreferrer noopener\">@genussmitvasilij\u00a0<\/a>\u00a0<\/p>\n\n\n\n<p>INSTAGRAM \ud83d\udcf8 <a href=\"https:\/\/www.instagram.com\/v4silij\/\" target=\"_blank\" rel=\"noreferrer noopener\">@v4silij\u00a0<\/a>\u00a0<\/p>\n\n\n\n<p>INSTAGRAM \ud83d\udcf8 <a href=\"https:\/\/www.instagram.com\/zigarrenzone\/\" target=\"_blank\" rel=\"noreferrer noopener\">@zigarrenzone\u00a0<\/a>\u00a0<\/p>\n\n\n\n<div style=\"height:50px\" aria-hidden=\"true\" class=\"wp-block-spacer\"><\/div>\n\n\n<nav aria-label=\"pangrattato\" class=\"rank-math-breadcrumb\"><p><span class=\"label\">Siete qui:<\/span> <span class=\"last\">Homepage<\/span><\/p><\/nav>","protected":false},"excerpt":{"rendered":"<p>L'EVENTO \u00c8 ESAURITO. Vivete una serata indimenticabile nel cuore di Basilea: marted\u00ec 29 luglio 2025, la leggendaria Maison Davidoff aprir\u00e0 le sue porte esclusivamente...<\/p>","protected":false},"author":2,"featured_media":74067,"comment_status":"open","ping_status":"closed","sticky":false,"template":"","format":"standard","meta":{"jetpack_post_was_ever_published":false,"_jetpack_newsletter_access":"","_jetpack_dont_email_post_to_subs":false,"_jetpack_newsletter_tier_id":0,"_jetpack_memberships_contains_paywalled_content":false,"_jetpack_memberships_contains_paid_content":false,"footnotes":""},"categories":[662],"tags":[],"class_list":["post-74058","post","type-post","status-publish","format-standard","has-post-thumbnail","hentry","category-marktplatz",""],"jetpack_featured_media_url":"https:\/\/www.zigarren.zone\/wp-content\/uploads\/2025\/06\/150-Jahre-Oettinger-Event.jpg","jetpack_sharing_enabled":true,"_links":{"self":[{"href":"https:\/\/www.zigarren.zone\/it\/wp-json\/wp\/v2\/posts\/74058","targetHints":{"allow":["GET"]}}],"collection":[{"href":"https:\/\/www.zigarren.zone\/it\/wp-json\/wp\/v2\/posts"}],"about":[{"href":"https:\/\/www.zigarren.zone\/it\/wp-json\/wp\/v2\/types\/post"}],"author":[{"embeddable":true,"href":"https:\/\/www.zigarren.zone\/it\/wp-json\/wp\/v2\/users\/2"}],"replies":[{"embeddable":true,"href":"https:\/\/www.zigarren.zone\/it\/wp-json\/wp\/v2\/comments?post=74058"}],"version-history":[{"count":0,"href":"https:\/\/www.zigarren.zone\/it\/wp-json\/wp\/v2\/posts\/74058\/revisions"}],"wp:featuredmedia":[{"embeddable":true,"href":"https:\/\/www.zigarren.zone\/it\/wp-json\/wp\/v2\/media\/74067"}],"wp:attachment":[{"href":"https:\/\/www.zigarren.zone\/it\/wp-json\/wp\/v2\/media?parent=74058"}],"wp:term":[{"taxonomy":"category","embeddable":true,"href":"https:\/\/www.zigarren.zone\/it\/wp-json\/wp\/v2\/categories?post=74058"},{"taxonomy":"post_tag","embeddable":true,"href":"https:\/\/www.zigarren.zone\/it\/wp-json\/wp\/v2\/tags?post=74058"}],"curies":[{"name":"wp","href":"https:\/\/api.w.org\/{rel}","templated":true}]}}