{"id":73295,"date":"2025-04-15T20:47:57","date_gmt":"2025-04-15T18:47:57","guid":{"rendered":"https:\/\/www.zigarren.zone\/?p=73295"},"modified":"2025-08-21T22:50:58","modified_gmt":"2025-08-21T20:50:58","slug":"per-la-prima-volta-allhabanos-festival-lanteprima-su-youtube","status":"publish","type":"post","link":"https:\/\/www.zigarren.zone\/it\/zum-ersten-mal-am-habanos-festival-die-youtube-premiere\/","title":{"rendered":"Per la prima volta al Festival Habanos - La prima di YouTube con cuore, fumo e tanto divertimento"},"content":{"rendered":"<p>Festival Habanos \/ 15 aprile 2025, ore 20:00 - il conto alla rovescia \u00e8 iniziato. 83 spettatori stanno guardando in diretta la prima del documentario di viaggio \"Per la prima volta al Festival Habanos\" su YouTube. Segue un filmato di 37 minuti pieno di curiosit\u00e0, divertimento e tanto fascino cubano.<\/p>\n\n\n\n<blockquote class=\"wp-block-quote is-layout-flow wp-block-quote-is-layout-flow\">\n<p style=\"font-size:18px\">\ud83d\udc49 <strong>Prima di andare avanti:<\/strong> Ricevete storie esclusive sui sigari, consigli privilegiati e conoscenze di base - solo per gli abbonati. Nessuna pubblicit\u00e0. Solo puro divertimento. <a href=\"https:\/\/www.zigarren.zone\/insider\/\">Ora <strong><span style=\"text-decoration: underline;\">gratuito<\/span><\/strong> Diventa un INSIDER di cigar.zone<\/a>. SOLO IN LINGUA TEDESCA.<\/p>\n<\/blockquote>\n\n\n\n<div class=\"wp-block-rank-math-toc-block\" id=\"rank-math-toc\"><h2>Lo potete sperimentare nel video e in questo articolo<\/h2><nav><ul><li class=\"\"><a href=\"#zum-allerersten-mal\">Per la prima volta<\/a><\/li><li class=\"\"><a href=\"#wahrend-der-premiere-lief-im-chat-der-you-tube-stream-heiss\">Durante la premi\u00e8re, il flusso di YouTube \u00e8 andato a ruba nella chat<\/a><\/li><li class=\"\"><a href=\"#ein-paar-highlights-aus-dem-chat-gerne\">Alcuni punti salienti della chiacchierata? Volentieri:<\/a><\/li><li class=\"\"><a href=\"#das-ist-das-separate-video-uber-den-tabakanbau-trocknung-etc\">Questo \u00e8 il video separato sulla coltivazione, l'essiccazione, ecc. del tabacco.<\/a><\/li><li class=\"\"><a href=\"#was-sagen-zi-zo-freunde-daruber-die-den-film-vor-der-premiere-sehen-konnten\">Cosa ne pensano gli amici di ZiZo che hanno potuto vedere il film prima della prima?<\/a><\/li><li class=\"\"><a href=\"#fazit\">Conclusione<\/a><\/li><li class=\"\"><a href=\"#h-was-ist-deine-meinung-zu-diesem-beitrag-hinterlasse-uns-einen-kurzen-kommentar-ohne-registrierung-im-anschluss-an-diesen-beitrag\">Siete mai stati al Festival Habanos? Com'\u00e8 stata la vostra esperienza? Lasciateci un breve commento! Senza registrazione, seguendo questo post.<\/a><\/li><\/ul><\/nav><\/div>\n\n\n\n<h4 class=\"wp-block-heading\" id=\"bei-vimeo-schauen-falls-du-keinen-you-tube-account-hast\">Guardare su Vimeo se non si dispone di un account YouTube<\/h4>\n\n\n\n<figure class=\"wp-block-embed is-type-video is-provider-vimeo wp-block-embed-vimeo\"><div class=\"wp-block-embed__wrapper\">\n<iframe title=\"Habanos Festival 2025 - Il viaggio definitivo di Thomas, con l&#039;esperta di Habanos Claudia Puszkar\" src=\"https:\/\/player.vimeo.com\/video\/1068397960?dnt=1&amp;app_id=122963\" width=\"640\" height=\"338\" frameborder=\"0\" allow=\"autoplay; fullscreen; picture-in-picture; clipboard-write; encrypted-media\"><\/iframe>\n<\/div><\/figure>\n\n\n\n<div style=\"height:50px\" aria-hidden=\"true\" class=\"wp-block-spacer\"><\/div>\n\n\n\n<h4 class=\"wp-block-heading\" id=\"bei-you-tube-schauen-falls-du-einen-account-hast\">Guardate su YouTube se avete un account<\/h4>\n\n\n\n<figure class=\"wp-block-image size-full\"><a href=\"https:\/\/youtu.be\/DwKks5n3QEQ\" target=\"_blank\" rel=\"noopener\"><img decoding=\"async\" width=\"1000\" height=\"563\" src=\"https:\/\/www.zigarren.zone\/wp-content\/uploads\/2025\/04\/cover_habanos_festival_25.jpg\" alt=\"Habanos Festival \/ 15 aprile 2025, ore 20:00 - il conto alla rovescia \u00e8 iniziato. 83 spettatori stanno guardando in diretta su YouTube la prima del documentario di viaggio ...\" class=\"wp-image-73412\" srcset=\"https:\/\/www.zigarren.zone\/wp-content\/uploads\/2025\/04\/cover_habanos_festival_25.jpg 1000w, https:\/\/www.zigarren.zone\/wp-content\/uploads\/2025\/04\/cover_habanos_festival_25-768x432.jpg 768w, https:\/\/www.zigarren.zone\/wp-content\/uploads\/2025\/04\/cover_habanos_festival_25-18x10.jpg 18w, https:\/\/www.zigarren.zone\/wp-content\/uploads\/2025\/04\/cover_habanos_festival_25-624x351.jpg 624w\" sizes=\"(max-width: 1000px) 100vw, 1000px\" \/><\/a><\/figure>\n\n\n\n<div style=\"height:50px\" aria-hidden=\"true\" class=\"wp-block-spacer\"><\/div>\n\n\n\n<h2 class=\"wp-block-heading\" id=\"zum-allerersten-mal\">Per la prima volta<\/h2>\n\n\n\n<p style=\"font-size:1em\">Nel ruolo di protagonista: <strong>Thomas Kobel<\/strong>un appassionato di sigari che realizza il sogno di una vita. Per la prima volta, si reca in viaggio per <strong>Cuba<\/strong>partecipa alla leggendaria <strong>Festival Habanos<\/strong> e sperimenta la sua prima <strong>Cohiba<\/strong>.<\/p>\n\n\n\n<p>Il film ci accompagna in un viaggio emozionale. Dalla meticolosa preparazione di Thomas a casa, in Svizzera, alle prime impressioni all'Avana, alla meravigliosa piantagione di tabacco di <strong>H\u00e9ctor Luis<\/strong> in <strong>Pinar del R\u00edo<\/strong>. L\u00ec non solo sperimenta da vicino la raccolta del tabacco, ma prova anche un sigaro. <strong>rotolare a mano<\/strong> - un momento che lo lascia senza parole (cosa davvero rara con Thomas \ud83d\ude04).<\/p>\n\n\n\n<h2 class=\"wp-block-heading\" id=\"wahrend-der-premiere-lief-im-chat-der-you-tube-stream-heiss\">Durante la premi\u00e8re, il flusso di YouTube \u00e8 andato a ruba nella chat<\/h2>\n\n\n\n<p><strong>Tommaso<\/strong>, <strong>Claudia<\/strong> (dal team del film) e <strong>Vasilij<\/strong> (regista, operatore, montatore) ha chiacchierato in diretta con gli spettatori, rispondendo alle domande e ridendo dei piccoli aneddoti delle riprese.<\/p>\n\n\n\n<h2 class=\"wp-block-heading\" id=\"ein-paar-highlights-aus-dem-chat-gerne\">Alcuni punti salienti della chiacchierata? Volentieri:<\/h2>\n\n\n\n<p>\ud83d\udcac La telecamera di Thomas \u00e8 un'idea interessante.&nbsp;<\/p>\n\n\n\n<p>\ud83d\udcac Ricordate la gonna di rafia! \ud83d\ude1c<\/p>\n\n\n\n<p>\ud83d\udcac Roba da turisti! \ud83e\udd23<\/p>\n\n\n\n<p>\ud83d\udcac Un dipinto di sabbia - wow!<\/p>\n\n\n\n<p>\ud83d\udcac Oh, lo shopping \u00e8 cos\u00ec faticoso \u263a\ufe0f <\/p>\n\n\n\n<p>\ud83d\udcac \"Influencer\" Fotoooo, siete dei ragazzi \ud83e\udd23\ud83e\udd23\ud83e\udd23\ud83e\udd23<\/p>\n\n\n\n<p>\ud83d\udcac grandi immagini da Laguito<\/p>\n\n\n\n<p>\ud83d\udcac Al Capitolio: Il miglior evento Habanos a Cuba da anni!<\/p>\n\n\n\n<p>Hector Luis ha davvero la finca pi\u00f9 bella, non c'\u00e8 dubbio.<\/p>\n\n\n\n<p>\ud83d\udcac Gli aghi sembrano pericolosi!<\/p>\n\n\n\n<p>\ud83d\udcac Serata di gala: non si vede, ma faceva davvero freddo l\u00ec dentro<\/p>\n\n\n\n<p>\ud83d\udcac Yeahaaaa - Vasilij con l'hip swing \ud83e\udd23\ud83e\udd23\ud83e\udd23\ud83e\udd23 e Baschtr\u00f6ckliii<\/p>\n\n\n\n<h2 class=\"wp-block-heading\" id=\"das-ist-das-separate-video-uber-den-tabakanbau-trocknung-etc\">Questo \u00e8 il video separato sulla coltivazione, l'essiccazione, ecc. del tabacco.<\/h2>\n\n\n\n<div style=\"height:50px\" aria-hidden=\"true\" class=\"wp-block-spacer\"><\/div>\n\n\n\n<figure class=\"wp-block-image size-full\"><a href=\"https:\/\/youtu.be\/rBUW2Q0q1vI\" target=\"_blank\" rel=\"noopener\"><img decoding=\"async\" width=\"1000\" height=\"560\" src=\"https:\/\/www.zigarren.zone\/wp-content\/uploads\/2025\/04\/cover_so_entsteht_eine_zigarre_in_kuba.jpg\" alt=\"\" class=\"wp-image-73414\" srcset=\"https:\/\/www.zigarren.zone\/wp-content\/uploads\/2025\/04\/cover_so_entsteht_eine_zigarre_in_kuba.jpg 1000w, https:\/\/www.zigarren.zone\/wp-content\/uploads\/2025\/04\/cover_so_entsteht_eine_zigarre_in_kuba-768x430.jpg 768w, https:\/\/www.zigarren.zone\/wp-content\/uploads\/2025\/04\/cover_so_entsteht_eine_zigarre_in_kuba-18x10.jpg 18w, https:\/\/www.zigarren.zone\/wp-content\/uploads\/2025\/04\/cover_so_entsteht_eine_zigarre_in_kuba-624x349.jpg 624w\" sizes=\"(max-width: 1000px) 100vw, 1000px\" \/><\/a><\/figure>\n\n\n\n<h2 class=\"wp-block-heading\" id=\"was-sagen-zi-zo-freunde-daruber-die-den-film-vor-der-premiere-sehen-konnten\">Cosa ne pensano gli amici di ZiZo che hanno potuto vedere il film prima della prima?<\/h2>\n\n\n\n<hr class=\"wp-block-separator has-css-opacity is-style-default\"\/>\n\n\n<div class=\"wp-block-image is-style-rounded\">\n<figure class=\"aligncenter size-full is-resized\"><img decoding=\"async\" width=\"336\" height=\"400\" src=\"https:\/\/www.zigarren.zone\/wp-content\/uploads\/2023\/07\/Im-Herzen-Havannas-Testimonial-Annette-Meisl-WEB.jpg\" alt=\"\" class=\"wp-image-65289\" style=\"aspect-ratio:1;object-fit:cover;width:170px;height:auto\" srcset=\"https:\/\/www.zigarren.zone\/wp-content\/uploads\/2023\/07\/Im-Herzen-Havannas-Testimonial-Annette-Meisl-WEB.jpg 336w, https:\/\/www.zigarren.zone\/wp-content\/uploads\/2023\/07\/Im-Herzen-Havannas-Testimonial-Annette-Meisl-WEB-10x12.jpg 10w\" sizes=\"(max-width: 336px) 100vw, 336px\" \/><\/figure>\n<\/div>\n\n\n<blockquote class=\"wp-block-quote has-text-align-center is-style-large has-medium-font-size is-layout-flow wp-block-quote-is-layout-flow\">\n<p class=\"has-medium-font-size\">In quanto proprietario di una fabbrica di sigari e amante da sempre di Cuba, questo film mi ha subito conquistato. Vasilij Ratej accompagna il protagonista Thomas nel suo viaggio verso il Festival Habanos. Il risultato non \u00e8 un classico film pubblicitario, ma uno sguardo personale e pacato su un mondo di tradizione e artigianato.<\/p>\n\n\n\n<p class=\"has-medium-font-size\">Particolarmente belle: le scene con Claudia Puszkar, che ci guida attraverso L'Avana e il festival con grande competenza. Il suo amore per i sigari \u00e8 palpabile senza mai risultare predicatorio.<\/p>\n\n\n\n<p class=\"has-medium-font-size\">Spesso la fotocamera rimane ferma pi\u00f9 a lungo di quanto si sia abituati. Questo \u00e8 un bene. Crea spazio. Per i volti. Per le mani. Per gli stati d'animo.<\/p>\n\n\n\n<p class=\"has-medium-font-size\">Mi hanno particolarmente colpito gli approfondimenti sulle fabbriche. Le persone che vi lavorano possono dire la loro. Si percepisce il rispetto che il regista ha per loro.<\/p>\n\n\n\n<p class=\"has-medium-font-size\">Anche la musica calma e il montaggio ben riuscito lo dimostrano: Qualcuno voleva davvero raccontare una storia, non solo mostrarla. Ratej si prende il suo tempo. Questo \u00e8 diventato raro.<\/p>\n\n\n\n<p class=\"has-medium-font-size\">Per me questo film \u00e8 un piccolo regalo. Una dichiarazione d'amore a Cuba e all'artigianato. E per chi, come me, non solo fuma sigari ma vuole anche capirli, vale assolutamente la pena di vederlo.<\/p>\n\n\n\n<p class=\"has-medium-font-size\">Hasta la Vista!<\/p>\n<cite>- Annette Meisl, <em><a href=\"https:\/\/lagalana.de\/\" target=\"_blank\" rel=\"noreferrer noopener\">LA GALANA<\/a><\/em><\/cite><\/blockquote>\n\n\n\n<hr class=\"wp-block-separator has-css-opacity is-style-default\"\/>\n\n\n\n<hr class=\"wp-block-separator has-css-opacity is-style-default\"\/>\n\n\n<div class=\"wp-block-image is-style-rounded\">\n<figure class=\"aligncenter size-full is-resized\"><img decoding=\"async\" width=\"434\" height=\"420\" src=\"https:\/\/www.zigarren.zone\/wp-content\/uploads\/2025\/04\/Bildschirmfoto-2025-04-03-um-17.26.52.png\" alt=\"\" class=\"wp-image-73206\" style=\"width:150px;height:150px\" srcset=\"https:\/\/www.zigarren.zone\/wp-content\/uploads\/2025\/04\/Bildschirmfoto-2025-04-03-um-17.26.52.png 434w, https:\/\/www.zigarren.zone\/wp-content\/uploads\/2025\/04\/Bildschirmfoto-2025-04-03-um-17.26.52-12x12.png 12w\" sizes=\"(max-width: 434px) 100vw, 434px\" \/><\/figure>\n<\/div>\n\n\n<blockquote class=\"wp-block-quote has-text-align-center is-style-large has-medium-font-size is-layout-flow wp-block-quote-is-layout-flow\">\n<p class=\"has-medium-font-size\">Ispira, diverte e fa riflettere. \u00c8 un mondo completamente diverso da quello in cui la popolazione cubana vive la sua vita quotidiana. Spoiler: la gonna di rafia - divertentissima! Assicuratevi di guardare il film fino alla fine! Sono i piccoli dettagli a fare la differenza, tra fumo, ritmo e realt\u00e0. Un omaggio alla passione, raccontato con una strizzatina d'occhio e tanto cuore.<\/p>\n<cite>- Mark Kuster, fondatore dell'associazione&nbsp;<a href=\"https:\/\/www.camaquito.org\/\" target=\"_blank\" rel=\"noreferrer noopener\">Organizzazione di aiuto all'infanzia Camaquito<\/a><\/cite><\/blockquote>\n\n\n\n<hr class=\"wp-block-separator has-css-opacity is-style-default\"\/>\n\n\n\n<hr class=\"wp-block-separator has-css-opacity is-style-default\"\/>\n\n\n<div class=\"wp-block-image is-style-rounded\">\n<figure class=\"aligncenter size-full is-resized\"><img decoding=\"async\" width=\"350\" height=\"350\" src=\"https:\/\/www.zigarren.zone\/wp-content\/uploads\/2025\/04\/Christian-Schmid-1.jpg\" alt=\"\" class=\"wp-image-73305\" style=\"width:150px;height:150px\" srcset=\"https:\/\/www.zigarren.zone\/wp-content\/uploads\/2025\/04\/Christian-Schmid-1.jpg 350w, https:\/\/www.zigarren.zone\/wp-content\/uploads\/2025\/04\/Christian-Schmid-1-12x12.jpg 12w\" sizes=\"(max-width: 350px) 100vw, 350px\" \/><\/figure>\n<\/div>\n\n\n<blockquote class=\"wp-block-quote has-text-align-center is-style-large has-medium-font-size is-layout-flow wp-block-quote-is-layout-flow\">\n<p class=\"has-medium-font-size\">Ancora una volta un film divertente e informativo in \"stile Vasilij\". Un sano mix di sigari, viaggi e divertimento. Grazie alla variet\u00e0 e al montaggio video, non ci si annoia e si pu\u00f2 gustare un sigaro e abbandonarsi ai sogni. Il filmato mi fa venire voglia di tornare presto a Cuba. Grazie per le bellissime riprese.<\/p>\n<cite>- Christian Schmid, <a href=\"https:\/\/www.csf-321.ch\/\" target=\"_blank\" rel=\"noreferrer noopener\">FotoWerk 132<\/a><\/cite><\/blockquote>\n\n\n\n<hr class=\"wp-block-separator has-css-opacity is-style-default\"\/>\n\n\n\n<hr class=\"wp-block-separator has-css-opacity is-style-default\"\/>\n\n\n<div class=\"wp-block-image is-style-rounded\">\n<figure class=\"aligncenter size-large is-resized\"><img decoding=\"async\" width=\"1000\" height=\"1000\" src=\"https:\/\/www.zigarren.zone\/wp-content\/uploads\/2025\/04\/Roli-1000x1000.jpg\" alt=\"\" class=\"wp-image-73220\" style=\"width:150px;height:150px\" srcset=\"https:\/\/www.zigarren.zone\/wp-content\/uploads\/2025\/04\/Roli-1000x1000.jpg 1000w, https:\/\/www.zigarren.zone\/wp-content\/uploads\/2025\/04\/Roli-768x768.jpg 768w, https:\/\/www.zigarren.zone\/wp-content\/uploads\/2025\/04\/Roli-1536x1536.jpg 1536w, https:\/\/www.zigarren.zone\/wp-content\/uploads\/2025\/04\/Roli-12x12.jpg 12w, https:\/\/www.zigarren.zone\/wp-content\/uploads\/2025\/04\/Roli-624x624.jpg 624w, https:\/\/www.zigarren.zone\/wp-content\/uploads\/2025\/04\/Roli.jpg 1920w\" sizes=\"(max-width: 1000px) 100vw, 1000px\" \/><\/figure>\n<\/div>\n\n\n<blockquote class=\"wp-block-quote has-text-align-center is-style-large has-medium-font-size is-layout-flow wp-block-quote-is-layout-flow\">\n<p class=\"has-medium-font-size\">Divertente, umoristico, ma con uno sguardo occasionale alla realt\u00e0. Un documento impressionante su un'isola in transizione, dove lusso e povert\u00e0 si allontanano sempre di pi\u00f9. Un grande complimento a ogni singolo membro del team dedicato e un sentito ringraziamento per avermi permesso di immergermi nella vita della mia seconda casa. Spoiler: La gonna di bast sar\u00e0 esposta al Tropicana?<\/p>\n<cite>- Roland Anderegg<\/cite><\/blockquote>\n\n\n\n<hr class=\"wp-block-separator has-css-opacity is-style-default\"\/>\n\n\n\n<hr class=\"wp-block-separator has-css-opacity is-style-default\"\/>\n\n\n<div class=\"wp-block-image is-style-rounded\">\n<figure class=\"aligncenter size-full is-resized\"><img decoding=\"async\" width=\"500\" height=\"460\" src=\"https:\/\/www.zigarren.zone\/wp-content\/uploads\/2024\/04\/Benno-und-Marion.jpg\" alt=\"\" class=\"wp-image-69444\" style=\"width:150px;height:150px\" srcset=\"https:\/\/www.zigarren.zone\/wp-content\/uploads\/2024\/04\/Benno-und-Marion.jpg 500w, https:\/\/www.zigarren.zone\/wp-content\/uploads\/2024\/04\/Benno-und-Marion-13x12.jpg 13w\" sizes=\"(max-width: 500px) 100vw, 500px\" \/><\/figure>\n<\/div>\n\n\n<blockquote class=\"wp-block-quote has-text-align-center is-style-large has-medium-font-size is-layout-flow wp-block-quote-is-layout-flow\">\n<p class=\"has-medium-font-size\">Molto buono, divertente e simpatico. Il film \u00e8 ben montato e offre un mix riuscito di informazioni, fatti e divertimento. Anche il linguaggio visivo \u00e8 convincente, con colori armoniosi e molta dinamica. Spoiler: La nuova stella di Tropicana - semplicemente fantastico!<\/p>\n<cite>- Benno e Marion<\/cite><\/blockquote>\n\n\n\n<hr class=\"wp-block-separator has-css-opacity is-style-default\"\/>\n\n\n\n<hr class=\"wp-block-separator has-css-opacity is-style-default\"\/>\n\n\n<div class=\"wp-block-image is-style-rounded\">\n<figure class=\"aligncenter size-full is-resized\"><img decoding=\"async\" width=\"300\" height=\"281\" src=\"https:\/\/www.zigarren.zone\/wp-content\/uploads\/2023\/07\/Im-Herzen-Havannas-Testimonial-Thomas-Portmann-WEB.jpg\" alt=\"\" class=\"wp-image-63722\" style=\"width:150px;height:150px\"\/><\/figure>\n<\/div>\n\n\n<blockquote class=\"wp-block-quote has-text-align-center is-style-large has-medium-font-size is-layout-flow wp-block-quote-is-layout-flow\">\n<p class=\"has-medium-font-size\">Per me si tratta di un documentario complessivamente riuscito, con una grande sensibilit\u00e0 e una visione autentica del viaggio di Thomas. Ogni scena sembra onesta, accessibile e ben girata. Si percepisce la passione che sta dietro al progetto. Congratulazioni per questo fantastico lavoro!<\/p>\n<cite>- Thomas Portmann \/ <a href=\"https:\/\/www.lacasadelhabanostgallen.ch\/\" target=\"_blank\" rel=\"noreferrer noopener\">La Casa del Habano St. Gallen di Urs Portmann <\/a><\/cite><\/blockquote>\n\n\n\n<hr class=\"wp-block-separator has-css-opacity is-style-default\"\/>\n\n\n\n<hr class=\"wp-block-separator has-css-opacity is-style-default\"\/>\n\n\n\n<blockquote class=\"wp-block-quote has-text-align-center is-style-large has-medium-font-size is-layout-flow wp-block-quote-is-layout-flow\">\n<p class=\"has-medium-font-size\">\u00c8 stato un video fantastico. Mi ha ricordato molto la mia amata Cuba. La qualit\u00e0 del video \u00e8 davvero molto buona. Ho sempre voluto andare al festival del sigaro. Questo video mi fa venire ancora pi\u00f9 voglia di andarci.<\/p>\n<cite>- Yosvany Ortega - Fotografo e videografo<\/cite><\/blockquote>\n\n\n\n<hr class=\"wp-block-separator has-css-opacity is-style-default\"\/>\n\n\n\n<hr class=\"wp-block-separator has-css-opacity is-style-default\"\/>\n\n\n<div class=\"wp-block-image is-style-rounded\">\n<figure class=\"aligncenter size-full is-resized\"><img decoding=\"async\" width=\"300\" height=\"289\" src=\"https:\/\/www.zigarren.zone\/wp-content\/uploads\/2025\/04\/stefan-buetikofer.jpg\" alt=\"\" class=\"wp-image-73301\" style=\"width:150px;height:150px\" srcset=\"https:\/\/www.zigarren.zone\/wp-content\/uploads\/2025\/04\/stefan-buetikofer.jpg 300w, https:\/\/www.zigarren.zone\/wp-content\/uploads\/2025\/04\/stefan-buetikofer-12x12.jpg 12w\" sizes=\"(max-width: 300px) 100vw, 300px\" \/><\/figure>\n<\/div>\n\n\n<blockquote class=\"wp-block-quote has-text-align-center is-style-large has-medium-font-size is-layout-flow wp-block-quote-is-layout-flow\">\n<p class=\"has-medium-font-size\">Non solo un altro film di Cigar Zone. Questa volta siamo in attesa del programma completo dell'Habano Festival. Tipico di Vasijli, con molta competenza, senso del divertimento, belle immagini, una buona atmosfera e il solito pizzico di malizia. Divertente e piacevole. Da non perdere, preferibilmente con un sigaro e un rum in mano.<\/p>\n<cite>- Stefan B\u00fctikofer, <a href=\"https:\/\/www.casa-colonial.ch\/\" target=\"_blank\" rel=\"noreferrer noopener\">Casa Colonial Avo Lounge, Neuenhof <\/a><\/cite><\/blockquote>\n\n\n\n<hr class=\"wp-block-separator has-css-opacity is-style-default\"\/>\n\n\n\n<div style=\"height:50px\" aria-hidden=\"true\" class=\"wp-block-spacer\"><\/div>\n\n\n\n<h2 class=\"wp-block-heading\" id=\"fazit\">Conclusione<\/h2>\n\n\n\n<p>La prima \u00e8 stata un vero successo. Non per il numero di clic, ma per la comunit\u00e0, l'esperienza condivisa e l'entusiasmo sincero per un viaggio non solo geografico ma anche emotivo.<\/p>\n\n\n\n<p style=\"font-size:1em\">Se vi siete persi il film, nessun problema. La registrazione \u00e8 ora disponibile sul canale YouTube di Vasilij. Guardatela, sedetevi, accendete un buon sigaro e viaggiate a Cuba con Thomas.<\/p>\n\n\n\n<h2 class=\"wp-block-heading\" id=\"h-was-ist-deine-meinung-zu-diesem-beitrag-hinterlasse-uns-einen-kurzen-kommentar-ohne-registrierung-im-anschluss-an-diesen-beitrag\">Siete mai stati al Festival Habanos? Com'\u00e8 stata la vostra esperienza? Lasciateci un breve commento! Senza registrazione, seguendo questo post.<\/h2>\n\n\n\n<div style=\"height:50px\" aria-hidden=\"true\" class=\"wp-block-spacer\"><\/div>\n\n\n\n<figure class=\"wp-block-image size-full is-resized\"><img decoding=\"async\" width=\"472\" height=\"708\" src=\"https:\/\/www.zigarren.zone\/wp-content\/uploads\/2024\/05\/vasilij_100_csf54279.jpg\" alt=\"\" class=\"wp-image-73395\" style=\"aspect-ratio:1;object-fit:contain;width:359px;height:auto\" srcset=\"https:\/\/www.zigarren.zone\/wp-content\/uploads\/2024\/05\/vasilij_100_csf54279.jpg 472w, https:\/\/www.zigarren.zone\/wp-content\/uploads\/2024\/05\/vasilij_100_csf54279-8x12.jpg 8w\" sizes=\"(max-width: 472px) 100vw, 472px\" \/><\/figure>\n\n\n\n<p><strong><strong>Pi\u00f9 fumo. Con me.\ud83d\udca8\ud83e\udd17<\/strong><\/strong><\/p>\n\n\n\n<p>YOUTUBE \ud83d\udcfa <a href=\"https:\/\/www.youtube.com\/@genussmitvasilij\" target=\"_blank\" rel=\"noreferrer noopener\">@genussmitvasilij\u00a0<\/a>\u00a0<\/p>\n\n\n\n<p>INSTAGRAM \ud83d\udcf8 <a href=\"https:\/\/www.instagram.com\/v4silij\/\" target=\"_blank\" rel=\"noreferrer noopener\">@v4silij\u00a0<\/a>\u00a0<\/p>\n\n\n\n<p>INSTAGRAM \ud83d\udcf8 <a href=\"https:\/\/www.instagram.com\/zigarrenzone\/\" target=\"_blank\" rel=\"noreferrer noopener\">@zigarrenzone\u00a0<\/a>\u00a0<\/p>\n\n\n\n<div style=\"height:50px\" aria-hidden=\"true\" class=\"wp-block-spacer\"><\/div>","protected":false},"excerpt":{"rendered":"<p>Habanos Festival \/ 15 aprile 2025, ore 20:00 - il conto alla rovescia \u00e8 iniziato. 83 spettatori stanno guardando in diretta su YouTube la prima del documentario di viaggio \"Zum...<\/p>","protected":false},"author":2,"featured_media":73307,"comment_status":"open","ping_status":"closed","sticky":false,"template":"","format":"video","meta":{"jetpack_post_was_ever_published":false,"_jetpack_newsletter_access":"","_jetpack_dont_email_post_to_subs":false,"_jetpack_newsletter_tier_id":0,"_jetpack_memberships_contains_paywalled_content":false,"_jetpack_memberships_contains_paid_content":false,"footnotes":""},"categories":[6291,662,6665],"tags":[6459,892,666],"class_list":["post-73295","post","type-post","status-publish","format-video","has-post-thumbnail","hentry","category-event","category-marktplatz","category-video","tag-dokumentarfilm","tag-habanos-festival","tag-world-of-habanos","post_format-post-format-video",""],"jetpack_featured_media_url":"https:\/\/www.zigarren.zone\/wp-content\/uploads\/2025\/04\/cover1.jpg","jetpack_sharing_enabled":true,"_links":{"self":[{"href":"https:\/\/www.zigarren.zone\/it\/wp-json\/wp\/v2\/posts\/73295","targetHints":{"allow":["GET"]}}],"collection":[{"href":"https:\/\/www.zigarren.zone\/it\/wp-json\/wp\/v2\/posts"}],"about":[{"href":"https:\/\/www.zigarren.zone\/it\/wp-json\/wp\/v2\/types\/post"}],"author":[{"embeddable":true,"href":"https:\/\/www.zigarren.zone\/it\/wp-json\/wp\/v2\/users\/2"}],"replies":[{"embeddable":true,"href":"https:\/\/www.zigarren.zone\/it\/wp-json\/wp\/v2\/comments?post=73295"}],"version-history":[{"count":0,"href":"https:\/\/www.zigarren.zone\/it\/wp-json\/wp\/v2\/posts\/73295\/revisions"}],"wp:featuredmedia":[{"embeddable":true,"href":"https:\/\/www.zigarren.zone\/it\/wp-json\/wp\/v2\/media\/73307"}],"wp:attachment":[{"href":"https:\/\/www.zigarren.zone\/it\/wp-json\/wp\/v2\/media?parent=73295"}],"wp:term":[{"taxonomy":"category","embeddable":true,"href":"https:\/\/www.zigarren.zone\/it\/wp-json\/wp\/v2\/categories?post=73295"},{"taxonomy":"post_tag","embeddable":true,"href":"https:\/\/www.zigarren.zone\/it\/wp-json\/wp\/v2\/tags?post=73295"}],"curies":[{"name":"wp","href":"https:\/\/api.w.org\/{rel}","templated":true}]}}