{"id":72966,"date":"2025-02-06T21:37:56","date_gmt":"2025-02-06T20:37:56","guid":{"rendered":"https:\/\/www.zigarren.zone\/?p=72966"},"modified":"2025-02-06T21:37:58","modified_gmt":"2025-02-06T20:37:58","slug":"nuova-vegafina-linea-serie-2-short-magnum-piccola-ma-potente","status":"publish","type":"post","link":"https:\/\/www.zigarren.zone\/it\/neu-vegafina-linea-serie-2-short-magnum-klein-aber-oho\/","title":{"rendered":"NUOVO: VegaFina L\u00ednea Serie 2 Short Magnum - Piccolo ma potente."},"content":{"rendered":"<p class=\"has-medium-font-size\"><strong>VegaFina presenta ora la nuova Short Magnum della ridisegnata L\u00ednea Serie 2 (ex Fortaleza 2). I formati VegaFina L\u00ednea Serie 2 sono realizzati con una miscela leggermente pi\u00f9 forte e complessa rispetto alla L\u00ednea Cl\u00e1sica. L\u00ednea Serie 2 indica che questa miscela \u00e8 un passo pi\u00f9 forte di quella della classica L\u00ednea Cl\u00e1sica.<\/strong><\/p>\n\n\n\n<div style=\"height:50px\" aria-hidden=\"true\" class=\"wp-block-spacer\"><\/div>\n\n\n\n<figure class=\"wp-block-image size-full\"><img decoding=\"async\" width=\"1000\" height=\"755\" src=\"https:\/\/www.zigarren.zone\/wp-content\/uploads\/2025\/02\/vegafina_f2_short_magnum_02.jpg\" alt=\"\" class=\"wp-image-72969\" srcset=\"https:\/\/www.zigarren.zone\/wp-content\/uploads\/2025\/02\/vegafina_f2_short_magnum_02.jpg 1000w, https:\/\/www.zigarren.zone\/wp-content\/uploads\/2025\/02\/vegafina_f2_short_magnum_02-768x580.jpg 768w, https:\/\/www.zigarren.zone\/wp-content\/uploads\/2025\/02\/vegafina_f2_short_magnum_02-16x12.jpg 16w, https:\/\/www.zigarren.zone\/wp-content\/uploads\/2025\/02\/vegafina_f2_short_magnum_02-624x471.jpg 624w\" sizes=\"(max-width: 1000px) 100vw, 1000px\" \/><\/figure>\n\n\n\n<div style=\"height:10px\" aria-hidden=\"true\" class=\"wp-block-spacer\"><\/div>\n\n\n\n<h4 class=\"wp-block-heading\" id=\"h-mit-einem-stattlichen-ringmass-von-54-und-einer-lange-von-nur-110-millimeter-bietet-die-neue-short-magnum-dem-aficionado-bis-zu-einer-stunde-aromatisches-rauchvergnugen\" style=\"font-size:1em\"><strong>Con un impressionante calibro anulare di 54 e una lunghezza di soli 110 millimetri, il nuovo Short Magnum offre agli appassionati fino a un'ora di piacere aromatico.<\/strong><\/h4>\n\n\n\n<div style=\"height:50px\" aria-hidden=\"true\" class=\"wp-block-spacer\"><\/div>\n\n\n\n<p style=\"font-size:1em\">I sigari della Serie 2, di corpo medio-moderato, sono avvolti in un involucro oleoso di Criollo del Messico e convincono per il loro sapore particolarmente equilibrato e le sottili note di legno di cedro, cuoio e caff\u00e8. La Serie 2 L\u00ednea viene ora ampliata con il formato Short Magnum. Con un impressionante ring gauge di 54 e una lunghezza di soli 110 millimetri, il nuovo Short Magnum offre agli appassionati fino a un'ora di piacere aromatico.<\/p>\n\n\n\n<p style=\"font-size:1em\">Le nuove Short Magnum sono ora disponibili in scatole abilitate da 25 pezzi in tabaccherie selezionate. Con un prezzo al dettaglio di 7,80 \u20ac l'uno, il marchio VegaFina dimostra ancora una volta il suo eccezionale rapporto qualit\u00e0-prezzo.<\/p>\n\n\n\n<p><strong>Note di degustazione<\/strong><\/p>\n\n\n\n<ul class=\"wp-block-list\">\n<li>Foglia di carta: quasi Maduro, oleosa e lucida<\/li>\n\n\n\n<li>Forza: leggera - media<\/li>\n\n\n\n<li>Sapore: legno affumicato, cuoio, caff\u00e8, fondo leggermente dolce<\/li>\n\n\n\n<li>Sapore: Frutta secca con note di caff\u00e8,<\/li>\n\n\n\n<li>mandorle tostate e salate, cacao, cannella,<\/li>\n\n\n\n<li>Vaniglia e un po' di melassa<\/li>\n\n\n\n<li>Treno: buono<\/li>\n\n\n\n<li>Burn-off: uniforme e omogeneo durante l'intero processo di affumicatura<\/li>\n\n\n\n<li>Frassino: grigio medio opaco, molto compatto, stabile<\/li>\n\n\n\n<li>Tempo di affumicatura: circa 50-60 minuti<\/li>\n<\/ul>\n\n\n\n<h2 class=\"wp-block-heading\" id=\"h-was-ist-deine-meinung-zur-vegafina-linea-serie-2-short-magnum-hinterlasse-uns-einen-kurzen-kommentar-ohne-registrierung-im-anschluss-an-diesen-beitrag\">Qual \u00e8 la tua opinione sulla VegaFina L\u00ednea Serie 2 Short Magnum? Lasciateci un breve commento! Senza registrazione, seguendo questo post.<\/h2>\n\n\n\n<div style=\"height:50px\" aria-hidden=\"true\" class=\"wp-block-spacer\"><\/div>\n\n\n\n<h2 class=\"wp-block-heading\" id=\"ressourcen-zum-thema\">Risorse sull'argomento e sull'acquisto di sigari<\/h2>\n\n\n\n<p><a href=\"https:\/\/www.google.com\/search?q=VegaFina+L%C3%ADnea+Serie+2+Short+Magnum\" target=\"_blank\" rel=\"noreferrer noopener\">Trova VegaFina L\u00ednea Serie 2 Short Magnum su Google<\/a><\/p>\n\n\n\n<div style=\"height:50px\" aria-hidden=\"true\" class=\"wp-block-spacer\"><\/div>\n\n\n\n<h2 class=\"wp-block-heading\" id=\"h-das-konnte-dich-auch-interessieren\">Questo potrebbe interessarti anche<\/h2>\n\n\n\n<p style=\"font-size:1em\"><a href=\"https:\/\/www.zigarren.zone\/de\/tag\/vegafina\/\">Altri articoli su VegaFina su Zigarren.Zone<\/a><\/p>\n\n\n\n<div style=\"height:50px\" aria-hidden=\"true\" class=\"wp-block-spacer\"><\/div>\n\n\n\n<figure class=\"wp-block-image size-full is-resized\"><img decoding=\"async\" width=\"472\" height=\"708\" src=\"https:\/\/www.zigarren.zone\/wp-content\/uploads\/2024\/05\/vasilij_100_csf54279.jpg\" alt=\"\" class=\"wp-image-73395\" style=\"aspect-ratio:1;object-fit:contain;width:359px;height:auto\" srcset=\"https:\/\/www.zigarren.zone\/wp-content\/uploads\/2024\/05\/vasilij_100_csf54279.jpg 472w, https:\/\/www.zigarren.zone\/wp-content\/uploads\/2024\/05\/vasilij_100_csf54279-8x12.jpg 8w\" sizes=\"(max-width: 472px) 100vw, 472px\" \/><\/figure>\n\n\n\n<p><strong><strong>Pi\u00f9 fumo. Con me.\ud83d\udca8\ud83e\udd17<\/strong><\/strong><\/p>\n\n\n\n<p>YOUTUBE \ud83d\udcfa <a href=\"https:\/\/www.youtube.com\/@genussmitvasilij\" target=\"_blank\" rel=\"noreferrer noopener\">@genussmitvasilij\u00a0<\/a>\u00a0<\/p>\n\n\n\n<p>INSTAGRAM \ud83d\udcf8 <a href=\"https:\/\/www.instagram.com\/v4silij\/\" target=\"_blank\" rel=\"noreferrer noopener\">@v4silij\u00a0<\/a>\u00a0<\/p>\n\n\n\n<p>INSTAGRAM \ud83d\udcf8 <a href=\"https:\/\/www.instagram.com\/zigarrenzone\/\" target=\"_blank\" rel=\"noreferrer noopener\">@zigarrenzone\u00a0<\/a>\u00a0<\/p>\n\n\n\n<div style=\"height:50px\" aria-hidden=\"true\" class=\"wp-block-spacer\"><\/div>","protected":false},"excerpt":{"rendered":"<p>VegaFina presenta la nuova Short Magnum della ridisegnata Serie L\u00ednea 2 (ex Fortaleza 2). I formati della Serie 2 VegaFina L\u00ednea sono...<\/p>","protected":false},"author":2,"featured_media":72968,"comment_status":"open","ping_status":"closed","sticky":false,"template":"","format":"standard","meta":{"jetpack_post_was_ever_published":false,"_jetpack_newsletter_access":"","_jetpack_dont_email_post_to_subs":false,"_jetpack_newsletter_tier_id":0,"_jetpack_memberships_contains_paywalled_content":false,"_jetpack_memberships_contains_paid_content":false,"footnotes":""},"categories":[662],"tags":[6286],"class_list":["post-72966","post","type-post","status-publish","format-standard","has-post-thumbnail","hentry","category-marktplatz","tag-vegafina",""],"jetpack_featured_media_url":"https:\/\/www.zigarren.zone\/wp-content\/uploads\/2025\/02\/vegafina_f2_short_magnum_01_cover.jpg","jetpack_sharing_enabled":true,"_links":{"self":[{"href":"https:\/\/www.zigarren.zone\/it\/wp-json\/wp\/v2\/posts\/72966","targetHints":{"allow":["GET"]}}],"collection":[{"href":"https:\/\/www.zigarren.zone\/it\/wp-json\/wp\/v2\/posts"}],"about":[{"href":"https:\/\/www.zigarren.zone\/it\/wp-json\/wp\/v2\/types\/post"}],"author":[{"embeddable":true,"href":"https:\/\/www.zigarren.zone\/it\/wp-json\/wp\/v2\/users\/2"}],"replies":[{"embeddable":true,"href":"https:\/\/www.zigarren.zone\/it\/wp-json\/wp\/v2\/comments?post=72966"}],"version-history":[{"count":0,"href":"https:\/\/www.zigarren.zone\/it\/wp-json\/wp\/v2\/posts\/72966\/revisions"}],"wp:featuredmedia":[{"embeddable":true,"href":"https:\/\/www.zigarren.zone\/it\/wp-json\/wp\/v2\/media\/72968"}],"wp:attachment":[{"href":"https:\/\/www.zigarren.zone\/it\/wp-json\/wp\/v2\/media?parent=72966"}],"wp:term":[{"taxonomy":"category","embeddable":true,"href":"https:\/\/www.zigarren.zone\/it\/wp-json\/wp\/v2\/categories?post=72966"},{"taxonomy":"post_tag","embeddable":true,"href":"https:\/\/www.zigarren.zone\/it\/wp-json\/wp\/v2\/tags?post=72966"}],"curies":[{"name":"wp","href":"https:\/\/api.w.org\/{rel}","templated":true}]}}