{"id":71714,"date":"2024-09-30T13:42:53","date_gmt":"2024-09-30T11:42:53","guid":{"rendered":"https:\/\/www.zigarren.zone\/?p=71714"},"modified":"2025-08-21T22:48:54","modified_gmt":"2025-08-21T20:48:54","slug":"feria-del-tabaco-24-bricktoberfest-e-dias-de-gloria-brasile-i-consigli-di-claude-per-divertirsi-in-autunno","status":"publish","type":"post","link":"https:\/\/www.zigarren.zone\/it\/feria-del-tabaco-24-bricktoberfest-und-dias-de-gloria-brazil-claudes-genuss-tipps-fuer-den-herbst\/","title":{"rendered":"Feria del Tabaco 24: Bricktoberfest e Dias de Gloria Brazil - I consigli di Claude per godersi l'autunno"},"content":{"rendered":"<p><strong>Quando si parla di un grande se\u00f1or dell'industria del tabacco, c'\u00e8 un nome che non si pu\u00f2 evitare: Claude Guggenheim. Oggi ho il piacere di stare al suo fianco, proprio nel cuore dello stand della Compa\u00f1ia de Tabacos. Cosa c'\u00e8 di meglio? Nuovi prodotti esclusivi, naturalmente! Oggi diamo un'occhiata ad alcune delle novit\u00e0 pi\u00f9 importanti, tra cui il nuovissimo sigaro Cuervo y Sobrinos. Quindi, tenetevi stretti i bicchieri: ci sar\u00e0 da divertirsi!<\/strong><\/p>\n\n\n\n<p class=\"yoast-reading-time__wrapper\"><span class=\"yoast-reading-time__icon\"><svg aria-hidden=\"true\" focusable=\"false\" data-icon=\"clock\" width=\"20\" height=\"20\" fill=\"none\" stroke=\"currentColor\" style=\"display:inline-block;vertical-align:-0.1em\" role=\"img\" xmlns=\"http:\/\/www.w3.org\/2000\/svg\" viewbox=\"0 0 24 24\"><path stroke-linecap=\"round\" stroke-linejoin=\"round\" stroke-width=\"2\" d=\"M12 8v4l3 3m6-3a9 9 0 11-18 0 9 9 0 0118 0z\"><\/path><\/svg><\/span><span class=\"yoast-reading-time__spacer\" style=\"display:inline-block;width:1em\"><\/span><span class=\"yoast-reading-time__reading-time\">6<\/span><span class=\"yoast-reading-time__time-unit\"> Verbale<\/span><\/p>\n\n\n\n<div class=\"wp-block-yoast-seo-table-of-contents yoast-table-of-contents\"><h2>Indice dei contenuti<\/h2><ul><li><a href=\"#h-ein-blick-in-die-vergangenheit-die-geschichte-von-cuervo-y-sobrinos\" data-level=\"2\">Uno sguardo al passato: la storia di Cuervo y Sobrinos<\/a><\/li><li><a href=\"#h-die-zigarren-innovation-cuervo-y-sobrinos\" data-level=\"2\">L'innovazione del sigaro: Cuervo y Sobrinos<\/a><\/li><li><a href=\"#h-noch-mehr-leckerbissen-bricktoberfest\" data-level=\"2\">Ancora pi\u00f9 prelibatezze: Bricktoberfest<\/a><\/li><li><a href=\"#h-und-dann-kommt-noch-eine-wahre-perle-die-dias-de-gloria-brazil-von-aj-fernandez\" data-level=\"2\">E poi arriva un vero gioiello: il Dias de Gloria Brazil di AJ Fernandez.<\/a><\/li><li><a href=\"#h-claudes-tipps-fur-zigarrenfans\" data-level=\"2\">I consigli di Claude per gli appassionati di sigari<\/a><\/li><li><a href=\"#h-was-meinst-du-dazu\" data-level=\"2\">Cosa ne pensate?<\/a><\/li><li><a href=\"#ressourcen-zum-thema\" data-level=\"2\">Risorse sul tema<\/a><\/li><\/ul><\/div>\n\n\n\n<hr class=\"wp-block-separator has-css-opacity is-style-default\"\/>\n\n\n\n<figure class=\"wp-block-image size-full\"><img decoding=\"async\" width=\"1000\" height=\"648\" src=\"https:\/\/www.zigarren.zone\/wp-content\/uploads\/2024\/09\/fdt_header_WEB.jpg\" alt=\"\" class=\"wp-image-71706\" srcset=\"https:\/\/www.zigarren.zone\/wp-content\/uploads\/2024\/09\/fdt_header_WEB.jpg 1000w, https:\/\/www.zigarren.zone\/wp-content\/uploads\/2024\/09\/fdt_header_WEB-768x498.jpg 768w, https:\/\/www.zigarren.zone\/wp-content\/uploads\/2024\/09\/fdt_header_WEB-18x12.jpg 18w\" sizes=\"(max-width: 1000px) 100vw, 1000px\" \/><\/figure>\n\n\n\n<p>Un'esposizione interna unica nel suo genere a Zurigo: MANUEL'S riunisce importatori di sigari e appassionati per due giorni piacevoli alla sua Feria del Tabaco.<\/p>\n\n\n\n<p>La Feria del Tabaco di MANUEL a Zurigo invita gli amanti dei sigari a scoprire il mondo dei sigari in un'esclusiva mostra interna. Numerosi importatori di sigari presentano i loro tesori nel corso di due giorni - un evento che si svolge ogni anno subito dopo InterTabac.<\/p>\n\n\n\n<hr class=\"wp-block-separator has-css-opacity is-style-default\"\/>\n\n\n\n<div style=\"height:50px\" aria-hidden=\"true\" class=\"wp-block-spacer\"><\/div>\n\n\n\n<figure class=\"wp-block-image size-full\"><img decoding=\"async\" width=\"1000\" height=\"667\" src=\"https:\/\/www.zigarren.zone\/wp-content\/uploads\/2024\/09\/compania_de_tabacos_08_claude_guggenheim.jpg\" alt=\"\" class=\"wp-image-71749\" srcset=\"https:\/\/www.zigarren.zone\/wp-content\/uploads\/2024\/09\/compania_de_tabacos_08_claude_guggenheim.jpg 1000w, https:\/\/www.zigarren.zone\/wp-content\/uploads\/2024\/09\/compania_de_tabacos_08_claude_guggenheim-768x512.jpg 768w, https:\/\/www.zigarren.zone\/wp-content\/uploads\/2024\/09\/compania_de_tabacos_08_claude_guggenheim-18x12.jpg 18w\" sizes=\"(max-width: 1000px) 100vw, 1000px\" \/><\/figure>\n\n\n\n<p>Claude Guggenheim. Foto di copertina in alto: Claude Guggenheim con l'amministratore delegato della fabbrica di orologi Massimo Rossi.<\/p>\n\n\n\n<div style=\"height:50px\" aria-hidden=\"true\" class=\"wp-block-spacer\"><\/div>\n\n\n\n<h2 class=\"wp-block-heading\" id=\"h-ein-blick-in-die-vergangenheit-die-geschichte-von-cuervo-y-sobrinos\">Uno sguardo al passato: la storia di Cuervo y Sobrinos<\/h2>\n\n\n\n<p>Claude esordisce con un aneddoto che sembra un buon libro: \"Sapete, Cuervo y Sobrinos era in origine un famoso marchio di orologi cubano\". La storia di questo marchio \u00e8 come un viaggio nel tempo: fondato a L'Avana negli anni Sessanta del XIX secolo, negli anni Cinquanta era la stella del cielo degli orologi di lusso. Winston Churchill ed Ernest Hemingway erano clienti abituali! Aveva persino delle boutique a Parigi e a Monaco di Baviera! Ma poi arriv\u00f2 la rivoluzione cubana e l'epoca d'oro del marchio sembr\u00f2 svanire.<\/p>\n\n\n\n<div style=\"height:50px\" aria-hidden=\"true\" class=\"wp-block-spacer\"><\/div>\n\n\n\n<figure class=\"wp-block-image size-full\"><img decoding=\"async\" width=\"1000\" height=\"667\" src=\"https:\/\/www.zigarren.zone\/wp-content\/uploads\/2024\/09\/compania_de_tabacos_10_massimo_rossi.jpg\" alt=\"\" class=\"wp-image-71751\" srcset=\"https:\/\/www.zigarren.zone\/wp-content\/uploads\/2024\/09\/compania_de_tabacos_10_massimo_rossi.jpg 1000w, https:\/\/www.zigarren.zone\/wp-content\/uploads\/2024\/09\/compania_de_tabacos_10_massimo_rossi-768x512.jpg 768w, https:\/\/www.zigarren.zone\/wp-content\/uploads\/2024\/09\/compania_de_tabacos_10_massimo_rossi-18x12.jpg 18w\" sizes=\"(max-width: 1000px) 100vw, 1000px\" \/><\/figure>\n\n\n\n<div style=\"height:50px\" aria-hidden=\"true\" class=\"wp-block-spacer\"><\/div>\n\n\n\n<p>Ma - e qui viene il bello - oggi Cuervo y Sobrinos festeggia un brillante ritorno! \"Gli orologi sono ora prodotti in Svizzera\", spiega Claude, \"naturalmente con la migliore precisione svizzera e in un irresistibile stile vintage latinoamericano\". Ma non \u00e8 tutto: questi orologi sono cos\u00ec lussuosi che vengono persino forniti in un humidor. S\u00ec, avete capito bene: un humidor! Quanto \u00e8 bello?<\/p>\n\n\n\n<h2 class=\"wp-block-heading\" id=\"h-die-zigarren-innovation-cuervo-y-sobrinos\">L'innovazione del sigaro: Cuervo y Sobrinos<\/h2>\n\n\n\n<p>Ora arriva il colpo di scena! Poich\u00e9 non \u00e8 pi\u00f9 consentito riempire questi humidor con sigari cubani, le intelligenti menti di Cuervo y Sobrinos hanno escogitato qualcosa di molto speciale: \"Facciamo semplicemente i nostri sigari!\". Voil\u00e0 - \u00e8 nato il sigaro Cuervo y Sobrinos. Un sigaro bello e delicato realizzato con il miglior tabacco nicaraguense, elegantemente avvolto in lussuosi cuscini. Combina il meglio di due mondi: la passione cubana e la perfezione svizzera. Fa venire l'acquolina in bocca, vero?<\/p>\n\n\n\n<div style=\"height:50px\" aria-hidden=\"true\" class=\"wp-block-spacer\"><\/div>\n\n\n\n<figure class=\"wp-block-image size-full\"><img decoding=\"async\" width=\"1000\" height=\"563\" src=\"https:\/\/www.zigarren.zone\/wp-content\/uploads\/2024\/09\/compania_de_tabacos_3.jpg\" alt=\"\" class=\"wp-image-71746\" srcset=\"https:\/\/www.zigarren.zone\/wp-content\/uploads\/2024\/09\/compania_de_tabacos_3.jpg 1000w, https:\/\/www.zigarren.zone\/wp-content\/uploads\/2024\/09\/compania_de_tabacos_3-768x432.jpg 768w, https:\/\/www.zigarren.zone\/wp-content\/uploads\/2024\/09\/compania_de_tabacos_3-18x10.jpg 18w\" sizes=\"(max-width: 1000px) 100vw, 1000px\" \/><\/figure>\n\n\n\n<div style=\"height:50px\" aria-hidden=\"true\" class=\"wp-block-spacer\"><\/div>\n\n\n\n<h2 class=\"wp-block-heading\" id=\"h-noch-mehr-leckerbissen-bricktoberfest\">Ancora pi\u00f9 prelibatezze: Bricktoberfest<\/h2>\n\n\n\n<p>Ma aspettate, non \u00e8 tutto! Claude ha in serbo ancora di pi\u00f9. La prossima sorpresa: Bricktoberfest! Una linea di sigari in edizione limitata di Brickhouse, appositamente pensata per l'Oktoberfest - ma quanto \u00e8 geniale? Dal sapore forte, perfetto per la fresca aria autunnale e una vera novit\u00e0 in Svizzera. Ancora meglio: questo sigaro \u00e8 stato appositamente studiato per accompagnare perfettamente una birra fresca. Il cuore di un amante della birra batter\u00e0 pi\u00f9 forte!<\/p>\n\n\n\n<div style=\"height:50px\" aria-hidden=\"true\" class=\"wp-block-spacer\"><\/div>\n\n\n\n<figure class=\"wp-block-image size-full\"><img decoding=\"async\" width=\"1000\" height=\"563\" src=\"https:\/\/www.zigarren.zone\/wp-content\/uploads\/2024\/09\/compania_de_tabacos_5.jpg\" alt=\"\" class=\"wp-image-71748\" srcset=\"https:\/\/www.zigarren.zone\/wp-content\/uploads\/2024\/09\/compania_de_tabacos_5.jpg 1000w, https:\/\/www.zigarren.zone\/wp-content\/uploads\/2024\/09\/compania_de_tabacos_5-768x432.jpg 768w, https:\/\/www.zigarren.zone\/wp-content\/uploads\/2024\/09\/compania_de_tabacos_5-18x10.jpg 18w\" sizes=\"(max-width: 1000px) 100vw, 1000px\" \/><\/figure>\n\n\n\n<div style=\"height:50px\" aria-hidden=\"true\" class=\"wp-block-spacer\"><\/div>\n\n\n\n<h2 class=\"wp-block-heading\" id=\"h-und-dann-kommt-noch-eine-wahre-perle-die-dias-de-gloria-brazil-von-aj-fernandez\">E poi arriva un vero gioiello: il Dias de Gloria Brazil di AJ Fernandez.<\/h2>\n\n\n\n<p>Questa versione del popolare Dias de Gloria presenta un involucro di Matafina brasiliana, che forma una combinazione sensuale con il tabacco nicaraguense. \"Perfetto per gli appassionati di miscele di medio corpo e aromatiche\", spiega Claude. Chi potrebbe resistere?<\/p>\n\n\n\n<div style=\"height:50px\" aria-hidden=\"true\" class=\"wp-block-spacer\"><\/div>\n\n\n\n<figure class=\"wp-block-image size-full\"><img decoding=\"async\" width=\"1000\" height=\"563\" src=\"https:\/\/www.zigarren.zone\/wp-content\/uploads\/2024\/09\/compania_de_tabacos_4.jpg\" alt=\"\" class=\"wp-image-71747\" srcset=\"https:\/\/www.zigarren.zone\/wp-content\/uploads\/2024\/09\/compania_de_tabacos_4.jpg 1000w, https:\/\/www.zigarren.zone\/wp-content\/uploads\/2024\/09\/compania_de_tabacos_4-768x432.jpg 768w, https:\/\/www.zigarren.zone\/wp-content\/uploads\/2024\/09\/compania_de_tabacos_4-18x10.jpg 18w\" sizes=\"(max-width: 1000px) 100vw, 1000px\" \/><\/figure>\n\n\n\n<div style=\"height:50px\" aria-hidden=\"true\" class=\"wp-block-spacer\"><\/div>\n\n\n\n<h2 class=\"wp-block-heading\" id=\"h-claudes-tipps-fur-zigarrenfans\">I consigli di Claude per gli appassionati di sigari<\/h2>\n\n\n\n<p>Naturalmente, voglio sapere da Claude quali consigli ha per noi amanti dei sigari. La sua risposta \u00e8 fulminea: \"Per gli amanti della birra, prendete la Bricktoberfest prima che sia esaurita! Se vi piace la birra aromatizzata, amerete il Dias de Gloria Brazil. E per coloro che la preferiscono pi\u00f9 blanda, la Cuervo y Sobrinos \u00e8 un must assoluto\".<\/p>\n\n\n\n<p style=\"font-size:1em\">Con un sorriso soddisfatto sul volto e un delizioso sigaro in mano, saluto Claude. Se volete assicurarvi questi tesori, vi conviene affrettarvi: sono molto richiesti e potrebbero esaurirsi pi\u00f9 velocemente di quanto possiate dire \"humidor\"!<\/p>\n\n\n\n<div style=\"height:50px\" aria-hidden=\"true\" class=\"wp-block-spacer\"><\/div>\n\n\n\n<h2 class=\"wp-block-heading\" id=\"h-was-meinst-du-dazu\">Cosa ne pensate?<\/h2>\n\n\n\n<p><a href=\"#\">Saremo lieti di conoscere la vostra opinione: discutete con noi di questo post nel forum!<\/a><\/p>\n\n\n\n<div style=\"height:50px\" aria-hidden=\"true\" class=\"wp-block-spacer\"><\/div>\n\n\n\n<figure class=\"wp-block-image size-full\"><img decoding=\"async\" width=\"1000\" height=\"667\" src=\"https:\/\/www.zigarren.zone\/wp-content\/uploads\/2024\/09\/feria_del_tobac0_24_stock_3.jpg\" alt=\"Impressione della Feria del Tabaco 2024 al MANUEL&#039;S.\" class=\"wp-image-71727\" srcset=\"https:\/\/www.zigarren.zone\/wp-content\/uploads\/2024\/09\/feria_del_tobac0_24_stock_3.jpg 1000w, https:\/\/www.zigarren.zone\/wp-content\/uploads\/2024\/09\/feria_del_tobac0_24_stock_3-768x512.jpg 768w, https:\/\/www.zigarren.zone\/wp-content\/uploads\/2024\/09\/feria_del_tobac0_24_stock_3-18x12.jpg 18w\" sizes=\"(max-width: 1000px) 100vw, 1000px\" \/><\/figure>\n\n\n\n<p>Impressione della Feria del Tabaco 2024 al MANUEL'S.<\/p>\n\n\n\n<div style=\"height:50px\" aria-hidden=\"true\" class=\"wp-block-spacer\"><\/div>\n\n\n\n<p>Foto: Alexa Moram (MANUEL'S) \/ Vasilij Ratej (Zigarren.Zone)<\/p>\n\n\n\n<h2 class=\"wp-block-heading\" id=\"ressourcen-zum-thema\">Risorse sul tema<\/h2>\n\n\n\n<p><a href=\"https:\/\/manuels.ch\/fdt2024\" target=\"_blank\" rel=\"noopener\">MANUEL'S Feria del Tabaco 2024<\/a><\/p>\n\n\n\n<div style=\"height:50px\" aria-hidden=\"true\" class=\"wp-block-spacer\"><\/div>\n\n\n\n<figure class=\"wp-block-image size-full is-resized\"><img decoding=\"async\" width=\"472\" height=\"708\" src=\"https:\/\/www.zigarren.zone\/wp-content\/uploads\/2024\/05\/vasilij_100_csf54279.jpg\" alt=\"\" class=\"wp-image-73395\" style=\"aspect-ratio:1;object-fit:contain;width:359px;height:auto\" srcset=\"https:\/\/www.zigarren.zone\/wp-content\/uploads\/2024\/05\/vasilij_100_csf54279.jpg 472w, https:\/\/www.zigarren.zone\/wp-content\/uploads\/2024\/05\/vasilij_100_csf54279-8x12.jpg 8w\" sizes=\"(max-width: 472px) 100vw, 472px\" \/><\/figure>\n\n\n\n<p><strong><strong>Pi\u00f9 fumo. Con me.\ud83d\udca8\ud83e\udd17<\/strong><\/strong><\/p>\n\n\n\n<p>YOUTUBE \ud83d\udcfa <a href=\"https:\/\/www.youtube.com\/@genussmitvasilij\" target=\"_blank\" rel=\"noreferrer noopener\">@genussmitvasilij\u00a0<\/a>\u00a0<\/p>\n\n\n\n<p>INSTAGRAM \ud83d\udcf8 <a href=\"https:\/\/www.instagram.com\/v4silij\/\" target=\"_blank\" rel=\"noreferrer noopener\">@v4silij\u00a0<\/a>\u00a0<\/p>\n\n\n\n<p>INSTAGRAM \ud83d\udcf8 <a href=\"https:\/\/www.instagram.com\/zigarrenzone\/\" target=\"_blank\" rel=\"noreferrer noopener\">@zigarrenzone\u00a0<\/a>\u00a0<\/p>\n\n\n\n<div style=\"height:50px\" aria-hidden=\"true\" class=\"wp-block-spacer\"><\/div>","protected":false},"excerpt":{"rendered":"<p>Quando si parla di un gran signore dell'industria del tabacco, c'\u00e8 un nome che non si pu\u00f2 evitare: Claude Guggenheim. Oggi ho il piacere di...<\/p>","protected":false},"author":2,"featured_media":71750,"comment_status":"closed","ping_status":"closed","sticky":false,"template":"","format":"standard","meta":{"jetpack_post_was_ever_published":false,"_jetpack_newsletter_access":"","_jetpack_dont_email_post_to_subs":false,"_jetpack_newsletter_tier_id":0,"_jetpack_memberships_contains_paywalled_content":false,"_jetpack_memberships_contains_paid_content":false,"footnotes":""},"categories":[6291,662],"tags":[6599,6598,6600,6595,6596,6342],"class_list":["post-71714","post","type-post","status-publish","format-standard","has-post-thumbnail","hentry","category-event","category-marktplatz","tag-bricktoberfest","tag-cuervo-y-sobrinos","tag-dias-de-gloria-brazil","tag-feria-del-tabaco","tag-feria-del-tabaco-2024","tag-manuels",""],"jetpack_featured_media_url":"https:\/\/www.zigarren.zone\/wp-content\/uploads\/2024\/09\/compania_de_tabacos_9_massimo_rossi_claude_guggenheim.jpg","jetpack_sharing_enabled":true,"_links":{"self":[{"href":"https:\/\/www.zigarren.zone\/it\/wp-json\/wp\/v2\/posts\/71714","targetHints":{"allow":["GET"]}}],"collection":[{"href":"https:\/\/www.zigarren.zone\/it\/wp-json\/wp\/v2\/posts"}],"about":[{"href":"https:\/\/www.zigarren.zone\/it\/wp-json\/wp\/v2\/types\/post"}],"author":[{"embeddable":true,"href":"https:\/\/www.zigarren.zone\/it\/wp-json\/wp\/v2\/users\/2"}],"replies":[{"embeddable":true,"href":"https:\/\/www.zigarren.zone\/it\/wp-json\/wp\/v2\/comments?post=71714"}],"version-history":[{"count":0,"href":"https:\/\/www.zigarren.zone\/it\/wp-json\/wp\/v2\/posts\/71714\/revisions"}],"wp:featuredmedia":[{"embeddable":true,"href":"https:\/\/www.zigarren.zone\/it\/wp-json\/wp\/v2\/media\/71750"}],"wp:attachment":[{"href":"https:\/\/www.zigarren.zone\/it\/wp-json\/wp\/v2\/media?parent=71714"}],"wp:term":[{"taxonomy":"category","embeddable":true,"href":"https:\/\/www.zigarren.zone\/it\/wp-json\/wp\/v2\/categories?post=71714"},{"taxonomy":"post_tag","embeddable":true,"href":"https:\/\/www.zigarren.zone\/it\/wp-json\/wp\/v2\/tags?post=71714"}],"curies":[{"name":"wp","href":"https:\/\/api.w.org\/{rel}","templated":true}]}}