{"id":71579,"date":"2024-09-24T14:45:28","date_gmt":"2024-09-24T12:45:28","guid":{"rendered":"https:\/\/www.zigarren.zone\/?p=71579"},"modified":"2025-08-21T22:49:09","modified_gmt":"2025-08-21T20:49:09","slug":"intertabac-24-exclusive-un-coltellino-svizzero-nellazienda-di-famiglia-la-mia-vita-al-padron","status":"publish","type":"post","link":"https:\/\/www.zigarren.zone\/it\/intertabac-24-exklusiv-ein-schweizer-taschenmesser-im-familienunternehmen-mein-leben-bei-padron\/","title":{"rendered":"Esclusiva InterTabac 24: Un coltellino svizzero nell'azienda di famiglia - La mia vita a Padr\u00f3n"},"content":{"rendered":"<p><strong>Visito Jorge Padr\u00f3n Jr. che mi accoglie in modo amichevole. Non appena ci siamo accomodati e la telecamera sta girando, inizia a parlare.<\/strong><\/p>\n\n\n\n<p class=\"yoast-reading-time__wrapper\"><span class=\"yoast-reading-time__icon\"><svg aria-hidden=\"true\" focusable=\"false\" data-icon=\"clock\" width=\"20\" height=\"20\" fill=\"none\" stroke=\"currentColor\" style=\"display:inline-block;vertical-align:-0.1em\" role=\"img\" xmlns=\"http:\/\/www.w3.org\/2000\/svg\" viewbox=\"0 0 24 24\"><path stroke-linecap=\"round\" stroke-linejoin=\"round\" stroke-width=\"2\" d=\"M12 8v4l3 3m6-3a9 9 0 11-18 0 9 9 0 0118 0z\"><\/path><\/svg><\/span><span class=\"yoast-reading-time__spacer\" style=\"display:inline-block;width:1em\"><\/span><span class=\"yoast-reading-time__reading-time\">5<\/span><span class=\"yoast-reading-time__time-unit\"> Verbale<\/span><\/p>\n\n\n\n<div class=\"wp-block-yoast-seo-table-of-contents yoast-table-of-contents\"><h2>Indice dei contenuti<\/h2><ul><li><a href=\"#titel-1\" data-level=\"2\">Io sono il coltellino svizzero!<\/a><\/li><li><a href=\"#h-wir-haben-keine-typischen-buros\" data-level=\"2\">Non abbiamo uffici tipici<\/a><\/li><li><a href=\"#h-ich-will-alles-uber-track-amp-trace-lernen\" data-level=\"2\">Voglio sapere tutto su Track &amp; Trace<\/a><\/li><li><a href=\"#h-60th-aniversary-von-padron-spezialkreationen\" data-level=\"2\">60\u00b0 anniversario di Padron: creazioni speciali<\/a><\/li><li><a href=\"#h-was-meinst-du-dazu\" data-level=\"2\">Cosa ne pensate?<\/a><\/li><li><a href=\"#ressourcen-zum-thema\" data-level=\"2\">Risorse sull'argomento e sull'acquisto di sigari<\/a><\/li><\/ul><\/div>\n\n\n\n<hr class=\"wp-block-separator has-css-opacity is-style-default\"\/>\n\n\n<div class=\"wp-block-image is-style-rounded\">\n<figure class=\"aligncenter size-full is-resized\"><img decoding=\"async\" width=\"362\" height=\"332\" src=\"https:\/\/www.zigarren.zone\/wp-content\/uploads\/2024\/09\/00-Pic-Oliver-Lampe.png\" alt=\"\" class=\"wp-image-71534\" style=\"width:150px;height:150px\" srcset=\"https:\/\/www.zigarren.zone\/wp-content\/uploads\/2024\/09\/00-Pic-Oliver-Lampe.png 362w, https:\/\/www.zigarren.zone\/wp-content\/uploads\/2024\/09\/00-Pic-Oliver-Lampe-13x12.png 13w\" sizes=\"(max-width: 362px) 100vw, 362px\" \/><\/figure>\n<\/div>\n\n\n<blockquote class=\"wp-block-quote has-text-align-center is-style-large has-small-font-size is-layout-flow wp-block-quote-is-layout-flow\">\n<p class=\"has-small-font-size\">L'autore di questi articoli \u00e8 Oliver - sopravvissuto, grigliatore invernale, appassionato di TV di Bonn. Fallisce costantemente nel tentativo di rimanere sportivo, ama i sigari, il rock'n'roll, i barbecue, le battute cattive e il whisky single malt. \u00c8 ormai troppo vecchio per crescere.<\/p>\n<cite>- <a href=\"https:\/\/www.instagram.com\/broadleafjunkie\/\" target=\"_blank\" rel=\"noreferrer noopener\">Contatto via instagram<\/a><\/cite><\/blockquote>\n\n\n\n<hr class=\"wp-block-separator has-css-opacity is-style-default\"\/>\n\n\n\n<h2 class=\"wp-block-heading\" id=\"titel-1\">Io sono il coltellino svizzero!<\/h2>\n\n\n\n<p style=\"font-size:1em\">\"Ciao a tutti! Mi chiamo Jorge Padr\u00f3n Jr. e appartengo alla famiglia Padr\u00f3n, per la precisione alla terza generazione. Sono qui a Dortmund all'InterTabac, per rappresentare il nostro marchio sul mercato internazionale. \u00c8 un piacere essere qui, quindi prima di tutto: ciao!<\/p>\n\n\n\n<p>Se vi state chiedendo cosa faccio tutto il giorno, \u00e8 una storia divertente! In un'azienda familiare non sempre ci sono titoli chiari. Una volta ho chiesto a mio padre: \"Ehi, cosa scrivo sul mio biglietto da visita?\". E lui mi ha risposto: \"Sei un coltellino svizzero. Ho bisogno di te ovunque: che si tratti di adesivi sulle scatole o di parlare con i clienti in Germania, tu fai tutto!\".<\/p>\n\n\n\n<div style=\"height:50px\" aria-hidden=\"true\" class=\"wp-block-spacer\"><\/div>\n\n\n\n<figure class=\"wp-block-image size-full\"><img decoding=\"async\" width=\"1000\" height=\"563\" src=\"https:\/\/www.zigarren.zone\/wp-content\/uploads\/2024\/09\/jorge_louis_padro_n_jr.jpg\" alt=\"\" class=\"wp-image-71576\" srcset=\"https:\/\/www.zigarren.zone\/wp-content\/uploads\/2024\/09\/jorge_louis_padro_n_jr.jpg 1000w, https:\/\/www.zigarren.zone\/wp-content\/uploads\/2024\/09\/jorge_louis_padro_n_jr-768x432.jpg 768w, https:\/\/www.zigarren.zone\/wp-content\/uploads\/2024\/09\/jorge_louis_padro_n_jr-18x10.jpg 18w\" sizes=\"(max-width: 1000px) 100vw, 1000px\" \/><\/figure>\n\n\n\n<p>Jorge Louis Padr\u00f3n.<\/p>\n\n\n\n<div style=\"height:50px\" aria-hidden=\"true\" class=\"wp-block-spacer\"><\/div>\n\n\n\n<h2 class=\"wp-block-heading\" id=\"h-wir-haben-keine-typischen-buros\">Non abbiamo uffici tipici<\/h2>\n\n\n\n<p>Da quando si \u00e8 laureato nel 2020, lavora ufficialmente nell'azienda di famiglia. Ma ufficiosamente \u00e8 sempre stato l\u00ec, lavorando in fabbrica ogni estate. Quindi s\u00ec, \u00e8 praticamente nell'azienda dalla nascita. \"E com'\u00e8 lavorare con la famiglia?\", gli chiedo. Mi risponde subito: \"Onestamente, \u00e8 una benedizione! Non abbiamo i soliti uffici, ci sediamo tutti insieme in una stanza e discutiamo. \u00c8 personale, intenso e molto speciale\".<\/p>\n\n\n\n<p>Quest'anno \u00e8 tornato all'InterTabac di Dortmund, la sua terza fiera. C'\u00e8 sempre molto da fare, un incontro si sussegue all'altro. \"Ma penso che sia fantastico\", dice, \"perch\u00e9 ho la possibilit\u00e0 di conoscere il mercato internazionale. E poi mi diverto ancora, perch\u00e9 i sigari sono la mia passione\".<\/p>\n\n\n\n<h2 class=\"wp-block-heading\" id=\"h-ich-will-alles-uber-track-amp-trace-lernen\">Voglio sapere tutto su Track &amp; Trace<\/h2>\n\n\n\n<p>Uno degli obiettivi di Jorge quest'anno \u00e8 stato quello di saperne di pi\u00f9 su \"Track &amp; Trace\", un sistema di cui prima non sapeva molto. Ora si sente pi\u00f9 preparato per il futuro. E aggiunge: \"E naturalmente, InterTabac serve anche a mantenere i vecchi contatti e a crearne di nuovi. I miei appunti sono lunghi, credetemi!\".<\/p>\n\n\n\n<div style=\"height:50px\" aria-hidden=\"true\" class=\"wp-block-spacer\"><\/div>\n\n\n\n<figure class=\"wp-block-image size-full\"><img decoding=\"async\" width=\"1000\" height=\"563\" src=\"https:\/\/www.zigarren.zone\/wp-content\/uploads\/2024\/09\/padron_.jpg\" alt=\"\" class=\"wp-image-71577\" srcset=\"https:\/\/www.zigarren.zone\/wp-content\/uploads\/2024\/09\/padron_.jpg 1000w, https:\/\/www.zigarren.zone\/wp-content\/uploads\/2024\/09\/padron_-768x432.jpg 768w, https:\/\/www.zigarren.zone\/wp-content\/uploads\/2024\/09\/padron_-18x10.jpg 18w\" sizes=\"(max-width: 1000px) 100vw, 1000px\" \/><\/figure>\n\n\n\n<div style=\"height:50px\" aria-hidden=\"true\" class=\"wp-block-spacer\"><\/div>\n\n\n\n<p>L'InterTabac di quest'anno \u00e8 stato un successo completo per Padr\u00f3n. Soprattutto perch\u00e9 recentemente sono stati premiati dal Cigar Journal come miglior sigaro del Nicaragua 2024 con il 2000 Maduro. Jorge travia: \"Un enorme grazie a Cigar Journal e a tutti coloro che hanno votato per noi!\".<\/p>\n\n\n\n<div style=\"height:50px\" aria-hidden=\"true\" class=\"wp-block-spacer\"><\/div>\n\n\n\n<figure class=\"wp-block-image size-full\"><img decoding=\"async\" width=\"1000\" height=\"563\" src=\"https:\/\/www.zigarren.zone\/wp-content\/uploads\/2024\/09\/cigar_trophy_best_brand_nicaragua_padron.jpg\" alt=\"\" class=\"wp-image-71575\" srcset=\"https:\/\/www.zigarren.zone\/wp-content\/uploads\/2024\/09\/cigar_trophy_best_brand_nicaragua_padron.jpg 1000w, https:\/\/www.zigarren.zone\/wp-content\/uploads\/2024\/09\/cigar_trophy_best_brand_nicaragua_padron-768x432.jpg 768w, https:\/\/www.zigarren.zone\/wp-content\/uploads\/2024\/09\/cigar_trophy_best_brand_nicaragua_padron-18x10.jpg 18w\" sizes=\"(max-width: 1000px) 100vw, 1000px\" \/><\/figure>\n\n\n\n<p>Il Cigar Journal premia: Il miglior sigaro del Nicaragua 2024 \u00e8 il Padr\u00f3n Classic Maduro 2000.<\/p>\n\n\n\n<div style=\"height:50px\" aria-hidden=\"true\" class=\"wp-block-spacer\"><\/div>\n\n\n\n<h2 class=\"wp-block-heading\" id=\"h-60th-aniversary-von-padron-spezialkreationen\">60\u00b0 anniversario di Padron: creazioni speciali<\/h2>\n\n\n\n<p>Un altro punto di forza: il 2024 \u00e8 un anno speciale per Padr\u00f3n, perch\u00e9 \u00e8 il 60\u00b0 anniversario dell'azienda. Jorge \u00e8 entusiasta: \"Mio nonno ha fondato la nostra azienda nel 1964, quando \u00e8 fuggito da Cuba. Il suo sogno era quello di produrre i sigari che avrebbe voluto fumare lui stesso. Oggi mio padre gestisce l'azienda e trasmette le sue conoscenze a me e a mio cugino Alfonso\".<\/p>\n\n\n\n<p>\"Ci sar\u00e0 un sigaro speciale?\", chiedo. - \"Certo, per l'occasione abbiamo tirato fuori anche un sigaro per l'anniversario\", mi dice, \"il sigaro del 60\u00b0 anniversario in formato Salomon, una vera e propria opera d'arte! Misura 48 x 56 x 6,5 pollici e si presenta in un'elegante scatola. Lo abbiamo gi\u00e0 lanciato sul mercato statunitense e stiamo lavorando per renderlo disponibile a livello internazionale\".<\/p>\n\n\n\n<div style=\"height:50px\" aria-hidden=\"true\" class=\"wp-block-spacer\"><\/div>\n\n\n\n<figure class=\"wp-block-image size-full\"><img decoding=\"async\" width=\"1000\" height=\"753\" src=\"https:\/\/www.zigarren.zone\/wp-content\/uploads\/2024\/09\/s.t._dupont_padron_60_feuerzeug.jpg\" alt=\"\" class=\"wp-image-71578\" srcset=\"https:\/\/www.zigarren.zone\/wp-content\/uploads\/2024\/09\/s.t._dupont_padron_60_feuerzeug.jpg 1000w, https:\/\/www.zigarren.zone\/wp-content\/uploads\/2024\/09\/s.t._dupont_padron_60_feuerzeug-768x578.jpg 768w, https:\/\/www.zigarren.zone\/wp-content\/uploads\/2024\/09\/s.t._dupont_padron_60_feuerzeug-16x12.jpg 16w\" sizes=\"(max-width: 1000px) 100vw, 1000px\" \/><\/figure>\n\n\n\n<div style=\"height:50px\" aria-hidden=\"true\" class=\"wp-block-spacer\"><\/div>\n\n\n\n<p>E s\u00ec, non vedo l'ora di partecipare alla prossima InterTabac 2025! \u00c8 stato bello incontrare cos\u00ec tante persone e stringere nuove collaborazioni. Grazie per aver parlato con noi - ci vediamo l'anno prossimo!\".<\/p>\n\n\n\n<p>Salute,&nbsp;<\/p>\n\n\n\n<p style=\"font-size:1em\">Jorge Padr\u00f3n Jr.<\/p>\n\n\n\n<div style=\"height:50px\" aria-hidden=\"true\" class=\"wp-block-spacer\"><\/div>\n\n\n\n<h2 class=\"wp-block-heading\" id=\"h-was-meinst-du-dazu\">Cosa ne pensate?<\/h2>\n\n\n\n<p><a href=\"https:\/\/www.zigarren.zone\/de\/forum\/topic\/intertabac-24-exklusiv-ein-schweizer-taschenmesser-im-familienunternehmen-mein-leben-bei-padron\/\">Saremo lieti di conoscere la vostra opinione: discutete con noi di questo post nel forum!<\/a><\/p>\n\n\n\n<div style=\"height:50px\" aria-hidden=\"true\" class=\"wp-block-spacer\"><\/div>\n\n\n\n<h2 class=\"wp-block-heading\" id=\"ressourcen-zum-thema\">Risorse sull'argomento e sull'acquisto di sigari<\/h2>\n\n\n\n<p><a href=\"https:\/\/www.google.com\/search?q=padron+cigars\" target=\"_blank\" rel=\"noreferrer noopener\">Acquista i sigari Padr\u00f3n<\/a><\/p>\n\n\n\n<div style=\"height:50px\" aria-hidden=\"true\" class=\"wp-block-spacer\"><\/div>\n\n\n\n<div style=\"height:50px\" aria-hidden=\"true\" class=\"wp-block-spacer\"><\/div>\n\n\n\n<figure class=\"wp-block-image size-full is-resized\"><img decoding=\"async\" width=\"472\" height=\"708\" src=\"https:\/\/www.zigarren.zone\/wp-content\/uploads\/2024\/05\/vasilij_100_csf54279.jpg\" alt=\"\" class=\"wp-image-73395\" style=\"aspect-ratio:1;object-fit:contain;width:359px;height:auto\" srcset=\"https:\/\/www.zigarren.zone\/wp-content\/uploads\/2024\/05\/vasilij_100_csf54279.jpg 472w, https:\/\/www.zigarren.zone\/wp-content\/uploads\/2024\/05\/vasilij_100_csf54279-8x12.jpg 8w\" sizes=\"(max-width: 472px) 100vw, 472px\" \/><\/figure>\n\n\n\n<p><strong><strong>Pi\u00f9 fumo. Con me.\ud83d\udca8\ud83e\udd17<\/strong><\/strong><\/p>\n\n\n\n<p>YOUTUBE \ud83d\udcfa <a href=\"https:\/\/www.youtube.com\/@genussmitvasilij\" target=\"_blank\" rel=\"noreferrer noopener\">@genussmitvasilij\u00a0<\/a>\u00a0<\/p>\n\n\n\n<p>INSTAGRAM \ud83d\udcf8 <a href=\"https:\/\/www.instagram.com\/v4silij\/\" target=\"_blank\" rel=\"noreferrer noopener\">@v4silij\u00a0<\/a>\u00a0<\/p>\n\n\n\n<p>INSTAGRAM \ud83d\udcf8 <a href=\"https:\/\/www.instagram.com\/zigarrenzone\/\" target=\"_blank\" rel=\"noreferrer noopener\">@zigarrenzone\u00a0<\/a>\u00a0<\/p>\n\n\n\n<div style=\"height:50px\" aria-hidden=\"true\" class=\"wp-block-spacer\"><\/div>","protected":false},"excerpt":{"rendered":"<p>Vado a trovare Jorge Padr\u00f3n Jr. che mi accoglie in modo amichevole. Non appena ci sediamo e la telecamera riprende, inizia a parlare. L'autore di questi...<\/p>","protected":false},"author":2,"featured_media":71578,"comment_status":"closed","ping_status":"closed","sticky":false,"template":"","format":"standard","meta":{"jetpack_post_was_ever_published":false,"_jetpack_newsletter_access":"","_jetpack_dont_email_post_to_subs":false,"_jetpack_newsletter_tier_id":0,"_jetpack_memberships_contains_paywalled_content":false,"_jetpack_memberships_contains_paid_content":false,"footnotes":""},"categories":[6291,662],"tags":[6577,6576,6580],"class_list":["post-71579","post","type-post","status-publish","format-standard","has-post-thumbnail","hentry","category-event","category-marktplatz","tag-intertabac","tag-intertabac-24","tag-padron",""],"jetpack_featured_media_url":"https:\/\/www.zigarren.zone\/wp-content\/uploads\/2024\/09\/s.t._dupont_padron_60_feuerzeug.jpg","jetpack_sharing_enabled":true,"_links":{"self":[{"href":"https:\/\/www.zigarren.zone\/it\/wp-json\/wp\/v2\/posts\/71579","targetHints":{"allow":["GET"]}}],"collection":[{"href":"https:\/\/www.zigarren.zone\/it\/wp-json\/wp\/v2\/posts"}],"about":[{"href":"https:\/\/www.zigarren.zone\/it\/wp-json\/wp\/v2\/types\/post"}],"author":[{"embeddable":true,"href":"https:\/\/www.zigarren.zone\/it\/wp-json\/wp\/v2\/users\/2"}],"replies":[{"embeddable":true,"href":"https:\/\/www.zigarren.zone\/it\/wp-json\/wp\/v2\/comments?post=71579"}],"version-history":[{"count":0,"href":"https:\/\/www.zigarren.zone\/it\/wp-json\/wp\/v2\/posts\/71579\/revisions"}],"wp:featuredmedia":[{"embeddable":true,"href":"https:\/\/www.zigarren.zone\/it\/wp-json\/wp\/v2\/media\/71578"}],"wp:attachment":[{"href":"https:\/\/www.zigarren.zone\/it\/wp-json\/wp\/v2\/media?parent=71579"}],"wp:term":[{"taxonomy":"category","embeddable":true,"href":"https:\/\/www.zigarren.zone\/it\/wp-json\/wp\/v2\/categories?post=71579"},{"taxonomy":"post_tag","embeddable":true,"href":"https:\/\/www.zigarren.zone\/it\/wp-json\/wp\/v2\/tags?post=71579"}],"curies":[{"name":"wp","href":"https:\/\/api.w.org\/{rel}","templated":true}]}}