{"id":71561,"date":"2024-09-24T12:24:06","date_gmt":"2024-09-24T10:24:06","guid":{"rendered":"https:\/\/www.zigarren.zone\/?p=71561"},"modified":"2025-08-21T22:49:12","modified_gmt":"2025-08-21T20:49:12","slug":"intertabac-24-exclusive-sebastien-di-cavalier-cigars-sul-successo-dei-dolori-della-crescita-e-sullimportanza-delle-relazioni","status":"publish","type":"post","link":"https:\/\/www.zigarren.zone\/it\/intertabac-24-exklusiv-sebastien-von-cavalier-cigars-ueber-den-erfolg-wachstumsschmerzen-und-die-bedeutung-von-beziehungen\/","title":{"rendered":"Esclusiva InterTabac 24: Sebastien di Cavalier Cigars parla del successo, dei dolori della crescita e dell'importanza delle relazioni"},"content":{"rendered":"<p><strong>All'InterTabac di Dortmund, abbiamo incontrato Sebastien di Cavalier Cigars nel suo \"stand\" presso lo stand Kopp, per la prima volta dopo anni. Ma c'\u00e8 un motivo per questo ritorno. Anni fa, Cavalier Cigars ha iniziato con un proprio stand, ma poi per un po' \u00e8 calato il silenzio intorno al marchio, almeno in fiera. L'azienda si \u00e8 invece concentrata su appuntamenti e incontri con i partner. Quest'anno, tuttavia, era giunto il momento per l'azienda di avere nuovamente una propria presenza. Sebastien ci racconta: \"L'anno scorso \u00e8 stato pi\u00f9 difficile senza un nostro stand. I nostri partner in Germania, Kopp, ci hanno gentilmente offerto uno spazio aggiuntivo per esporre quest'anno e abbiamo colto l'occasione\".<\/strong><\/p>\n\n\n\n<p class=\"yoast-reading-time__wrapper\"><span class=\"yoast-reading-time__icon\"><svg aria-hidden=\"true\" focusable=\"false\" data-icon=\"clock\" width=\"20\" height=\"20\" fill=\"none\" stroke=\"currentColor\" style=\"display:inline-block;vertical-align:-0.1em\" role=\"img\" xmlns=\"http:\/\/www.w3.org\/2000\/svg\" viewbox=\"0 0 24 24\"><path stroke-linecap=\"round\" stroke-linejoin=\"round\" stroke-width=\"2\" d=\"M12 8v4l3 3m6-3a9 9 0 11-18 0 9 9 0 0118 0z\"><\/path><\/svg><\/span><span class=\"yoast-reading-time__spacer\" style=\"display:inline-block;width:1em\"><\/span><span class=\"yoast-reading-time__reading-time\">4<\/span><span class=\"yoast-reading-time__time-unit\"> Verbale<\/span><\/p>\n\n\n\n<div class=\"wp-block-yoast-seo-table-of-contents yoast-table-of-contents\"><h2>Indice dei contenuti<\/h2><ul><li><a href=\"#titel-1\" data-level=\"2\">Crescita e responsabilit\u00e0<\/a><\/li><li><a href=\"#h-neu-tempura\" data-level=\"2\">Nuovo: Tempura<\/a><\/li><li><a href=\"#h-danke-zigarren-zone\" data-level=\"2\">\"Grazie a Cigars.zone!\".<\/a><\/li><li><a href=\"#h-was-meinst-du-dazu\" data-level=\"2\">Cosa ne pensate?<\/a><\/li><li><a href=\"#ressourcen-zum-thema\" data-level=\"2\">Risorse sull'argomento e sull'acquisto di sigari<\/a><\/li><\/ul><\/div>\n\n\n\n<hr class=\"wp-block-separator has-css-opacity is-style-default\"\/>\n\n\n<div class=\"wp-block-image is-style-rounded\">\n<figure class=\"aligncenter size-full is-resized\"><img decoding=\"async\" width=\"362\" height=\"332\" src=\"https:\/\/www.zigarren.zone\/wp-content\/uploads\/2024\/09\/00-Pic-Oliver-Lampe.png\" alt=\"\" class=\"wp-image-71534\" style=\"width:150px;height:150px\" srcset=\"https:\/\/www.zigarren.zone\/wp-content\/uploads\/2024\/09\/00-Pic-Oliver-Lampe.png 362w, https:\/\/www.zigarren.zone\/wp-content\/uploads\/2024\/09\/00-Pic-Oliver-Lampe-13x12.png 13w\" sizes=\"(max-width: 362px) 100vw, 362px\" \/><\/figure>\n<\/div>\n\n\n<blockquote class=\"wp-block-quote has-text-align-center is-style-large has-small-font-size is-layout-flow wp-block-quote-is-layout-flow\">\n<p class=\"has-small-font-size\">L'autore di questi articoli \u00e8 Oliver - sopravvissuto, grigliatore invernale, appassionato di TV di Bonn. Fallisce costantemente nel tentativo di rimanere sportivo, ama i sigari, il rock'n'roll, i barbecue, le battute cattive e il whisky single malt. \u00c8 ormai troppo vecchio per crescere.<\/p>\n<cite>- <a href=\"https:\/\/www.instagram.com\/broadleafjunkie\/\" target=\"_blank\" rel=\"noreferrer noopener\">Contatto via instagram<\/a><\/cite><\/blockquote>\n\n\n\n<hr class=\"wp-block-separator has-css-opacity is-style-default\"\/>\n\n\n\n<h2 class=\"wp-block-heading\" id=\"titel-1\">Crescita e responsabilit\u00e0<\/h2>\n\n\n\n<p style=\"font-size:1em\">Tuttavia, la crescita dell'azienda comporta delle responsabilit\u00e0. Cavalier Cigars, un'azienda ancora giovane, vende oggi in oltre 42 Paesi, dall'Europa al Nord America e all'Asia. \"Stiamo crescendo, e con la crescita arrivano le sfide. Era tempo di cambiare\", spiega Sebastien. La collaborazione con Kopp segna un altro passo importante in questo sviluppo. \"L'InterTabac \u00e8 un'opportunit\u00e0 per trascorrere del tempo con i nostri partner. \u00c8 l'unico momento dell'anno in cui possiamo vederci e scambiarci idee\".<\/p>\n\n\n\n<div style=\"height:50px\" aria-hidden=\"true\" class=\"wp-block-spacer\"><\/div>\n\n\n\n<figure class=\"wp-block-image size-full\"><img decoding=\"async\" width=\"1000\" height=\"753\" src=\"https:\/\/www.zigarren.zone\/wp-content\/uploads\/2024\/09\/sebastien_im_gespraech.jpg\" alt=\"\" class=\"wp-image-71556\" srcset=\"https:\/\/www.zigarren.zone\/wp-content\/uploads\/2024\/09\/sebastien_im_gespraech.jpg 1000w, https:\/\/www.zigarren.zone\/wp-content\/uploads\/2024\/09\/sebastien_im_gespraech-768x578.jpg 768w, https:\/\/www.zigarren.zone\/wp-content\/uploads\/2024\/09\/sebastien_im_gespraech-16x12.jpg 16w\" sizes=\"(max-width: 1000px) 100vw, 1000px\" \/><\/figure>\n\n\n\n<p>A sinistra nella foto: Sebastien di Cavalier Cigars.<\/p>\n\n\n\n<div style=\"height:50px\" aria-hidden=\"true\" class=\"wp-block-spacer\"><\/div>\n\n\n\n<p>La fiera \u00e8 stata un successo per Sebastien e il suo team, anche se \u00e8 stata faticosa: \"Sono stanco\", ammette ridendo. Il motivo? \"Le persone vanno e vengono, sei costantemente in dialogo. \u00c8 pi\u00f9 intenso, ma anche divertente\". Nonostante il trambusto, la fiera \u00e8 stata un successo completo per Cavalier Cigars.<\/p>\n\n\n\n<div style=\"height:50px\" aria-hidden=\"true\" class=\"wp-block-spacer\"><\/div>\n\n\n\n<figure class=\"wp-block-image size-full\"><img decoding=\"async\" width=\"1000\" height=\"753\" src=\"https:\/\/www.zigarren.zone\/wp-content\/uploads\/2024\/09\/cavalier_geneve_black_series_ii.jpg\" alt=\"\" class=\"wp-image-71553\" srcset=\"https:\/\/www.zigarren.zone\/wp-content\/uploads\/2024\/09\/cavalier_geneve_black_series_ii.jpg 1000w, https:\/\/www.zigarren.zone\/wp-content\/uploads\/2024\/09\/cavalier_geneve_black_series_ii-768x578.jpg 768w, https:\/\/www.zigarren.zone\/wp-content\/uploads\/2024\/09\/cavalier_geneve_black_series_ii-16x12.jpg 16w\" sizes=\"(max-width: 1000px) 100vw, 1000px\" \/><\/figure>\n\n\n\n<p>Cavalier Gen\u00e8ve Nero Serie.<\/p>\n\n\n\n<div style=\"height:50px\" aria-hidden=\"true\" class=\"wp-block-spacer\"><\/div>\n\n\n\n<h2 class=\"wp-block-heading\" id=\"h-neu-tempura\">Nuovo: Tempura<\/h2>\n\n\n\n<p>Quest'anno l'azienda ha presentato diversi nuovi prodotti, tra cui i \"Tempuras\", una nuova linea di sigari che Sebastien descrive con orgoglio come \"un formato speciale\". \"L'abbiamo lanciata al PCA negli Stati Uniti a marzo e ora l'abbiamo introdotta qui in Europa. Si tratta di offrire ai consumatori non solo un sigaro, ma anche la storia e il significato che c'\u00e8 dietro\".<\/p>\n\n\n\n<div style=\"height:50px\" aria-hidden=\"true\" class=\"wp-block-spacer\"><\/div>\n\n\n\n<figure class=\"wp-block-image size-full\"><img decoding=\"async\" width=\"1000\" height=\"753\" src=\"https:\/\/www.zigarren.zone\/wp-content\/uploads\/2024\/09\/cavalier_geneve_tempura_-_kleine_fliegende_schweinchen_im_4x60_format_aus_allen_drei_serien.jpg\" alt=\"\" class=\"wp-image-71554\" srcset=\"https:\/\/www.zigarren.zone\/wp-content\/uploads\/2024\/09\/cavalier_geneve_tempura_-_kleine_fliegende_schweinchen_im_4x60_format_aus_allen_drei_serien.jpg 1000w, https:\/\/www.zigarren.zone\/wp-content\/uploads\/2024\/09\/cavalier_geneve_tempura_-_kleine_fliegende_schweinchen_im_4x60_format_aus_allen_drei_serien-768x578.jpg 768w, https:\/\/www.zigarren.zone\/wp-content\/uploads\/2024\/09\/cavalier_geneve_tempura_-_kleine_fliegende_schweinchen_im_4x60_format_aus_allen_drei_serien-16x12.jpg 16w\" sizes=\"(max-width: 1000px) 100vw, 1000px\" \/><\/figure>\n\n\n\n<p>Cavalier Gen\u00e8ve Tempura.<\/p>\n\n\n\n<div style=\"height:50px\" aria-hidden=\"true\" class=\"wp-block-spacer\"><\/div>\n\n\n\n<h2 class=\"wp-block-heading\" id=\"h-danke-zigarren-zone\">\"Grazie a Cigars.zone!\".<\/h2>\n\n\n\n<p>Infine, Sebastien ha avuto parole calorose per Zigarren.Zone e per l'intera comunit\u00e0: \"Amo ci\u00f2 che fate e ci\u00f2 che apportate al settore. Ho dei bellissimi ricordi di quando ero agli inizi e ho avuto modo di conoscervi. Non vediamo l'ora di condividere altri contenuti con voi in futuro\".<\/p>\n\n\n\n<p style=\"font-size:1em\">Una conversazione divertente e informativa che dimostra l'importanza delle relazioni e della crescita continua nel settore dei sigari. Cavalier Cigars ha dimostrato di non essere solo un marchio, ma anche una famiglia che lavora con passione e impegno per i propri prodotti e partner.<\/p>\n\n\n\n<div style=\"height:50px\" aria-hidden=\"true\" class=\"wp-block-spacer\"><\/div>\n\n\n\n<figure class=\"wp-block-image size-full\"><img decoding=\"async\" width=\"1000\" height=\"753\" src=\"https:\/\/www.zigarren.zone\/wp-content\/uploads\/2024\/09\/kleines_schweinchen_-_grosser_spass.jpg\" alt=\"\" class=\"wp-image-71555\" srcset=\"https:\/\/www.zigarren.zone\/wp-content\/uploads\/2024\/09\/kleines_schweinchen_-_grosser_spass.jpg 1000w, https:\/\/www.zigarren.zone\/wp-content\/uploads\/2024\/09\/kleines_schweinchen_-_grosser_spass-768x578.jpg 768w, https:\/\/www.zigarren.zone\/wp-content\/uploads\/2024\/09\/kleines_schweinchen_-_grosser_spass-16x12.jpg 16w\" sizes=\"(max-width: 1000px) 100vw, 1000px\" \/><\/figure>\n\n\n\n<p>Piccolo maialino, grande divertimento!<\/p>\n\n\n\n<div style=\"height:50px\" aria-hidden=\"true\" class=\"wp-block-spacer\"><\/div>\n\n\n\n<h2 class=\"wp-block-heading\" id=\"h-was-meinst-du-dazu\">Cosa ne pensate?<\/h2>\n\n\n\n<p><a href=\"https:\/\/www.zigarren.zone\/de\/forum\/topic\/intertabac-24-exklusiv-sebastien-von-cavalier-cigars-ueber-den-erfolg-wachstumsschmerzen-und-die-bedeutung-von-beziehungen\/\">Saremo lieti di conoscere la vostra opinione: discutete con noi di questo post nel forum!<\/a><\/p>\n\n\n\n<div style=\"height:50px\" aria-hidden=\"true\" class=\"wp-block-spacer\"><\/div>\n\n\n\n<h2 class=\"wp-block-heading\" id=\"ressourcen-zum-thema\">Risorse sull'argomento e sull'acquisto di sigari<\/h2>\n\n\n\n<p><a href=\"https:\/\/www.google.com\/search?q=Cavalier+Geneve+Cigars\" target=\"_blank\" rel=\"noreferrer noopener\">Acquista i sigari Cavalier Gen\u00e8ve<\/a><\/p>\n\n\n\n<div style=\"height:50px\" aria-hidden=\"true\" class=\"wp-block-spacer\"><\/div>\n\n\n\n<figure class=\"wp-block-image size-full is-resized\"><img decoding=\"async\" width=\"472\" height=\"708\" src=\"https:\/\/www.zigarren.zone\/wp-content\/uploads\/2024\/05\/vasilij_100_csf54279.jpg\" alt=\"\" class=\"wp-image-73395\" style=\"aspect-ratio:1;object-fit:contain;width:359px;height:auto\" srcset=\"https:\/\/www.zigarren.zone\/wp-content\/uploads\/2024\/05\/vasilij_100_csf54279.jpg 472w, https:\/\/www.zigarren.zone\/wp-content\/uploads\/2024\/05\/vasilij_100_csf54279-8x12.jpg 8w\" sizes=\"(max-width: 472px) 100vw, 472px\" \/><\/figure>\n\n\n\n<p><strong><strong>Pi\u00f9 fumo. Con me.\ud83d\udca8\ud83e\udd17<\/strong><\/strong><\/p>\n\n\n\n<p>YOUTUBE \ud83d\udcfa <a href=\"https:\/\/www.youtube.com\/@genussmitvasilij\" target=\"_blank\" rel=\"noreferrer noopener\">@genussmitvasilij\u00a0<\/a>\u00a0<\/p>\n\n\n\n<p>INSTAGRAM \ud83d\udcf8 <a href=\"https:\/\/www.instagram.com\/v4silij\/\" target=\"_blank\" rel=\"noreferrer noopener\">@v4silij\u00a0<\/a>\u00a0<\/p>\n\n\n\n<p>INSTAGRAM \ud83d\udcf8 <a href=\"https:\/\/www.instagram.com\/zigarrenzone\/\" target=\"_blank\" rel=\"noreferrer noopener\">@zigarrenzone\u00a0<\/a>\u00a0<\/p>\n\n\n\n<div style=\"height:50px\" aria-hidden=\"true\" class=\"wp-block-spacer\"><\/div>","protected":false},"excerpt":{"rendered":"<p>All'InterTabac di Dortmund, abbiamo incontrato Sebastien di Cavalier Cigars nel suo \"stand\" presso lo stand Kopp - e per la prima volta...<\/p>","protected":false},"author":2,"featured_media":71555,"comment_status":"closed","ping_status":"closed","sticky":false,"template":"","format":"standard","meta":{"jetpack_post_was_ever_published":false,"_jetpack_newsletter_access":"","_jetpack_dont_email_post_to_subs":false,"_jetpack_newsletter_tier_id":0,"_jetpack_memberships_contains_paywalled_content":false,"_jetpack_memberships_contains_paid_content":false,"footnotes":""},"categories":[6291,662],"tags":[6579,6577,6576],"class_list":["post-71561","post","type-post","status-publish","format-standard","has-post-thumbnail","hentry","category-event","category-marktplatz","tag-cavalier-geneve-cigars","tag-intertabac","tag-intertabac-24",""],"jetpack_featured_media_url":"https:\/\/www.zigarren.zone\/wp-content\/uploads\/2024\/09\/kleines_schweinchen_-_grosser_spass.jpg","jetpack_sharing_enabled":true,"_links":{"self":[{"href":"https:\/\/www.zigarren.zone\/it\/wp-json\/wp\/v2\/posts\/71561","targetHints":{"allow":["GET"]}}],"collection":[{"href":"https:\/\/www.zigarren.zone\/it\/wp-json\/wp\/v2\/posts"}],"about":[{"href":"https:\/\/www.zigarren.zone\/it\/wp-json\/wp\/v2\/types\/post"}],"author":[{"embeddable":true,"href":"https:\/\/www.zigarren.zone\/it\/wp-json\/wp\/v2\/users\/2"}],"replies":[{"embeddable":true,"href":"https:\/\/www.zigarren.zone\/it\/wp-json\/wp\/v2\/comments?post=71561"}],"version-history":[{"count":0,"href":"https:\/\/www.zigarren.zone\/it\/wp-json\/wp\/v2\/posts\/71561\/revisions"}],"wp:featuredmedia":[{"embeddable":true,"href":"https:\/\/www.zigarren.zone\/it\/wp-json\/wp\/v2\/media\/71555"}],"wp:attachment":[{"href":"https:\/\/www.zigarren.zone\/it\/wp-json\/wp\/v2\/media?parent=71561"}],"wp:term":[{"taxonomy":"category","embeddable":true,"href":"https:\/\/www.zigarren.zone\/it\/wp-json\/wp\/v2\/categories?post=71561"},{"taxonomy":"post_tag","embeddable":true,"href":"https:\/\/www.zigarren.zone\/it\/wp-json\/wp\/v2\/tags?post=71561"}],"curies":[{"name":"wp","href":"https:\/\/api.w.org\/{rel}","templated":true}]}}