{"id":65485,"date":"2023-07-30T09:29:01","date_gmt":"2023-07-30T07:29:01","guid":{"rendered":"https:\/\/www.zigarren.zone\/?p=65485"},"modified":"2023-07-30T09:29:04","modified_gmt":"2023-07-30T07:29:04","slug":"il-segreto-della-regina-sigaro","status":"publish","type":"post","link":"https:\/\/www.zigarren.zone\/it\/das-geheimnis-der-zigarrenkoenigin\/","title":{"rendered":"Il segreto della regina del sigaro"},"content":{"rendered":"<p class=\"has-medium-font-size\"><strong>Il segreto della regina del sigaro \u00e8 il nuovo libro di Annette Meisl. Ha dedicato molto tempo alla ricerca. In una conversazione con me, ci lascia guardare dietro le quinte. Mi permetto di dire: questo romanzo \u00e8 un capolavoro e per ogni amante dei sigari questo libro \u00e8 un must da avere vicino al proprio humidor.<\/strong><\/p>\n\n\n\n<p class=\"yoast-reading-time__wrapper\"><span class=\"yoast-reading-time__icon\"><\/span><span class=\"yoast-reading-time__reading-time\">5<\/span><span class=\"yoast-reading-time__time-unit\"> Verbale<\/span><\/p>\n\n\n\n<div class=\"wp-block-yoast-seo-table-of-contents yoast-table-of-contents\"><h2>Indice dei contenuti<\/h2><ul><li><a href=\"#titel-1\" data-level=\"2\">L'intervista alla regina dei sigari<\/a><\/li><li><a href=\"#h-la-galana-zigarrensalon-von-weltruf\" data-level=\"2\">Salone del sigaro La Galana di fama mondiale<\/a><\/li><li><a href=\"#ressourcen-zum-thema\" data-level=\"2\">Risorse sul tema<\/a><\/li><li><a href=\"#h-das-konnte-dich-auch-interessieren\" data-level=\"2\">Questo potrebbe interessarti anche<\/a><\/li><\/ul><\/div>\n\n\n\n<div style=\"height:50px\" aria-hidden=\"true\" class=\"wp-block-spacer\"><\/div>\n\n\n\n<figure class=\"wp-block-image size-full\"><img decoding=\"async\" width=\"1000\" height=\"492\" src=\"https:\/\/www.zigarren.zone\/wp-content\/uploads\/2023\/07\/Annette-Meisl-Die-Zigarrenkoenigin.jpg\" alt=\"\" class=\"wp-image-65488\" srcset=\"https:\/\/www.zigarren.zone\/wp-content\/uploads\/2023\/07\/Annette-Meisl-Die-Zigarrenkoenigin.jpg 1000w, https:\/\/www.zigarren.zone\/wp-content\/uploads\/2023\/07\/Annette-Meisl-Die-Zigarrenkoenigin-768x378.jpg 768w, https:\/\/www.zigarren.zone\/wp-content\/uploads\/2023\/07\/Annette-Meisl-Die-Zigarrenkoenigin-18x9.jpg 18w, https:\/\/www.zigarren.zone\/wp-content\/uploads\/2023\/07\/Annette-Meisl-Die-Zigarrenkoenigin-624x307.jpg 624w\" sizes=\"(max-width: 1000px) 100vw, 1000px\" \/><\/figure>\n\n\n\n<div style=\"height:10px\" aria-hidden=\"true\" class=\"wp-block-spacer\"><\/div>\n\n\n\n<p style=\"font-size:1em\"><strong>Sono gi\u00e0 molto entusiasta di questo romanzo.<\/strong><\/p>\n\n\n\n<div style=\"height:50px\" aria-hidden=\"true\" class=\"wp-block-spacer\"><\/div>\n\n\n\n<h2 class=\"wp-block-heading\" id=\"titel-1\">L'intervista alla regina dei sigari<\/h2>\n\n\n\n<h3 class=\"wp-block-heading\" id=\"h-du-hast-sehr-viel-zeit-in-die-recherche-gesteckt-welche-erkenntnisse-hast-du-dabei-entdeckt-ich-meine-nicht-nur-fur-die-entwicklung-der-charaktere-der-protagonisten-sondern-auch-fur-dich-personlich\">Avete dedicato molto tempo alla ricerca. Quali intuizioni ha scoperto durante questo processo? Intendo dire, non solo per lo sviluppo dei personaggi dei protagonisti, ma anche per lei personalmente?<\/h3>\n\n\n\n<p style=\"font-size:1em\">Una domanda meravigliosa. La protagonista Anna non \u00e8 solo la mia bisnonna, ma anche il mio alter ego. Ho scoperto dei parallelismi nel suo carattere e nel suo percorso di vita, quindi non importa che sia vissuta a met\u00e0 del XIX secolo. In tutti gli anni di ricerca intensiva, in parte anche a Cuba, ho approfondito sempre di pi\u00f9 il tema del tabacco, dei sigari, di Cuba, dell'America Latina, del colonialismo e cos\u00ec via. \u00c8 cos\u00ec che sono diventato l'esperto che sono oggi e mi sono lasciato sedurre sempre pi\u00f9 dal tabacco. Per me si tratta di tutta la cultura che circonda questa pianta, che \u00e8 ancora chiamata \"pianta madre\" dalle popolazioni indigene. Per me \u00e8 stato sicuramente cos\u00ec: il mio maestro e la mia La Galana.<\/p>\n\n\n\n<h3 class=\"wp-block-heading\" id=\"h-welche-schlusselszene-im-buch-ist-diejenige-die-dein-herz-am-meisten-beruhrt\">Qual \u00e8 la scena chiave del libro che ti ha toccato di pi\u00f9 il cuore?<\/h3>\n\n\n\n<p style=\"font-size:1em\">Quando Anna incontra suo padre, a un certo punto. Questo ha un grande significato per me. Per questo ho dedicato il libro a mio zio, che \u00e8 emigrato in America negli anni Cinquanta e che io chiamo il \"padre del mio cuore\". La vita \u00e8 piena di svolte inaspettate ed \u00e8 bella quando siamo pronti ad accettarle.<\/p>\n\n\n\n<div style=\"height:50px\" aria-hidden=\"true\" class=\"wp-block-spacer\"><\/div>\n\n\n\n<figure class=\"wp-block-image size-full\"><img decoding=\"async\" width=\"336\" height=\"400\" src=\"https:\/\/www.zigarren.zone\/wp-content\/uploads\/2023\/07\/Im-Herzen-Havannas-Testimonial-Annette-Meisl-WEB.jpg\" alt=\"\" class=\"wp-image-65289\" srcset=\"https:\/\/www.zigarren.zone\/wp-content\/uploads\/2023\/07\/Im-Herzen-Havannas-Testimonial-Annette-Meisl-WEB.jpg 336w, https:\/\/www.zigarren.zone\/wp-content\/uploads\/2023\/07\/Im-Herzen-Havannas-Testimonial-Annette-Meisl-WEB-10x12.jpg 10w\" sizes=\"(max-width: 336px) 100vw, 336px\" \/><\/figure>\n\n\n\n<div style=\"height:10px\" aria-hidden=\"true\" class=\"wp-block-spacer\"><\/div>\n\n\n\n<p style=\"font-size:1em\"><strong>Annette Meisl \u00e8 la regina dei sigari di Colonia. Il suo salone dei sigari <a href=\"https:\/\/lagalana.de\" target=\"_blank\" rel=\"noreferrer noopener\">LA GALANA<\/a> gode di fama mondiale!<\/strong><\/p>\n\n\n\n<div style=\"height:50px\" aria-hidden=\"true\" class=\"wp-block-spacer\"><\/div>\n\n\n\n<h3 class=\"wp-block-heading\" id=\"h-dein-neues-buch-das-geheimnis-der-zigarrenkonigin-ist-wirklich-ein-buch-also-so-etwas-zum-anfassen-und-blattern-werden-bucher-heute-im-zeitalter-der-kunstlichen-intelligenz-uberhaupt-noch-produziert\">Il suo nuovo libro \"Il segreto della regina del sigaro\" \u00e8 davvero un libro? Quindi, qualcosa che si pu\u00f2 toccare e girare le pagine? Nell'era dell'intelligenza artificiale, i libri vengono ancora prodotti?<\/h3>\n\n\n\n<p style=\"font-size:1em\">Essendo una persona sensuale, un libro come questo deve essere tattile per me, ovviamente! Adoro quando i libri profumano di stampa fresca, poi ci infilo il naso e faccio un respiro profondo. E poi fumare un bel sigaro, cosa si pu\u00f2 volere di pi\u00f9?<\/p>\n\n\n\n<h3 class=\"wp-block-heading\" id=\"h-gibt-s-das-auch-als-ebook\">\u00c8 disponibile anche come eBook?<\/h3>\n\n\n\n<p style=\"font-size:1em\">L'e-book \u00e8 un must al giorno d'oggi, naturalmente. Le persone fanno il giro del mondo e scaricano un romanzo in aeroporto, che poi divorano in coda.<\/p>\n\n\n\n<h3 class=\"wp-block-heading\" id=\"h-wo-kann-man-es-kaufen\">Dove si pu\u00f2 acquistare?<\/h3>\n\n\n\n<p style=\"font-size:1em\"><a href=\"https:\/\/www.amazon.de\/Das-Geheimnis-Zigarrenk\u00f6nigin-Historischer-Roman-ebook\/dp\/B0C8ZMQQZ5\" target=\"_blank\" rel=\"noreferrer noopener\">Su Amazon<\/a> \u00e8 possibile <strong>Libro elettronico<\/strong> pre-ordine.<\/p>\n\n\n\n<p style=\"font-size:1em\"><a href=\"https:\/\/lagalana.de\/products\/annette-meisl-das-geheimnis-der-zigarrenkonigin-historischer-roman-aus-kuba\" target=\"_blank\" rel=\"noreferrer noopener\">A La Galana<\/a> \u00e8 possibile <strong>Libro stampato<\/strong> pre-ordine.<\/p>\n\n\n\n<h3 class=\"wp-block-heading\" id=\"h-am-17-08-23-findet-ein-einzigartiges-event-statt-um-was-geht-es\">Il 17.08.23 si terr\u00e0 un evento unico nel suo genere. Di cosa si tratta?<\/h3>\n\n\n\n<p style=\"font-size:1em\">La direzione del rinomato Volksb\u00fchne am Rudolfplatz di Colonia (ex teatro Millowitsch) mi ha invitato a svelare il segreto della mia Cigar Queen sulle tavole del loro palco. Il fantastico cantante e polistrumentista cubano Ney Portales fornir\u00e0 i caldi ritmi caraibici. Nicholas von der Nahmer, giovane pianista jazz di grande talento il cui bisnonno \u00e8 stato il primo direttore musicale di Colonia, mi accompagner\u00e0 al pianoforte a coda. Dopotutto, non mi limito a rollare sigari, a gestire un'azienda e a viaggiare per il mondo... Canto anche con entusiasmo e ho composto alcune canzoni appositamente per l'occasione.<\/p>\n\n\n\n<h3 class=\"wp-block-heading\" id=\"h-welchen-tipp-mochtest-du-den-lesern-dieses-interviews-mit-auf-den-weg-geben\">Quale consiglio vorrebbe dare ai lettori di questa intervista?<\/h3>\n\n\n\n<p style=\"font-size:1em\">Per quanto a volte le cose vadano male nella vita, non dobbiamo mai perdere la speranza. Ho perso molto nella mia vita. L'amore della mia vita, la fiducia nelle persone che erano importanti per me, la mia esistenza. La strada per arrivare alla donna che sono oggi \u00e8 stata lunga e irta di ostacoli. Eppure ho sempre creduto che in ogni catastrofe si nasconda un dono, anche se a volte ci vuole molto tempo per scoprirlo. Il mio romanzo vuole darvi speranza. E se non riuscite a capire, accendete un bel sigaro e riflettete sulle nuvole di fumo prima che svaniscano nel cielo...<\/p>\n\n\n\n<h3 class=\"wp-block-heading\" id=\"h-ist-das-nicht-schon-liebe-annette-herzlichen-dank-fur-deine-zeit\">Non \u00e8 bellissimo? Cara Annette, grazie mille per il tuo tempo \u2764\ufe0f<\/h3>\n\n\n\n<h2 class=\"wp-block-heading\" id=\"h-la-galana-zigarrensalon-von-weltruf\">Salone del sigaro La Galana di fama mondiale<\/h2>\n\n\n\n<div style=\"height:50px\" aria-hidden=\"true\" class=\"wp-block-spacer\"><\/div>\n\n\n\n<iframe src=\"https:\/\/www.google.com\/maps\/embed?pb=!1m18!1m12!1m3!1d2513.7825228898623!2d6.922449677235936!3d50.9462348716911!2m3!1f0!2f0!3f0!3m2!1i1024!2i768!4f13.1!3m3!1m2!1s0x47bf2516db41890b%3A0x6c9e47bc1afe57d1!2sLa%20Galana%20Zigarrenmanufaktur%20und%20Salon!5e0!3m2!1sde!2sch!4v1690701109194!5m2!1sde!2sch\" width=\"600\" height=\"450\" style=\"border:0;\" allowfullscreen=\"\" loading=\"lazy\" referrerpolicy=\"no-referrer-when-downgrade\"><\/iframe>\n\n\n\n<div style=\"height:50px\" aria-hidden=\"true\" class=\"wp-block-spacer\"><\/div>\n\n\n\n<h2 class=\"wp-block-heading\" id=\"ressourcen-zum-thema\">Risorse sul tema<\/h2>\n\n\n\n<p style=\"font-size:1em\"><a href=\"https:\/\/www.amazon.de\/Das-Geheimnis-Zigarrenk\u00f6nigin-Historischer-Roman-ebook\/dp\/B0C8ZMQQZ5\" target=\"_blank\" rel=\"noreferrer noopener\">Su Amazon<\/a> \u00e8 possibile <strong>Libro elettronico<\/strong> pre-ordine<\/p>\n\n\n\n<p style=\"font-size:1em\"><a href=\"https:\/\/lagalana.de\/products\/annette-meisl-das-geheimnis-der-zigarrenkonigin-historischer-roman-aus-kuba\" target=\"_blank\" rel=\"noreferrer noopener\">A La Galana<\/a> \u00e8 possibile <strong>Libro stampato<\/strong> pre-ordine<\/p>\n\n\n\n<p style=\"font-size:1em\"><a href=\"https:\/\/lagalana.de\" target=\"_blank\" rel=\"noreferrer noopener\">Salone del sigaro La Galana a Colonia<\/a><\/p>\n\n\n\n<h2 class=\"wp-block-heading\" id=\"h-das-konnte-dich-auch-interessieren\">Questo potrebbe interessarti anche<\/h2>\n\n\n\n<p style=\"font-size:1em\"><a href=\"https:\/\/www.zigarren.zone\/de\/live-vor-premiere-auf-youtube-die-dich-begeistern-wird\/\">Annette Meisl e la sua recensione del film \"Nel cuore dell'Avana<\/a><\/p>\n\n\n\n<p class=\"has-black-color has-text-color\" style=\"font-size:1em\">Spero che il mio ultimo articolo vi sia piaciuto e che abbiate trovato interessanti le informazioni in esso contenute. Sono molto entusiasta di ascoltare le vostre opinioni e non vedo l'ora di leggere i vostri commenti \ud83e\udd17<\/p>\n\n\n\n\n\n<p><\/p>","protected":false},"excerpt":{"rendered":"<p>Il segreto della regina del sigaro \u00e8 il nuovo libro di Annette Meisl. Ha dedicato molto tempo alla ricerca. In una conversazione con me, ha...<\/p>","protected":false},"author":2,"featured_media":65486,"comment_status":"open","ping_status":"closed","sticky":false,"template":"","format":"standard","meta":{"jetpack_post_was_ever_published":false,"_jetpack_newsletter_access":"","_jetpack_dont_email_post_to_subs":false,"_jetpack_newsletter_tier_id":0,"_jetpack_memberships_contains_paywalled_content":false,"_jetpack_memberships_contains_paid_content":false,"footnotes":""},"categories":[662],"tags":[378,6387],"class_list":["post-65485","post","type-post","status-publish","format-standard","has-post-thumbnail","hentry","category-marktplatz","tag-annette-meisl","tag-open-access",""],"jetpack_featured_media_url":"https:\/\/www.zigarren.zone\/wp-content\/uploads\/2023\/07\/Annette-Meisl.jpg","jetpack_sharing_enabled":true,"_links":{"self":[{"href":"https:\/\/www.zigarren.zone\/it\/wp-json\/wp\/v2\/posts\/65485","targetHints":{"allow":["GET"]}}],"collection":[{"href":"https:\/\/www.zigarren.zone\/it\/wp-json\/wp\/v2\/posts"}],"about":[{"href":"https:\/\/www.zigarren.zone\/it\/wp-json\/wp\/v2\/types\/post"}],"author":[{"embeddable":true,"href":"https:\/\/www.zigarren.zone\/it\/wp-json\/wp\/v2\/users\/2"}],"replies":[{"embeddable":true,"href":"https:\/\/www.zigarren.zone\/it\/wp-json\/wp\/v2\/comments?post=65485"}],"version-history":[{"count":0,"href":"https:\/\/www.zigarren.zone\/it\/wp-json\/wp\/v2\/posts\/65485\/revisions"}],"wp:featuredmedia":[{"embeddable":true,"href":"https:\/\/www.zigarren.zone\/it\/wp-json\/wp\/v2\/media\/65486"}],"wp:attachment":[{"href":"https:\/\/www.zigarren.zone\/it\/wp-json\/wp\/v2\/media?parent=65485"}],"wp:term":[{"taxonomy":"category","embeddable":true,"href":"https:\/\/www.zigarren.zone\/it\/wp-json\/wp\/v2\/categories?post=65485"},{"taxonomy":"post_tag","embeddable":true,"href":"https:\/\/www.zigarren.zone\/it\/wp-json\/wp\/v2\/tags?post=65485"}],"curies":[{"name":"wp","href":"https:\/\/api.w.org\/{rel}","templated":true}]}}