{"id":62030,"date":"2023-05-04T08:18:31","date_gmt":"2023-05-04T06:18:31","guid":{"rendered":"https:\/\/www.zigarren.zone\/?p=62030"},"modified":"2025-08-21T22:49:30","modified_gmt":"2025-08-21T20:49:30","slug":"habanos-day-2023-iscriviti-ora-e-vivi-una-giornata-piena-di-divertimento-e-scoperte","status":"publish","type":"post","link":"https:\/\/www.zigarren.zone\/it\/habanos-day-2023-jetzt-anmelden-und-einen-tag-voller-genuss-und-entdeckungen-erleben\/","title":{"rendered":"Giornata Habanos 2023: Registratevi ora e vivete una giornata piena di divertimento e di scoperte."},"content":{"rendered":"<p class=\"has-medium-font-size\"><strong>Habanos Day 2023: Il Castello di B\u00fcckeburg, sede della Casa Principesca di Schaumburg Lippe, aprir\u00e0 le sue porte per l'Habanos Day di quest'anno, sabato 2 settembre 2023. Un invito che gli amanti dei sigari pregiati e degli alcolici pi\u00f9 raffinati non dovrebbero lasciarsi sfuggire.<\/strong><\/p>\n\n\n\n<p class=\"yoast-reading-time__wrapper\"><span class=\"yoast-reading-time__icon\"><\/span><span class=\"yoast-reading-time__descriptive-text\">Tempo di lettura previsto:  <\/span><span class=\"yoast-reading-time__reading-time\">2<\/span><span class=\"yoast-reading-time__time-unit\"> Verbale<\/span><\/p>\n\n\n\n<div class=\"wp-block-yoast-seo-table-of-contents yoast-table-of-contents\"><h2>Indice dei contenuti<\/h2><ul><li><a href=\"#titel-1\" data-level=\"2\">Habanos Day, il programma<\/a><\/li><li><a href=\"#h-hier-anmelden\" data-level=\"2\">Registrati qui<\/a><\/li><li><a href=\"#ressourcen-zum-thema\" data-level=\"2\">Risorse sul tema<\/a><\/li><li><a href=\"#h-das-konnte-dich-auch-interessieren\" data-level=\"2\">Questo potrebbe interessarti anche<\/a><\/li><\/ul><\/div>\n\n\n\n\n\n<h2 class=\"wp-block-heading\" id=\"titel-1\">Habanos Day, il programma<\/h2>\n\n\n\n<p style=\"font-size:18px\">Questa \"Giornata dell'Avana\" \u00e8 sempre qualcosa di molto speciale. Il variegato programma promette molti argomenti interessanti che vale la pena conoscere. Relatori come J\u00fcrgen Deibel e Christine D\u00f6rdelmann presenteranno le ultime tendenze del mondo degli alcolici, oltre a interessanti approfondimenti sul mondo dei vini. Marc Andr\u00e9 far\u00e0 luce sul tema del trasferimento degli aromi e un'importante torcedora di Cuba mostrer\u00e0 come arrotolare i sigari \"Totalmente a mano\". Claudia Puszkar-Vetter accompagner\u00e0 i visitatori in un viaggio nell'Avana storica e J\u00f6rg Werker presenter\u00e0 gli accessori per gli appassionati. L'esperto di t\u00e8 Marten Verch accompagner\u00e0 i partecipanti in un'escursione nel mondo di quella che \u00e8 probabilmente la bevanda da infusione pi\u00f9 conosciuta.<\/p>\n\n\n\n<p style=\"font-size:18px\">Dopo i workshop, gli ospiti potranno assistere a una serata cubana con specialit\u00e0 culinarie, ottimi Habanos e molto altro ancora.\u00a0<\/p>\n\n\n\n<h2 class=\"wp-block-heading\" id=\"h-hier-anmelden\">Registrati qui<\/h2>\n\n\n\n<p style=\"font-size:18px\">Chi desidera arrivare il 1\u00b0 settembre pu\u00f2 partecipare allo Smoke-In nel castello a partire dalle 19.00.<\/p>\n\n\n\n<div style=\"height:50px\" aria-hidden=\"true\" class=\"wp-block-spacer\"><\/div>\n\n\n\n<div class=\"wp-block-buttons is-layout-flex wp-block-buttons-is-layout-flex\">\n<div class=\"wp-block-button\"><a class=\"wp-block-button__link has-black-color has-text-color has-background wp-element-button\" href=\"https:\/\/www.habanosday.de\/\" style=\"background-color:#ffd700\" target=\"_blank\" rel=\"noreferrer noopener\"><strong>Registrati qui per l'Habanos Day<\/strong><\/a><\/div>\n<\/div>\n\n\n\n<div style=\"height:50px\" aria-hidden=\"true\" class=\"wp-block-spacer\"><\/div>\n\n\n\n<p style=\"font-size:18px\">Qui potete anche selezionare i seminari desiderati e trovare una panoramica degli hotel vicini con cui sono stati concordati i contingenti di camere.\u00a0<\/p>\n\n\n\n<div style=\"height:50px\" aria-hidden=\"true\" class=\"wp-block-spacer\"><\/div>\n\n\n\n<figure class=\"wp-block-image size-full\"><img decoding=\"async\" width=\"1000\" height=\"667\" src=\"https:\/\/www.zigarren.zone\/wp-content\/uploads\/2023\/05\/habanos_day_2022_1.jpg\" alt=\"Giornata Habanos\" class=\"wp-image-62035\" srcset=\"https:\/\/www.zigarren.zone\/wp-content\/uploads\/2023\/05\/habanos_day_2022_1.jpg 1000w, https:\/\/www.zigarren.zone\/wp-content\/uploads\/2023\/05\/habanos_day_2022_1-768x512.jpg 768w, https:\/\/www.zigarren.zone\/wp-content\/uploads\/2023\/05\/habanos_day_2022_1-624x416.jpg 624w\" sizes=\"(max-width: 1000px) 100vw, 1000px\" \/><\/figure>\n\n\n\n<div style=\"height:50px\" aria-hidden=\"true\" class=\"wp-block-spacer\"><\/div>\n\n\n\n<p class=\"has-black-color has-text-color\" style=\"font-size:1em\">Spero che il mio ultimo articolo vi sia piaciuto e che abbiate trovato interessanti le informazioni in esso contenute. Sono molto entusiasta di ascoltare le vostre opinioni e non vedo l'ora di leggere i vostri commenti \ud83e\udd17<\/p>\n\n\n\n<h2 class=\"wp-block-heading\" id=\"ressourcen-zum-thema\">Risorse sul tema<\/h2>\n\n\n\n<p style=\"font-size:18px\"><a href=\"https:\/\/www.habanosday.de\/\" target=\"_blank\" rel=\"noreferrer noopener\">Sito web dell'Habanos Day<\/a><\/p>\n\n\n\n<p style=\"font-size:1em\">Vuoi portare le tue recensioni di sigari al livello successivo? Cigars.Zone gratuito <a href=\"https:\/\/www.zigarren.zone\/zigarren-bewerten-tastingtool\/\">Scarica lo strumento di degustazione.<\/a><\/p>\n\n\n\n<p style=\"font-size:1em\"><a href=\"https:\/\/www.zigarren.zone\/hilfreiche-zigarren-tipps\/\" target=\"_blank\" rel=\"noreferrer noopener\">Consigli utili:<\/a> Dal \"retronasal\", alla \"tecnica R+\", all'\"umami\" e alla differenza di conservazione dei sigari tra Non Cuba e Cuba.<\/p>\n\n\n\n<h2 class=\"wp-block-heading\" id=\"h-das-konnte-dich-auch-interessieren\">Questo potrebbe interessarti anche<\/h2>\n\n\n\n<figure class=\"wp-block-embed is-type-wp-embed is-provider-zigarren-zone-onlinemagazin wp-block-embed-zigarren-zone-onlinemagazin\"><div class=\"wp-block-embed__wrapper\">\nhttps:\/\/www.zigarren.zone\/habanos-day-2021\/\n<\/div><\/figure>\n\n\n\n\n\n\n\n<p><\/p>","protected":false},"excerpt":{"rendered":"<p>Habanos Day 2023: Il Castello di B\u00fcckeburg, sede della Casa Principesca di Schaumburg Lippe, aprir\u00e0 le sue porte sabato 2 settembre 2023 per l'Habanos Day di quest'anno...<\/p>","protected":false},"author":2,"featured_media":62036,"comment_status":"open","ping_status":"closed","sticky":false,"template":"","format":"standard","meta":{"jetpack_post_was_ever_published":false,"_jetpack_newsletter_access":"","_jetpack_dont_email_post_to_subs":false,"_jetpack_newsletter_tier_id":0,"_jetpack_memberships_contains_paywalled_content":false,"_jetpack_memberships_contains_paid_content":false,"footnotes":""},"categories":[6291,662],"tags":[852,6387,666],"class_list":["post-62030","post","type-post","status-publish","format-standard","has-post-thumbnail","hentry","category-event","category-marktplatz","tag-habanos-day","tag-open-access","tag-world-of-habanos",""],"jetpack_featured_media_url":"https:\/\/www.zigarren.zone\/wp-content\/uploads\/2023\/05\/habanos_day_2022_2.jpg","jetpack_sharing_enabled":true,"_links":{"self":[{"href":"https:\/\/www.zigarren.zone\/it\/wp-json\/wp\/v2\/posts\/62030","targetHints":{"allow":["GET"]}}],"collection":[{"href":"https:\/\/www.zigarren.zone\/it\/wp-json\/wp\/v2\/posts"}],"about":[{"href":"https:\/\/www.zigarren.zone\/it\/wp-json\/wp\/v2\/types\/post"}],"author":[{"embeddable":true,"href":"https:\/\/www.zigarren.zone\/it\/wp-json\/wp\/v2\/users\/2"}],"replies":[{"embeddable":true,"href":"https:\/\/www.zigarren.zone\/it\/wp-json\/wp\/v2\/comments?post=62030"}],"version-history":[{"count":0,"href":"https:\/\/www.zigarren.zone\/it\/wp-json\/wp\/v2\/posts\/62030\/revisions"}],"wp:featuredmedia":[{"embeddable":true,"href":"https:\/\/www.zigarren.zone\/it\/wp-json\/wp\/v2\/media\/62036"}],"wp:attachment":[{"href":"https:\/\/www.zigarren.zone\/it\/wp-json\/wp\/v2\/media?parent=62030"}],"wp:term":[{"taxonomy":"category","embeddable":true,"href":"https:\/\/www.zigarren.zone\/it\/wp-json\/wp\/v2\/categories?post=62030"},{"taxonomy":"post_tag","embeddable":true,"href":"https:\/\/www.zigarren.zone\/it\/wp-json\/wp\/v2\/tags?post=62030"}],"curies":[{"name":"wp","href":"https:\/\/api.w.org\/{rel}","templated":true}]}}