{"id":75941,"date":"2025-10-20T20:29:56","date_gmt":"2025-10-20T18:29:56","guid":{"rendered":"https:\/\/www.zigarren.zone\/?p=75941"},"modified":"2025-10-20T20:29:56","modified_gmt":"2025-10-20T18:29:56","slug":"cigarmundi","status":"publish","type":"post","link":"https:\/\/www.zigarren.zone\/fr\/cigarmundi\/","title":{"rendered":"Aladino, Tabernacle &amp; G\u00e9rard : Carlos parle de savoir, de plaisir et de la valeur de la tradition"},"content":{"rendered":"<p>\"Je me r\u00e9jouis \u00e0 chaque fois <strong>Manuel's Genussoase \u00e0 la L\u00f6wenstrasse<\/strong> peut visiter\", dit <strong>Carlos Andr\u00e9s<\/strong> avec le sourire. Il est le propri\u00e9taire de Cigarmundi GmbH, importateur de cigares boutique pour la Suisse et un enrichissement de la sc\u00e8ne cigari\u00e8re locale. D\u00e8s son entr\u00e9e dans la foire maison, il \u00e9tait clair pour lui qu'il ne s'agissait pas seulement de cigares - il s'agit de rencontres, d'\u00e9changes et de passion. \"Comme toujours, j'attends avec impatience les nombreux visiteurs et leurs questions passionnantes\", raconte-t-il. Et comme chaque ann\u00e9e, celles-ci ne se sont pas fait attendre.<\/p>\n\n\n\n<div class=\"wp-block-rank-math-toc-block\" id=\"rank-math-toc\"><h2>Table des mati\u00e8res<\/h2><nav><ul><li><a href=\"#10-jahre-feria-del-tabaco-genuss-trifft-leidenschaft\">10 ans de Feria del Tabaco - Le plaisir rencontre la passion<\/a><\/li><li><a href=\"#ein-traditionsunternehmen-in-neuen-handen\">Trois d\u00e9lices pour les aficionados<\/a><\/li><li><a href=\"#montecristo-open-slam-diskret-am-stand-der-intertabak\">Des discussions profondes - et une question inattendue<\/a><\/li><li><a href=\"#die-wahrheit-hinter-aladino\">La v\u00e9rit\u00e9 derri\u00e8re Aladino<\/a><\/li><li><a href=\"#genuss-als-gelebte-tradition\">Le plaisir comme tradition v\u00e9cue<\/a><\/li><li><a href=\"#das-waren-die-aussteller-der-feria-del-tabaco-2025\">Voici les exposants de la Feria del Tabaco 2025<\/a><\/li><li><a href=\"#ressourcen-zum-thema\">Ressources sur le sujet<\/a><\/li><\/ul><\/nav><\/div>\n\n\n\n<div style=\"height:50px\" aria-hidden=\"true\" class=\"wp-block-spacer\"><\/div>\n\n\n\n<figure class=\"wp-block-image size-full\"><img decoding=\"async\" width=\"1000\" height=\"659\" src=\"https:\/\/www.zigarren.zone\/wp-content\/uploads\/2025\/10\/feria_del_tabaco_2025.jpg\" alt=\"\" class=\"wp-image-75844\" srcset=\"https:\/\/www.zigarren.zone\/wp-content\/uploads\/2025\/10\/feria_del_tabaco_2025.jpg 1000w, https:\/\/www.zigarren.zone\/wp-content\/uploads\/2025\/10\/feria_del_tabaco_2025-768x506.jpg 768w, https:\/\/www.zigarren.zone\/wp-content\/uploads\/2025\/10\/feria_del_tabaco_2025-18x12.jpg 18w, https:\/\/www.zigarren.zone\/wp-content\/uploads\/2025\/10\/feria_del_tabaco_2025-624x411.jpg 624w\" sizes=\"(max-width: 1000px) 100vw, 1000px\" \/><\/figure>\n\n\n\n<div style=\"height:50px\" aria-hidden=\"true\" class=\"wp-block-spacer\"><\/div>\n\n\n\n<h2 class=\"wp-block-heading\" id=\"10-jahre-feria-del-tabaco-genuss-trifft-leidenschaft\">10 ans de Feria del Tabaco - Le plaisir rencontre la passion<\/h2>\n\n\n\n<p style=\"font-size:1em\">Un salon interne unique \u00e0 Zurich : <strong>MANUEL'S<\/strong> r\u00e9unit des importateurs de cigares, des fabricants et des aficionados pour une rencontre savoureuse d'un genre particulier. Depuis maintenant dix ans, la <strong>Foire du tabac<\/strong> Les amateurs de cigares se r\u00e9unissent \u00e0 Zurich. Ce qui a commenc\u00e9 comme un petit salon interne est aujourd'hui un rendez-vous incontournable dans le calendrier de la sc\u00e8ne suisse du cigare. De nombreux importateurs y pr\u00e9sentent leurs cigares exclusifs, leurs accessoires et leurs nouveaut\u00e9s. Pendant deux jours, la ville se transforme <strong>MANUEL'S<\/strong> en un forum vivant du plaisir : discussions, tastings, nouveaut\u00e9s et rencontres - le tout sous le signe du cigare. Un anniversaire qui ne sera pas seulement f\u00eat\u00e9, mais aussi savour\u00e9.<\/p>\n\n\n\n<div style=\"height:50px\" aria-hidden=\"true\" class=\"wp-block-spacer\"><\/div>\n\n\n\n<figure class=\"wp-block-image size-full\"><img decoding=\"async\" width=\"1000\" height=\"667\" src=\"https:\/\/www.zigarren.zone\/wp-content\/uploads\/2025\/10\/cigarmundi-feria_del_tabaco_25_manuels-dscf4203.jpg\" alt=\"\" class=\"wp-image-75920\" srcset=\"https:\/\/www.zigarren.zone\/wp-content\/uploads\/2025\/10\/cigarmundi-feria_del_tabaco_25_manuels-dscf4203.jpg 1000w, https:\/\/www.zigarren.zone\/wp-content\/uploads\/2025\/10\/cigarmundi-feria_del_tabaco_25_manuels-dscf4203-768x512.jpg 768w, https:\/\/www.zigarren.zone\/wp-content\/uploads\/2025\/10\/cigarmundi-feria_del_tabaco_25_manuels-dscf4203-18x12.jpg 18w, https:\/\/www.zigarren.zone\/wp-content\/uploads\/2025\/10\/cigarmundi-feria_del_tabaco_25_manuels-dscf4203-624x416.jpg 624w\" sizes=\"(max-width: 1000px) 100vw, 1000px\" \/><\/figure>\n\n\n\n<div style=\"height:10px\" aria-hidden=\"true\" class=\"wp-block-spacer\"><\/div>\n\n\n\n<h4 class=\"wp-block-heading\" id=\"h-beschreibung-des-bildes\" style=\"font-size:1em\"><strong>Carlos Andr\u00e9s<\/strong> - Propri\u00e9taire de Cigarmundi GmbH, importateur de cigares boutique pour la Suisse et un enrichissement de la sc\u00e8ne cigari\u00e8re locale. <\/h4>\n\n\n\n<div style=\"height:50px\" aria-hidden=\"true\" class=\"wp-block-spacer\"><\/div>\n\n\n\n<h2 class=\"wp-block-heading\" id=\"ein-traditionsunternehmen-in-neuen-handen\"><strong><strong>Trois d\u00e9lices pour les aficionados<\/strong><\/strong><\/h2>\n\n\n\n<div style=\"height:50px\" aria-hidden=\"true\" class=\"wp-block-spacer\"><\/div>\n\n\n\n<figure class=\"wp-block-image size-full\"><img decoding=\"async\" width=\"1000\" height=\"667\" src=\"https:\/\/www.zigarren.zone\/wp-content\/uploads\/2025\/10\/cigarmundi-feria_del_tabaco_25_manuels-dscf4227.jpg\" alt=\"\" class=\"wp-image-75921\" srcset=\"https:\/\/www.zigarren.zone\/wp-content\/uploads\/2025\/10\/cigarmundi-feria_del_tabaco_25_manuels-dscf4227.jpg 1000w, https:\/\/www.zigarren.zone\/wp-content\/uploads\/2025\/10\/cigarmundi-feria_del_tabaco_25_manuels-dscf4227-768x512.jpg 768w, https:\/\/www.zigarren.zone\/wp-content\/uploads\/2025\/10\/cigarmundi-feria_del_tabaco_25_manuels-dscf4227-18x12.jpg 18w, https:\/\/www.zigarren.zone\/wp-content\/uploads\/2025\/10\/cigarmundi-feria_del_tabaco_25_manuels-dscf4227-624x416.jpg 624w\" sizes=\"(max-width: 1000px) 100vw, 1000px\" \/><\/figure>\n\n\n\n<div style=\"height:50px\" aria-hidden=\"true\" class=\"wp-block-spacer\"><\/div>\n\n\n\n<p>Trois nouveaut\u00e9s ont \u00e9t\u00e9 pr\u00e9sent\u00e9es sur le stand de Carlos - toutes de v\u00e9ritables points forts pour les amateurs de tabacs les plus fins :<\/p>\n\n\n\n<ul class=\"wp-block-list\">\n<li><strong>Aladino Classic Toro<\/strong> de <strong>Honduras<\/strong><\/li>\n\n\n\n<li><strong>Fondation Tabernacle Robusto<\/strong> de <strong>Nicaragua<\/strong><\/li>\n\n\n\n<li><strong>G\u00e9rard No. 9<\/strong> - \u00e9galement de <strong>Nicaragua<\/strong><\/li>\n<\/ul>\n\n\n\n<p>\"Trois marques diff\u00e9rentes, trois \u00e9critures diff\u00e9rentes - et pourtant, la m\u00eame passion pour la qualit\u00e9 les unit\", d\u00e9clare fi\u00e8rement Carlos.<\/p>\n\n\n\n<h2 class=\"wp-block-heading\" id=\"montecristo-open-slam-diskret-am-stand-der-intertabak\"><strong>Des discussions profondes - et une question inattendue<\/strong><\/h2>\n\n\n\n<div style=\"height:50px\" aria-hidden=\"true\" class=\"wp-block-spacer\"><\/div>\n\n\n\n<figure class=\"wp-block-image size-full\"><img decoding=\"async\" width=\"1000\" height=\"667\" src=\"https:\/\/www.zigarren.zone\/wp-content\/uploads\/2025\/10\/cigarmundi-feria_del_tabaco_25_manuels-dscf4227.jpg\" alt=\"\" class=\"wp-image-75921\" srcset=\"https:\/\/www.zigarren.zone\/wp-content\/uploads\/2025\/10\/cigarmundi-feria_del_tabaco_25_manuels-dscf4227.jpg 1000w, https:\/\/www.zigarren.zone\/wp-content\/uploads\/2025\/10\/cigarmundi-feria_del_tabaco_25_manuels-dscf4227-768x512.jpg 768w, https:\/\/www.zigarren.zone\/wp-content\/uploads\/2025\/10\/cigarmundi-feria_del_tabaco_25_manuels-dscf4227-18x12.jpg 18w, https:\/\/www.zigarren.zone\/wp-content\/uploads\/2025\/10\/cigarmundi-feria_del_tabaco_25_manuels-dscf4227-624x416.jpg 624w\" sizes=\"(max-width: 1000px) 100vw, 1000px\" \/><\/figure>\n\n\n\n<div style=\"height:50px\" aria-hidden=\"true\" class=\"wp-block-spacer\"><\/div>\n\n\n\n<p>Ce qui l'a particuli\u00e8rement impressionn\u00e9 cette ann\u00e9e, c'est l'augmentation des connaissances techniques des visiteurs. \"Les aficionados sont de plus en plus inform\u00e9s d'ann\u00e9e en ann\u00e9e. Cela donne lieu \u00e0 des discussions vraiment passionnantes sur les blends, les vari\u00e9t\u00e9s de tabac ou les r\u00e9gions de culture\". Il rit en se souvenant d'un moment : \"L'un d'eux a m\u00eame voulu <strong>Valeurs pH des sols<\/strong> C'est l\u00e0 que j'ai atteint la fin de mon apprentissage !\" \u263a\ufe0f<\/p>\n\n\n\n<h2 class=\"wp-block-heading\" id=\"die-wahrheit-hinter-aladino\">La v\u00e9rit\u00e9 derri\u00e8re Aladino<\/h2>\n\n\n\n<p>Ceux qui me connaissent savent que je pose de temps en temps des questions provocantes - mais charmantes et amusantes. Et c'est le cas ici : \"Est-il vrai que le propri\u00e9taire de la marque Aladino est \u00e0 l'origine issu d'une famille de cirque ?\". Carlos sourit. \"Jolie id\u00e9e, mais ce n'est pas le cas. La v\u00e9rit\u00e9 est bien plus terre \u00e0 terre - et pourtant belle : en <strong>Danl\u00ed, Honduras<\/strong>Le cin\u00e9ma \u00e9tait autrefois exploit\u00e9 <em>Aladino<\/em> s'appelait l'atelier. La famille Eiroa a repris ces locaux et les a int\u00e9gr\u00e9s dans sa manufacture de cigares. C'est ainsi qu'est n\u00e9 le nom de la marque - en hommage \u00e0 l'ancien cin\u00e9ma\".<\/p>\n\n\n\n<div style=\"height:50px\" aria-hidden=\"true\" class=\"wp-block-spacer\"><\/div>\n\n\n\n<figure class=\"wp-block-image size-full\"><img decoding=\"async\" width=\"1000\" height=\"667\" src=\"https:\/\/www.zigarren.zone\/wp-content\/uploads\/2025\/10\/cigarmundi-feria_del_tabaco_25_manuels-dscf3581.jpg\" alt=\"\" class=\"wp-image-75918\" srcset=\"https:\/\/www.zigarren.zone\/wp-content\/uploads\/2025\/10\/cigarmundi-feria_del_tabaco_25_manuels-dscf3581.jpg 1000w, https:\/\/www.zigarren.zone\/wp-content\/uploads\/2025\/10\/cigarmundi-feria_del_tabaco_25_manuels-dscf3581-768x512.jpg 768w, https:\/\/www.zigarren.zone\/wp-content\/uploads\/2025\/10\/cigarmundi-feria_del_tabaco_25_manuels-dscf3581-18x12.jpg 18w, https:\/\/www.zigarren.zone\/wp-content\/uploads\/2025\/10\/cigarmundi-feria_del_tabaco_25_manuels-dscf3581-624x416.jpg 624w\" sizes=\"(max-width: 1000px) 100vw, 1000px\" \/><\/figure>\n\n\n\n<div style=\"height:50px\" aria-hidden=\"true\" class=\"wp-block-spacer\"><\/div>\n\n\n\n<h2 class=\"wp-block-heading\" id=\"genuss-als-gelebte-tradition\">Le plaisir comme tradition v\u00e9cue<\/h2>\n\n\n\n<div style=\"height:50px\" aria-hidden=\"true\" class=\"wp-block-spacer\"><\/div>\n\n\n\n<figure class=\"wp-block-image size-full\"><img decoding=\"async\" width=\"1000\" height=\"667\" src=\"https:\/\/www.zigarren.zone\/wp-content\/uploads\/2025\/10\/cigarmundi-feria_del_tabaco_25_manuels-dscf4250.jpg\" alt=\"\" class=\"wp-image-75922\" srcset=\"https:\/\/www.zigarren.zone\/wp-content\/uploads\/2025\/10\/cigarmundi-feria_del_tabaco_25_manuels-dscf4250.jpg 1000w, https:\/\/www.zigarren.zone\/wp-content\/uploads\/2025\/10\/cigarmundi-feria_del_tabaco_25_manuels-dscf4250-768x512.jpg 768w, https:\/\/www.zigarren.zone\/wp-content\/uploads\/2025\/10\/cigarmundi-feria_del_tabaco_25_manuels-dscf4250-18x12.jpg 18w, https:\/\/www.zigarren.zone\/wp-content\/uploads\/2025\/10\/cigarmundi-feria_del_tabaco_25_manuels-dscf4250-624x416.jpg 624w\" sizes=\"(max-width: 1000px) 100vw, 1000px\" \/><\/figure>\n\n\n\n<div style=\"height:50px\" aria-hidden=\"true\" class=\"wp-block-spacer\"><\/div>\n\n\n\n<p>Ensuite, Carlos parle d'un sujet qui en touche plus d'un - la <strong>le renforcement de la l\u00e9gislation sur le tabac<\/strong>. Ses paroles sont calmes, mais fermes : \"Le cigare est une tradition v\u00e9cue et un plaisir pour tous. Il procure un revenu stable \u00e0 des centaines de milliers de personnes - surtout dans les Cara\u00efbes et en Am\u00e9rique centrale - depuis des g\u00e9n\u00e9rations\".<\/p>\n\n\n\n<div style=\"height:50px\" aria-hidden=\"true\" class=\"wp-block-spacer\"><\/div>\n\n\n\n<figure class=\"wp-block-image size-full\"><img decoding=\"async\" width=\"1000\" height=\"667\" src=\"https:\/\/www.zigarren.zone\/wp-content\/uploads\/2025\/10\/cigarmundi-feria_del_tabaco_25_manuels-dscf3601.jpg\" alt=\"\" class=\"wp-image-75919\" srcset=\"https:\/\/www.zigarren.zone\/wp-content\/uploads\/2025\/10\/cigarmundi-feria_del_tabaco_25_manuels-dscf3601.jpg 1000w, https:\/\/www.zigarren.zone\/wp-content\/uploads\/2025\/10\/cigarmundi-feria_del_tabaco_25_manuels-dscf3601-768x512.jpg 768w, https:\/\/www.zigarren.zone\/wp-content\/uploads\/2025\/10\/cigarmundi-feria_del_tabaco_25_manuels-dscf3601-18x12.jpg 18w, https:\/\/www.zigarren.zone\/wp-content\/uploads\/2025\/10\/cigarmundi-feria_del_tabaco_25_manuels-dscf3601-624x416.jpg 624w\" sizes=\"(max-width: 1000px) 100vw, 1000px\" \/><\/figure>\n\n\n\n<p>Puis il prononce ce qui est sans doute la plus belle phrase de la journ\u00e9e : \".<strong>Ne laissez personne vous priver de vos moments de d\u00e9tente et de plaisir.<\/strong>\"<\/p>\n\n\n\n<p>Carlos repr\u00e9sente ce qui fait le monde du cigare : le savoir, la passion et le respect de l'artisanat. Avec des marques comme <strong>Aladino<\/strong>, <strong>Tabernacle de la Fondation<\/strong> et <strong>G\u00e9rard<\/strong> il montre que les cigares sont bien plus que du tabac - ils sont un morceau de culture, d'histoire et de joie de vivre.<\/p>\n\n\n\n<div style=\"height:50px\" aria-hidden=\"true\" class=\"wp-block-spacer\"><\/div>\n\n\n\n<h2 class=\"wp-block-heading\" id=\"das-waren-die-aussteller-der-feria-del-tabaco-2025\">Voici les exposants de la Feria del Tabaco 2025<\/h2>\n\n\n\n<p style=\"font-size:1em\"><a href=\"https:\/\/www.zigarren.zone\/tag\/feria-del-tabaco-2025\/\">Les exposants s'expriment lors de la Feria del Tabaco 2025 : cliquez ici pour voir les portraits.<\/a><\/p>\n\n\n\n<figure class=\"wp-block-image size-full\"><img decoding=\"async\" width=\"1000\" height=\"667\" src=\"https:\/\/www.zigarren.zone\/wp-content\/uploads\/2025\/10\/ALLE-AUSSTELLER-feria_del_tabaco_25_manuels-dscf4297.jpg\" alt=\"\" class=\"wp-image-75923\" srcset=\"https:\/\/www.zigarren.zone\/wp-content\/uploads\/2025\/10\/ALLE-AUSSTELLER-feria_del_tabaco_25_manuels-dscf4297.jpg 1000w, https:\/\/www.zigarren.zone\/wp-content\/uploads\/2025\/10\/ALLE-AUSSTELLER-feria_del_tabaco_25_manuels-dscf4297-768x512.jpg 768w, https:\/\/www.zigarren.zone\/wp-content\/uploads\/2025\/10\/ALLE-AUSSTELLER-feria_del_tabaco_25_manuels-dscf4297-18x12.jpg 18w, https:\/\/www.zigarren.zone\/wp-content\/uploads\/2025\/10\/ALLE-AUSSTELLER-feria_del_tabaco_25_manuels-dscf4297-624x416.jpg 624w\" sizes=\"(max-width: 1000px) 100vw, 1000px\" \/><\/figure>\n\n\n\n<p>Rang\u00e9e du haut, de gauche \u00e0 droite : Manuel Fr\u00f6hlich (Manuel's), Stefano Nett (Compa\u00f1\u00eda de Tabacos), Carlos Andr\u00e9s (Cigarmundi), Dirk Behrendt (Hartl Premium Tobacco), Matthieu Rebjock (Oettinger Davidoff), Toni Galatti (Intertabak)<\/p>\n\n\n\n<p>Rang\u00e9e du bas, de gauche \u00e0 droite : Lajos Horv\u00e1th (ImpCor), Dominik Mezzomo (The Royal Cigar Company), Yoel Portuondo (La Flo de Portuondo), Salvatore Schaffner (Uniportis).<\/p>\n\n\n\n<div style=\"height:50px\" aria-hidden=\"true\" class=\"wp-block-spacer\"><\/div>\n\n\n\n<h3 class=\"wp-block-heading\" id=\"bildnachweis\">Cr\u00e9dit photo<\/h3>\n\n\n\n<ul class=\"wp-block-list\">\n<li><a href=\"https:\/\/manuels.ch\/\" target=\"_blank\" rel=\"noopener\">Celui de Manuel<\/a><\/li>\n<\/ul>\n\n\n\n<h2 class=\"wp-block-heading\" id=\"ressourcen-zum-thema\">Ressources sur le sujet<\/h2>\n\n\n\n<p><a href=\"https:\/\/www.cigarmundi.com\" target=\"_blank\" rel=\"noopener\">Cigarmundi GmbH<\/a><\/p>\n\n\n\n<div style=\"height:50px\" aria-hidden=\"true\" class=\"wp-block-spacer\"><\/div>\n\n\n\n<figure class=\"wp-block-image size-full is-resized\"><img decoding=\"async\" width=\"472\" height=\"708\" src=\"https:\/\/www.zigarren.zone\/wp-content\/uploads\/2024\/05\/vasilij_100_csf54279.jpg\" alt=\"\" class=\"wp-image-73395\" style=\"aspect-ratio:1;object-fit:contain;width:359px;height:auto\" srcset=\"https:\/\/www.zigarren.zone\/wp-content\/uploads\/2024\/05\/vasilij_100_csf54279.jpg 472w, https:\/\/www.zigarren.zone\/wp-content\/uploads\/2024\/05\/vasilij_100_csf54279-8x12.jpg 8w\" sizes=\"(max-width: 472px) 100vw, 472px\" \/><\/figure>\n\n\n\n<p><strong><strong>Plus de fum\u00e9e. Avec moi.\ud83d\udca8\ud83e\udd17<\/strong><\/strong><\/p>\n\n\n\n<p>YOUTUBE \ud83d\udcfa <a href=\"https:\/\/www.youtube.com\/@genussmitvasilij\" target=\"_blank\" rel=\"noreferrer noopener\">@genussmitvasilij\u00a0<\/a>\u00a0<\/p>\n\n\n\n<p>INSTAGRAM \ud83d\udcf8 <a href=\"https:\/\/www.instagram.com\/v4silij\/\" target=\"_blank\" rel=\"noreferrer noopener\">@v4silij\u00a0<\/a>\u00a0<\/p>\n\n\n\n<p>INSTAGRAM \ud83d\udcf8 <a href=\"https:\/\/www.instagram.com\/zigarrenzone\/\" target=\"_blank\" rel=\"noreferrer noopener\">@zigarrenzone\u00a0<\/a>\u00a0<\/p>\n\n\n\n<div style=\"height:50px\" aria-hidden=\"true\" class=\"wp-block-spacer\"><\/div>\n\n\n<nav aria-label=\"breadcrumbs\" class=\"rank-math-breadcrumb\"><p><span class=\"label\">Tu es ici<\/span> <span class=\"last\">Page d'accueil<\/span><\/p><\/nav>","protected":false},"excerpt":{"rendered":"<p>\"Je me r\u00e9jouis \u00e0 chaque fois que je peux visiter Manuel's Genussoase \u00e0 la L\u00f6wenstrasse\", dit Carlos Andr\u00e9s avec un sourire. Il est le propri\u00e9taire de la...<\/p>","protected":false},"author":2,"featured_media":75922,"comment_status":"closed","ping_status":"closed","sticky":false,"template":"","format":"standard","meta":{"jetpack_post_was_ever_published":false,"_jetpack_newsletter_access":"","_jetpack_dont_email_post_to_subs":false,"_jetpack_newsletter_tier_id":0,"_jetpack_memberships_contains_paywalled_content":false,"_jetpack_memberships_contains_paid_content":false,"footnotes":""},"categories":[6291,662],"tags":[6398,6487,6595,6680,6686,6563],"class_list":["post-75941","post","type-post","status-publish","format-standard","has-post-thumbnail","hentry","category-event","category-marktplatz","tag-aladino","tag-cigarmundi-gmbh","tag-feria-del-tabaco","tag-feria-del-tabaco-2025","tag-gerard","tag-manuels-2",""],"jetpack_featured_media_url":"https:\/\/www.zigarren.zone\/wp-content\/uploads\/2025\/10\/cigarmundi-feria_del_tabaco_25_manuels-dscf4250.jpg","jetpack_sharing_enabled":true,"_links":{"self":[{"href":"https:\/\/www.zigarren.zone\/fr\/wp-json\/wp\/v2\/posts\/75941","targetHints":{"allow":["GET"]}}],"collection":[{"href":"https:\/\/www.zigarren.zone\/fr\/wp-json\/wp\/v2\/posts"}],"about":[{"href":"https:\/\/www.zigarren.zone\/fr\/wp-json\/wp\/v2\/types\/post"}],"author":[{"embeddable":true,"href":"https:\/\/www.zigarren.zone\/fr\/wp-json\/wp\/v2\/users\/2"}],"replies":[{"embeddable":true,"href":"https:\/\/www.zigarren.zone\/fr\/wp-json\/wp\/v2\/comments?post=75941"}],"version-history":[{"count":4,"href":"https:\/\/www.zigarren.zone\/fr\/wp-json\/wp\/v2\/posts\/75941\/revisions"}],"predecessor-version":[{"id":75945,"href":"https:\/\/www.zigarren.zone\/fr\/wp-json\/wp\/v2\/posts\/75941\/revisions\/75945"}],"wp:featuredmedia":[{"embeddable":true,"href":"https:\/\/www.zigarren.zone\/fr\/wp-json\/wp\/v2\/media\/75922"}],"wp:attachment":[{"href":"https:\/\/www.zigarren.zone\/fr\/wp-json\/wp\/v2\/media?parent=75941"}],"wp:term":[{"taxonomy":"category","embeddable":true,"href":"https:\/\/www.zigarren.zone\/fr\/wp-json\/wp\/v2\/categories?post=75941"},{"taxonomy":"post_tag","embeddable":true,"href":"https:\/\/www.zigarren.zone\/fr\/wp-json\/wp\/v2\/tags?post=75941"}],"curies":[{"name":"wp","href":"https:\/\/api.w.org\/{rel}","templated":true}]}}