{"id":75853,"date":"2025-10-20T20:29:07","date_gmt":"2025-10-20T18:29:07","guid":{"rendered":"https:\/\/www.zigarren.zone\/?p=75853"},"modified":"2025-10-20T20:29:07","modified_gmt":"2025-10-20T18:29:07","slug":"matthieu-rebjock-davidoff","status":"publish","type":"post","link":"https:\/\/www.zigarren.zone\/fr\/matthieu-rebjock-davidoff\/","title":{"rendered":"Trois nouveaut\u00e9s, trois mondes : Matthieu Rebjock parle de Davidoff, Macanudo et CAO"},"content":{"rendered":"<p>Je suis ici au stand de <strong>Oettinger-Davidoff<\/strong>o\u00f9 je suis <strong>Matthieu Rebjock<\/strong> accueille avec enthousiasme. Amical, calme, mais plein d'enthousiasme pour ce qu'il pr\u00e9sente. Ses yeux brillent et il me montre trois nouveaut\u00e9s qui pourraient difficilement \u00eatre plus diff\u00e9rentes, mais qui ont toutes un point commun : une v\u00e9ritable passion pour les cigares.<\/p>\n\n\n\n<div class=\"wp-block-rank-math-toc-block\" id=\"rank-math-toc\"><h2>Table des mati\u00e8res<\/h2><nav><ul><li><a href=\"#10-jahre-feria-del-tabaco-genuss-trifft-leidenschaft\">10 ans de Feria del Tabaco - Le plaisir rencontre la passion<\/a><\/li><li><a href=\"#ein-traditionsunternehmen-in-neuen-handen\">Saka Sin Compromiso Torpedo - un plaisir sans compromis<\/a><\/li><li><a href=\"#das-waren-die-aussteller-der-feria-del-tabaco-2025\">Voici les exposants de la Feria del Tabaco 2025<\/a><\/li><li><a href=\"#h-das-konnte-dich-auch-interessieren\">Ressources sur le sujet<\/a><\/li><\/ul><\/nav><\/div>\n\n\n\n<div style=\"height:50px\" aria-hidden=\"true\" class=\"wp-block-spacer\"><\/div>\n\n\n\n<figure class=\"wp-block-image size-full\"><img decoding=\"async\" width=\"1000\" height=\"659\" src=\"https:\/\/www.zigarren.zone\/wp-content\/uploads\/2025\/10\/feria_del_tabaco_2025.jpg\" alt=\"\" class=\"wp-image-75844\" srcset=\"https:\/\/www.zigarren.zone\/wp-content\/uploads\/2025\/10\/feria_del_tabaco_2025.jpg 1000w, https:\/\/www.zigarren.zone\/wp-content\/uploads\/2025\/10\/feria_del_tabaco_2025-768x506.jpg 768w, https:\/\/www.zigarren.zone\/wp-content\/uploads\/2025\/10\/feria_del_tabaco_2025-18x12.jpg 18w, https:\/\/www.zigarren.zone\/wp-content\/uploads\/2025\/10\/feria_del_tabaco_2025-624x411.jpg 624w\" sizes=\"(max-width: 1000px) 100vw, 1000px\" \/><\/figure>\n\n\n\n<div style=\"height:50px\" aria-hidden=\"true\" class=\"wp-block-spacer\"><\/div>\n\n\n\n<h2 class=\"wp-block-heading\" id=\"10-jahre-feria-del-tabaco-genuss-trifft-leidenschaft\">10 ans de Feria del Tabaco - Le plaisir rencontre la passion<\/h2>\n\n\n\n<p style=\"font-size:1em\">Un salon interne unique \u00e0 Zurich : <strong>MANUEL'S<\/strong> r\u00e9unit des importateurs de cigares, des fabricants et des aficionados pour une rencontre savoureuse d'un genre particulier. Depuis maintenant dix ans, la <strong>Foire du tabac<\/strong> Les amateurs de cigares se r\u00e9unissent \u00e0 Zurich. Ce qui a commenc\u00e9 comme un petit salon interne est aujourd'hui un rendez-vous incontournable dans le calendrier de la sc\u00e8ne suisse du cigare. De nombreux importateurs y pr\u00e9sentent leurs cigares exclusifs, leurs accessoires et leurs nouveaut\u00e9s. Pendant deux jours, la ville se transforme <strong>MANUEL'S<\/strong> en un forum vivant du plaisir : discussions, tastings, nouveaut\u00e9s et rencontres - le tout sous le signe du cigare. Un anniversaire qui ne sera pas seulement f\u00eat\u00e9, mais aussi savour\u00e9.<\/p>\n\n\n\n<div style=\"height:50px\" aria-hidden=\"true\" class=\"wp-block-spacer\"><\/div>\n\n\n\n<figure class=\"wp-block-image size-full\"><img decoding=\"async\" width=\"1000\" height=\"667\" src=\"https:\/\/www.zigarren.zone\/wp-content\/uploads\/2025\/10\/davidoff-feria_del_tabaco_25_manuels-dscf2727.jpg\" alt=\"\" class=\"wp-image-75857\" srcset=\"https:\/\/www.zigarren.zone\/wp-content\/uploads\/2025\/10\/davidoff-feria_del_tabaco_25_manuels-dscf2727.jpg 1000w, https:\/\/www.zigarren.zone\/wp-content\/uploads\/2025\/10\/davidoff-feria_del_tabaco_25_manuels-dscf2727-768x512.jpg 768w, https:\/\/www.zigarren.zone\/wp-content\/uploads\/2025\/10\/davidoff-feria_del_tabaco_25_manuels-dscf2727-18x12.jpg 18w, https:\/\/www.zigarren.zone\/wp-content\/uploads\/2025\/10\/davidoff-feria_del_tabaco_25_manuels-dscf2727-624x416.jpg 624w\" sizes=\"(max-width: 1000px) 100vw, 1000px\" \/><\/figure>\n\n\n\n<div style=\"height:10px\" aria-hidden=\"true\" class=\"wp-block-spacer\"><\/div>\n\n\n\n<h4 class=\"wp-block-heading\" id=\"h-beschreibung-des-bildes\" style=\"font-size:1em\"><strong><strong>Matthieu Rebjock<\/strong><\/strong> (\u00e0 gauche) - Ses yeux brillent et il me montre trois nouveaut\u00e9s.<\/h4>\n\n\n\n<div style=\"height:50px\" aria-hidden=\"true\" class=\"wp-block-spacer\"><\/div>\n\n\n\n<h2 class=\"wp-block-heading\" id=\"ein-traditionsunternehmen-in-neuen-handen\"><strong>Saka Sin Compromiso Torpedo - un plaisir sans compromis<\/strong><\/h2>\n\n\n\n<p>\"J'ai le plaisir de vous pr\u00e9senter aujourd'hui trois nouveaut\u00e9s passionnantes\", commence Matthieu. La premi\u00e8re : <strong>Saka Sin Compromiso<\/strong>Un format nicaraguayen typique, moyennement cors\u00e9 et plein d'ar\u00f4mes. \"Tr\u00e8s agr\u00e9able au tirage, tr\u00e8s aromatique - un cigare qui fait tout simplement plaisir\", dit Matthieu. Le format torpedo n'est pas seulement \u00e9l\u00e9gant, il est aussi excellent au niveau du go\u00fbt : il concentre les ar\u00f4mes et assure un flux de fum\u00e9e moyennement puissant.<\/p>\n\n\n\n<div style=\"height:50px\" aria-hidden=\"true\" class=\"wp-block-spacer\"><\/div>\n\n\n\n<figure class=\"wp-block-image size-full\"><img decoding=\"async\" width=\"1000\" height=\"667\" src=\"https:\/\/www.zigarren.zone\/wp-content\/uploads\/2025\/10\/davidoff-feria_del_tabaco_25_manuels-dscf2682.jpg\" alt=\"\" class=\"wp-image-75855\" srcset=\"https:\/\/www.zigarren.zone\/wp-content\/uploads\/2025\/10\/davidoff-feria_del_tabaco_25_manuels-dscf2682.jpg 1000w, https:\/\/www.zigarren.zone\/wp-content\/uploads\/2025\/10\/davidoff-feria_del_tabaco_25_manuels-dscf2682-768x512.jpg 768w, https:\/\/www.zigarren.zone\/wp-content\/uploads\/2025\/10\/davidoff-feria_del_tabaco_25_manuels-dscf2682-18x12.jpg 18w, https:\/\/www.zigarren.zone\/wp-content\/uploads\/2025\/10\/davidoff-feria_del_tabaco_25_manuels-dscf2682-624x416.jpg 624w\" sizes=\"(max-width: 1000px) 100vw, 1000px\" \/><\/figure>\n\n\n\n<div style=\"height:50px\" aria-hidden=\"true\" class=\"wp-block-spacer\"><\/div>\n\n\n\n<p><strong>CAO Amazon Basin - le retour d'une raret\u00e9<\/strong><\/p>\n\n\n\n<p>La deuxi\u00e8me nouveaut\u00e9 est un classique qui n'appara\u00eet que rarement : <strong>CAO Bassin de l'Amazone<\/strong>. \"Un tr\u00e8s beau cigare qui n'est produit que tous les trois ans\", explique Matthieu. Le tabac provient de la r\u00e9gion amazonienne du Br\u00e9sil - ferment\u00e9, enroul\u00e9 et roul\u00e9 de mani\u00e8re traditionnelle. \"Il est toujours imm\u00e9diatement \u00e9puis\u00e9 parce qu'il a quelque chose de tout \u00e0 fait particulier - un ar\u00f4me profond, presque terreux, qu'il est difficile de comparer\".<\/p>\n\n\n\n<div style=\"height:50px\" aria-hidden=\"true\" class=\"wp-block-spacer\"><\/div>\n\n\n\n<figure class=\"wp-block-image size-full\"><img decoding=\"async\" width=\"1000\" height=\"667\" src=\"https:\/\/www.zigarren.zone\/wp-content\/uploads\/2025\/10\/davidoff-feria_del_tabaco_25_manuels-dscf2723.jpg\" alt=\"\" class=\"wp-image-75856\" srcset=\"https:\/\/www.zigarren.zone\/wp-content\/uploads\/2025\/10\/davidoff-feria_del_tabaco_25_manuels-dscf2723.jpg 1000w, https:\/\/www.zigarren.zone\/wp-content\/uploads\/2025\/10\/davidoff-feria_del_tabaco_25_manuels-dscf2723-768x512.jpg 768w, https:\/\/www.zigarren.zone\/wp-content\/uploads\/2025\/10\/davidoff-feria_del_tabaco_25_manuels-dscf2723-18x12.jpg 18w, https:\/\/www.zigarren.zone\/wp-content\/uploads\/2025\/10\/davidoff-feria_del_tabaco_25_manuels-dscf2723-624x416.jpg 624w\" sizes=\"(max-width: 1000px) 100vw, 1000px\" \/><\/figure>\n\n\n\n<div style=\"height:50px\" aria-hidden=\"true\" class=\"wp-block-spacer\"><\/div>\n\n\n\n<p><strong>Macanudo Emissary Espa\u00f1a - Tabac d'Europe<\/strong><\/p>\n\n\n\n<p>Puis vient la surprise du jour : <strong>\u00c9missaire Macanudo Espa\u00f1a<\/strong>. \"C'est quelque chose de tr\u00e8s sp\u00e9cial\", dit Matthieu. \"Le tabac est <strong>dix ans de maturation<\/strong> - et provient de <strong>Espagne<\/strong>.\" Le tabac espagnol est une raret\u00e9 absolue dans le monde du cigare. \"C'est un nouveau projet de Macanudo - chaque ann\u00e9e, un cigare sera fabriqu\u00e9 avec du tabac d'un pays europ\u00e9en. Cette ann\u00e9e, ce sera l'Espagne, l'ann\u00e9e prochaine... je ne peux pas encore le r\u00e9v\u00e9ler\". Il sourit malicieusement. \"Et \u00e7a reste passionnant\".<\/p>\n\n\n\n<div style=\"height:50px\" aria-hidden=\"true\" class=\"wp-block-spacer\"><\/div>\n\n\n\n<figure class=\"wp-block-image size-full\"><img decoding=\"async\" width=\"1000\" height=\"667\" src=\"https:\/\/www.zigarren.zone\/wp-content\/uploads\/2025\/10\/davidoff-feria_del_tabaco_25_manuels-dscf3778.jpg\" alt=\"\" class=\"wp-image-75859\" srcset=\"https:\/\/www.zigarren.zone\/wp-content\/uploads\/2025\/10\/davidoff-feria_del_tabaco_25_manuels-dscf3778.jpg 1000w, https:\/\/www.zigarren.zone\/wp-content\/uploads\/2025\/10\/davidoff-feria_del_tabaco_25_manuels-dscf3778-768x512.jpg 768w, https:\/\/www.zigarren.zone\/wp-content\/uploads\/2025\/10\/davidoff-feria_del_tabaco_25_manuels-dscf3778-18x12.jpg 18w, https:\/\/www.zigarren.zone\/wp-content\/uploads\/2025\/10\/davidoff-feria_del_tabaco_25_manuels-dscf3778-624x416.jpg 624w\" sizes=\"(max-width: 1000px) 100vw, 1000px\" \/><\/figure>\n\n\n\n<div style=\"height:50px\" aria-hidden=\"true\" class=\"wp-block-spacer\"><\/div>\n\n\n\n<p><strong>Des moments de plaisir toujours renouvel\u00e9s<\/strong><\/p>\n\n\n\n<p>Que souhaite encore apporter Matthieu aux lecteurs ? \"Chez Oettinger-Davidoff, nous avons chaque ann\u00e9e des nouveaut\u00e9s passionnantes. C'est tout simplement un grand plaisir pour nous de pouvoir pr\u00e9senter ces cigares sur le march\u00e9 suisse\".<\/p>\n\n\n\n<div style=\"height:50px\" aria-hidden=\"true\" class=\"wp-block-spacer\"><\/div>\n\n\n\n<h2 class=\"wp-block-heading\" id=\"das-waren-die-aussteller-der-feria-del-tabaco-2025\">Voici les exposants de la Feria del Tabaco 2025<\/h2>\n\n\n\n<p style=\"font-size:1em\"><a href=\"https:\/\/www.zigarren.zone\/tag\/feria-del-tabaco-2025\/\">Les exposants s'expriment lors de la Feria del Tabaco 2025 : cliquez ici pour voir les portraits.<\/a><\/p>\n\n\n\n<figure class=\"wp-block-image size-full\"><img decoding=\"async\" width=\"1000\" height=\"667\" src=\"https:\/\/www.zigarren.zone\/wp-content\/uploads\/2025\/10\/ALLE-AUSSTELLER-feria_del_tabaco_25_manuels-dscf4297.jpg\" alt=\"\" class=\"wp-image-75923\" srcset=\"https:\/\/www.zigarren.zone\/wp-content\/uploads\/2025\/10\/ALLE-AUSSTELLER-feria_del_tabaco_25_manuels-dscf4297.jpg 1000w, https:\/\/www.zigarren.zone\/wp-content\/uploads\/2025\/10\/ALLE-AUSSTELLER-feria_del_tabaco_25_manuels-dscf4297-768x512.jpg 768w, https:\/\/www.zigarren.zone\/wp-content\/uploads\/2025\/10\/ALLE-AUSSTELLER-feria_del_tabaco_25_manuels-dscf4297-18x12.jpg 18w, https:\/\/www.zigarren.zone\/wp-content\/uploads\/2025\/10\/ALLE-AUSSTELLER-feria_del_tabaco_25_manuels-dscf4297-624x416.jpg 624w\" sizes=\"(max-width: 1000px) 100vw, 1000px\" \/><\/figure>\n\n\n\n<p>Rang\u00e9e du haut, de gauche \u00e0 droite : Manuel Fr\u00f6hlich (Manuel's), Stefano Nett (Compa\u00f1\u00eda de Tabacos), Carlos Andr\u00e9s (Cigarmundi), Dirk Behrendt (Hartl Premium Tobacco), Matthieu Rebjock (Oettinger Davidoff), Toni Galatti (Intertabak)<\/p>\n\n\n\n<p>Rang\u00e9e du bas, de gauche \u00e0 droite : Lajos Horv\u00e1th (ImpCor), Dominik Mezzomo (The Royal Cigar Company), Yoel Portuondo (La Flo de Portuondo), Salvatore Schaffner (Uniportis).<\/p>\n\n\n\n<div style=\"height:50px\" aria-hidden=\"true\" class=\"wp-block-spacer\"><\/div>\n\n\n\n<h3 class=\"wp-block-heading\" id=\"bildnachweis\">Cr\u00e9dit photo<\/h3>\n\n\n\n<ul class=\"wp-block-list\">\n<li><a href=\"https:\/\/manuels.ch\/\" target=\"_blank\" rel=\"noopener\">Celui de Manuel<\/a><\/li>\n<\/ul>\n\n\n\n<h2 class=\"wp-block-heading\" id=\"h-das-konnte-dich-auch-interessieren\">Ressources sur le sujet<\/h2>\n\n\n\n<p><a href=\"https:\/\/de.davidoffgeneva.ch\/\" target=\"_blank\" rel=\"noopener\">Oettinger Davidoff<\/a><\/p>\n\n\n\n<div style=\"height:50px\" aria-hidden=\"true\" class=\"wp-block-spacer\"><\/div>\n\n\n\n<figure class=\"wp-block-image size-full is-resized\"><img decoding=\"async\" width=\"472\" height=\"708\" src=\"https:\/\/www.zigarren.zone\/wp-content\/uploads\/2024\/05\/vasilij_100_csf54279.jpg\" alt=\"\" class=\"wp-image-73395\" style=\"aspect-ratio:1;object-fit:contain;width:359px;height:auto\" srcset=\"https:\/\/www.zigarren.zone\/wp-content\/uploads\/2024\/05\/vasilij_100_csf54279.jpg 472w, https:\/\/www.zigarren.zone\/wp-content\/uploads\/2024\/05\/vasilij_100_csf54279-8x12.jpg 8w\" sizes=\"(max-width: 472px) 100vw, 472px\" \/><\/figure>\n\n\n\n<p><strong><strong>Plus de fum\u00e9e. Avec moi.\ud83d\udca8\ud83e\udd17<\/strong><\/strong><\/p>\n\n\n\n<p>YOUTUBE \ud83d\udcfa <a href=\"https:\/\/www.youtube.com\/@genussmitvasilij\" target=\"_blank\" rel=\"noreferrer noopener\">@genussmitvasilij\u00a0<\/a>\u00a0<\/p>\n\n\n\n<p>INSTAGRAM \ud83d\udcf8 <a href=\"https:\/\/www.instagram.com\/v4silij\/\" target=\"_blank\" rel=\"noreferrer noopener\">@v4silij\u00a0<\/a>\u00a0<\/p>\n\n\n\n<p>INSTAGRAM \ud83d\udcf8 <a href=\"https:\/\/www.instagram.com\/zigarrenzone\/\" target=\"_blank\" rel=\"noreferrer noopener\">@zigarrenzone\u00a0<\/a>\u00a0<\/p>\n\n\n\n<div style=\"height:50px\" aria-hidden=\"true\" class=\"wp-block-spacer\"><\/div>\n\n\n<nav aria-label=\"breadcrumbs\" class=\"rank-math-breadcrumb\"><p><span class=\"label\">Tu es ici<\/span> <span class=\"last\">Page d'accueil<\/span><\/p><\/nav>","protected":false},"excerpt":{"rendered":"<p>Je suis ici sur le stand d'Oettinger-Davidoff, o\u00f9 Matthieu Rebjock m'accueille. Aimable, calme, mais plein d'enthousiasme pour ce qu'il pr\u00e9sente. Ses yeux brillent...<\/p>","protected":false},"author":2,"featured_media":75859,"comment_status":"closed","ping_status":"closed","sticky":false,"template":"","format":"standard","meta":{"jetpack_post_was_ever_published":false,"_jetpack_newsletter_access":"","_jetpack_dont_email_post_to_subs":false,"_jetpack_newsletter_tier_id":0,"_jetpack_memberships_contains_paywalled_content":false,"_jetpack_memberships_contains_paid_content":false,"footnotes":""},"categories":[6291,662],"tags":[6674,6540,6595,6680,6563,710,6681],"class_list":["post-75853","post","type-post","status-publish","format-standard","has-post-thumbnail","hentry","category-event","category-marktplatz","tag-cao","tag-el-emisario","tag-feria-del-tabaco","tag-feria-del-tabaco-2025","tag-manuels-2","tag-oettinger-davidoff","tag-sin-compromiso",""],"jetpack_featured_media_url":"https:\/\/www.zigarren.zone\/wp-content\/uploads\/2025\/10\/davidoff-feria_del_tabaco_25_manuels-dscf3778.jpg","jetpack_sharing_enabled":true,"_links":{"self":[{"href":"https:\/\/www.zigarren.zone\/fr\/wp-json\/wp\/v2\/posts\/75853","targetHints":{"allow":["GET"]}}],"collection":[{"href":"https:\/\/www.zigarren.zone\/fr\/wp-json\/wp\/v2\/posts"}],"about":[{"href":"https:\/\/www.zigarren.zone\/fr\/wp-json\/wp\/v2\/types\/post"}],"author":[{"embeddable":true,"href":"https:\/\/www.zigarren.zone\/fr\/wp-json\/wp\/v2\/users\/2"}],"replies":[{"embeddable":true,"href":"https:\/\/www.zigarren.zone\/fr\/wp-json\/wp\/v2\/comments?post=75853"}],"version-history":[{"count":6,"href":"https:\/\/www.zigarren.zone\/fr\/wp-json\/wp\/v2\/posts\/75853\/revisions"}],"predecessor-version":[{"id":75936,"href":"https:\/\/www.zigarren.zone\/fr\/wp-json\/wp\/v2\/posts\/75853\/revisions\/75936"}],"wp:featuredmedia":[{"embeddable":true,"href":"https:\/\/www.zigarren.zone\/fr\/wp-json\/wp\/v2\/media\/75859"}],"wp:attachment":[{"href":"https:\/\/www.zigarren.zone\/fr\/wp-json\/wp\/v2\/media?parent=75853"}],"wp:term":[{"taxonomy":"category","embeddable":true,"href":"https:\/\/www.zigarren.zone\/fr\/wp-json\/wp\/v2\/categories?post=75853"},{"taxonomy":"post_tag","embeddable":true,"href":"https:\/\/www.zigarren.zone\/fr\/wp-json\/wp\/v2\/tags?post=75853"}],"curies":[{"name":"wp","href":"https:\/\/api.w.org\/{rel}","templated":true}]}}