{"id":73457,"date":"2025-04-21T12:37:35","date_gmt":"2025-04-21T10:37:35","guid":{"rendered":"https:\/\/www.zigarren.zone\/?p=73457"},"modified":"2025-05-08T08:14:38","modified_gmt":"2025-05-08T06:14:38","slug":"paques-social-media","status":"publish","type":"post","link":"https:\/\/www.zigarren.zone\/fr\/ostern-social-media\/","title":{"rendered":"P\u00e2ques M\u00e9dias sociaux - Pourquoi faisons-nous cela ?"},"content":{"rendered":"<p>P\u00e2ques sur les r\u00e9seaux sociaux - a\u00efe ! J'ai eu l'impression de voir 5432 messages de P\u00e2ques sur les m\u00e9dias sociaux pendant les f\u00eates de P\u00e2ques. Tous amicaux. Tous color\u00e9s. Tous avec un arri\u00e8re-go\u00fbt d'IA, de lapin en stock et de sentiment de devoir num\u00e9rique. Un beau rituel ? Mais soyons honn\u00eates : <strong>Pourquoi cela n'arrive-t-il qu'\u00e0 P\u00e2ques sur les m\u00e9dias sociaux - et jamais ailleurs ? Un mardi, par exemple ?<\/strong><\/p>\n\n\n\n<div class=\"wp-block-rank-math-toc-block\" id=\"rank-math-toc\"><h2>Table des mati\u00e8res<\/h2><nav><ul><li><a href=\"#ostern-social-media-wenn-der-algorithmus-zur-auferstehung-ruft\">P\u00e2ques M\u00e9dias sociaux - Quand l'algorithme appelle \u00e0 la r\u00e9surrection<\/a><\/li><li><a href=\"#was-ware-wenn-wir-einfach-mal-dienstag-sagen-wurden-ich-denk-an-dich\">Et si nous disions simplement mardi : Je pense \u00e0 toi ?<\/a><\/li><li><a href=\"#kleiner-impuls-handy-weg-du-schaffst-das\">Petite impulsion : Range ton portable - tu peux le faire !<\/a><\/li><li><a href=\"#ostern-social-media-ist-wie-ein-einweg-smiley-nett-aber-nicht-nachhaltig\">P\u00e2ques Les m\u00e9dias sociaux, c'est comme un smiley jetable - sympa, mais pas durable<\/a><\/li><li><a href=\"#und-weiss-du-was\">Et tu sais quoi ?<\/a><\/li><li><a href=\"#frohen-dienstag\">Joyeux mardi !<\/a><\/li><li><a href=\"#h-was-ist-deine-meinung-zu-diesem-beitrag-hinterlasse-uns-einen-kurzen-kommentar-ohne-registrierung-im-anschluss-an-diesen-beitrag\">Que penses-tu de toute cette folie des v\u0153ux de P\u00e2ques sur les m\u00e9dias sociaux - tradition bien intentionn\u00e9e ou v\u0153ux num\u00e9riques obligatoires avec un filtre de lapin ? Laisse-nous un petit commentaire ! Sans inscription, \u00e0 la suite de cet article.<\/a><\/li><li><a href=\"#ressourcen-zum-thema\">Ressources sur le sujet<\/a><\/li><\/ul><\/nav><\/div>\n\n\n\n<div style=\"height:50px\" aria-hidden=\"true\" class=\"wp-block-spacer\"><\/div>\n\n\n\n<figure class=\"wp-block-image size-full\"><img decoding=\"async\" width=\"1000\" height=\"985\" src=\"https:\/\/www.zigarren.zone\/wp-content\/uploads\/2025\/04\/cohiba_siglo_v_2012_.jpg\" alt=\"M\u00e9dias sociaux de P\u00e2ques. Cohiba Siglo V de 2012.\" class=\"wp-image-73462\" srcset=\"https:\/\/www.zigarren.zone\/wp-content\/uploads\/2025\/04\/cohiba_siglo_v_2012_.jpg 1000w, https:\/\/www.zigarren.zone\/wp-content\/uploads\/2025\/04\/cohiba_siglo_v_2012_-768x756.jpg 768w, https:\/\/www.zigarren.zone\/wp-content\/uploads\/2025\/04\/cohiba_siglo_v_2012_-12x12.jpg 12w, https:\/\/www.zigarren.zone\/wp-content\/uploads\/2025\/04\/cohiba_siglo_v_2012_-624x615.jpg 624w\" sizes=\"(max-width: 1000px) 100vw, 1000px\" \/><\/figure>\n\n\n\n<div style=\"height:10px\" aria-hidden=\"true\" class=\"wp-block-spacer\"><\/div>\n\n\n\n<h4 class=\"wp-block-heading\" id=\"h-beschreibung-des-bildes\" style=\"font-size:1em\"><strong>P\u00e2ques Les m\u00e9dias sociaux ? Pourquoi est-ce qu'on fait \u00e7a ? Je m'offre un Cohiba Siglo V de 2012 et je r\u00e9fl\u00e9chis.<\/strong><\/h4>\n\n\n\n<div style=\"height:50px\" aria-hidden=\"true\" class=\"wp-block-spacer\"><\/div>\n\n\n\n<h2 class=\"wp-block-heading\" id=\"ostern-social-media-wenn-der-algorithmus-zur-auferstehung-ruft\">P\u00e2ques M\u00e9dias sociaux - Quand l'algorithme appelle \u00e0 la r\u00e9surrection<\/h2>\n\n\n\n<p>Chaque ann\u00e9e, c'est la m\u00eame chose :<br>Le Vendredi saint est encore calme.<br>Samedi, quelque chose se met en place.<br>Et puis <strong>Dimanche matin \u00e0 8 heures pr\u00e9cises<\/strong>l'Internet explose :<br>Des emojis de lapin, des filtres d'\u0153ufs, des images de motivation avec des citations bibliques, \u00e0 c\u00f4t\u00e9 de lapins de P\u00e2ques avec des cigares.<\/p>\n\n\n\n<p>Et toi ?<br>Au milieu de tout \u00e7a.<br>Submerg\u00e9 de posts qui d\u00e9gagent autant de proximit\u00e9 qu'une imprimante thermique en panne.<\/p>\n\n\n\n<h2 class=\"wp-block-heading\" id=\"was-ware-wenn-wir-einfach-mal-dienstag-sagen-wurden-ich-denk-an-dich\">Et si nous disions simplement mardi : Je pense \u00e0 toi ?<\/h2>\n\n\n\n<p>Franchement :<br>Pourquoi avons-nous besoin d'un jour f\u00e9ri\u00e9 pour souhaiter du bien aux autres ?<\/p>\n\n\n\n<p>Pourquoi ne pas simplement \u00e9crire le 22 avril \u00e0 14h17 :<br>\"J'esp\u00e8re que ton caf\u00e9 \u00e9tait bon. Et que ton wifi est stable\".<br>Pas de hashtags. Pas de massacre graphique de l'IA. Pas de contrainte.<br><\/p>\n\n\n\n<p><em><strong>Juste... de l'humanit\u00e9.<\/strong><\/em><\/p>\n\n\n\n<p><strong><em>SANS \"envoyer rapidement le message de P\u00e2ques de l'IA, ..... et c'est tout. Devoir accompli !\"<\/em><\/strong><\/p>\n\n\n\n<h2 class=\"wp-block-heading\" id=\"kleiner-impuls-handy-weg-du-schaffst-das\">Petite impulsion : Range ton portable - tu peux le faire !<\/h2>\n\n\n\n<p>Essaye donc :<br>Pose le t\u00e9l\u00e9phone portable <strong><em>pendant 10 minutes<\/em><\/strong> \u00e0 la page.<br>Pas de messages. Pas de scrolling Insta. Pas de contenu de lapin.<\/p>\n\n\n\n<p>Apr\u00e8s, tu pourras rattraper le temps perdu.<br>Passe 20 minutes \u00e0 te stresser \u00e0 travers des histoires, des tweets, des reels et des discussions de groupe.<br>Et sens-toi ensuite<br><strong>encore plus stress\u00e9 qu'avant.<\/strong><\/p>\n\n\n\n<p><strong><em>Mission accomplie.<\/em><\/strong> <\/p>\n\n\n\n<p>\ud83d\ude02<\/p>\n\n\n\n<h2 class=\"wp-block-heading\" id=\"ostern-social-media-ist-wie-ein-einweg-smiley-nett-aber-nicht-nachhaltig\">P\u00e2ques Les m\u00e9dias sociaux, c'est comme un smiley jetable - sympa, mais pas durable<\/h2>\n\n\n\n<p>J'aime les salutations. Vraiment.<br>Mais peut-\u00eatre qu'on va commencer, <strong><em>\u00eatre r\u00e9el de temps en temps<\/em><\/strong>.<br>M\u00eame sans le filtre des jours f\u00e9ri\u00e9s.<\/p>\n\n\n\n<p style=\"font-size:1em\">Et si ce n'est pas possible -<br>tu n'as qu'\u00e0 allumer un cigare.<br>Elle n'a pas besoin de calendrier.<br>Juste du repos. Et un briquet pour ton cigare.<\/p>\n\n\n\n<p style=\"font-size:1em\">J'ai vraiment appr\u00e9ci\u00e9 ma derni\u00e8re newsletter - et non, pas (seulement) pour les \u00e9loges. Quoique : une petite caresse \u00e0 l'ego, c'est bien agr\u00e9able. \ud83d\ude05<br>Mais ce sont les retours par mail qui ont fait la diff\u00e9rence.<br>Des gens ont dit merci - pour un texte qui a fait rire. Et en m\u00eame temps \u00e0 r\u00e9fl\u00e9chir.<br>Et c'est l\u00e0 que j'ai pens\u00e9 : peut-\u00eatre que cela a du sens. Peut-\u00eatre.<\/p>\n\n\n\n<h2 class=\"wp-block-heading\" id=\"und-weiss-du-was\">Et tu sais quoi ?<\/h2>\n\n\n\n<p>Je vais allumer un cigare.<br>Pas par protestation. Pas pour se r\u00e9compenser.<br>Tout simplement parce qu'ils <em><strong>ne vibre pas<\/strong>, <strong>ne bipe pas<\/strong>, <strong>ne s'allume pas<\/strong><\/em><br>et ne me demande pas si j'ai fait 8000 pas aujourd'hui.<\/p>\n\n\n\n<p>Elle est l\u00e0, tout simplement.<br>Lentement, sans \u00e0-coups. Calmement.<br><strong><em><span style=\"text-decoration: underline;\">Un majeur analogique contre l'hypercommunication des f\u00eates.<\/span><\/em><\/strong><\/p>\n\n\n\n<p>\ud83d\ude02<\/p>\n\n\n\n<h2 class=\"wp-block-heading\" id=\"frohen-dienstag\">Joyeux mardi !<\/h2>\n\n\n\n<p>Ou quel que soit le jour.<br><strong><span style=\"text-decoration: underline;\"><em>Je pense \u00e0 toi. Sans hashtag. Sans like.<\/em><\/span><\/strong><br>Seulement avec la fum\u00e9e de mon cigare.<\/p>\n\n\n\n<h2 class=\"wp-block-heading\" id=\"h-was-ist-deine-meinung-zu-diesem-beitrag-hinterlasse-uns-einen-kurzen-kommentar-ohne-registrierung-im-anschluss-an-diesen-beitrag\">Que penses-tu de toute cette folie des v\u0153ux de P\u00e2ques sur les m\u00e9dias sociaux - tradition bien intentionn\u00e9e ou v\u0153ux num\u00e9riques obligatoires avec un filtre de lapin ? Laisse-nous un petit commentaire ! Sans inscription, \u00e0 la suite de cet article.<\/h2>\n\n\n\n<div style=\"height:50px\" aria-hidden=\"true\" class=\"wp-block-spacer\"><\/div>\n\n\n\n<h2 class=\"wp-block-heading\" id=\"ressourcen-zum-thema\">Ressources sur le sujet<\/h2>\n\n\n\n<p><a href=\"https:\/\/thelento.com\/\" target=\"_blank\" rel=\"noopener\">THE LENTO : Pour ceux qui ne veulent pas aller plus vite<\/a><\/p>\n\n\n\n<p><a href=\"https:\/\/www.zigarren.zone\/de\/tag\/themenwoche\/\">Semaine th\u00e9matique chez Zigarren.Zone<\/a><\/p>\n\n\n\n<div style=\"height:50px\" aria-hidden=\"true\" class=\"wp-block-spacer\"><\/div>\n\n\n\n<figure class=\"wp-block-image size-full is-resized\"><img decoding=\"async\" width=\"472\" height=\"708\" src=\"https:\/\/www.zigarren.zone\/wp-content\/uploads\/2024\/05\/vasilij_100_csf54279.jpg\" alt=\"\" class=\"wp-image-73395\" style=\"aspect-ratio:1;object-fit:contain;width:359px;height:auto\" srcset=\"https:\/\/www.zigarren.zone\/wp-content\/uploads\/2024\/05\/vasilij_100_csf54279.jpg 472w, https:\/\/www.zigarren.zone\/wp-content\/uploads\/2024\/05\/vasilij_100_csf54279-8x12.jpg 8w\" sizes=\"(max-width: 472px) 100vw, 472px\" \/><\/figure>\n\n\n\n<p><strong><strong>Plus de fum\u00e9e. Avec moi.\ud83d\udca8\ud83e\udd17<\/strong><\/strong><\/p>\n\n\n\n<p>YOUTUBE \ud83d\udcfa <a href=\"https:\/\/www.youtube.com\/@genussmitvasilij\" target=\"_blank\" rel=\"noreferrer noopener\">@genussmitvasilij\u00a0<\/a>\u00a0<\/p>\n\n\n\n<p>INSTAGRAM \ud83d\udcf8 <a href=\"https:\/\/www.instagram.com\/v4silij\/\" target=\"_blank\" rel=\"noreferrer noopener\">@v4silij\u00a0<\/a>\u00a0<\/p>\n\n\n\n<p>INSTAGRAM \ud83d\udcf8 <a href=\"https:\/\/www.instagram.com\/zigarrenzone\/\" target=\"_blank\" rel=\"noreferrer noopener\">@zigarrenzone\u00a0<\/a>\u00a0<\/p>\n\n\n\n<div style=\"height:50px\" aria-hidden=\"true\" class=\"wp-block-spacer\"><\/div>","protected":false},"excerpt":{"rendered":"<p>P\u00e2ques sur les r\u00e9seaux sociaux - a\u00efe ! J'ai eu l'impression de voir 5432 messages de P\u00e2ques sur les m\u00e9dias sociaux pendant les f\u00eates de P\u00e2ques. Tous amicaux. Tous color\u00e9s. Tous avec un...<\/p>","protected":false},"author":2,"featured_media":73476,"comment_status":"open","ping_status":"closed","sticky":false,"template":"","format":"standard","meta":{"jetpack_post_was_ever_published":false,"_jetpack_newsletter_access":"","_jetpack_dont_email_post_to_subs":false,"_jetpack_newsletter_tier_id":0,"_jetpack_memberships_contains_paywalled_content":false,"_jetpack_memberships_contains_paid_content":false,"footnotes":""},"categories":[662],"tags":[6644,6647],"class_list":["post-73457","post","type-post","status-publish","format-standard","has-post-thumbnail","hentry","category-marktplatz","tag-digitale-feiertagskultur","tag-review",""],"jetpack_featured_media_url":"https:\/\/www.zigarren.zone\/wp-content\/uploads\/2025\/04\/cover_ostern_social_media_blog.jpg","jetpack_sharing_enabled":true,"_links":{"self":[{"href":"https:\/\/www.zigarren.zone\/fr\/wp-json\/wp\/v2\/posts\/73457","targetHints":{"allow":["GET"]}}],"collection":[{"href":"https:\/\/www.zigarren.zone\/fr\/wp-json\/wp\/v2\/posts"}],"about":[{"href":"https:\/\/www.zigarren.zone\/fr\/wp-json\/wp\/v2\/types\/post"}],"author":[{"embeddable":true,"href":"https:\/\/www.zigarren.zone\/fr\/wp-json\/wp\/v2\/users\/2"}],"replies":[{"embeddable":true,"href":"https:\/\/www.zigarren.zone\/fr\/wp-json\/wp\/v2\/comments?post=73457"}],"version-history":[{"count":0,"href":"https:\/\/www.zigarren.zone\/fr\/wp-json\/wp\/v2\/posts\/73457\/revisions"}],"wp:featuredmedia":[{"embeddable":true,"href":"https:\/\/www.zigarren.zone\/fr\/wp-json\/wp\/v2\/media\/73476"}],"wp:attachment":[{"href":"https:\/\/www.zigarren.zone\/fr\/wp-json\/wp\/v2\/media?parent=73457"}],"wp:term":[{"taxonomy":"category","embeddable":true,"href":"https:\/\/www.zigarren.zone\/fr\/wp-json\/wp\/v2\/categories?post=73457"},{"taxonomy":"post_tag","embeddable":true,"href":"https:\/\/www.zigarren.zone\/fr\/wp-json\/wp\/v2\/tags?post=73457"}],"curies":[{"name":"wp","href":"https:\/\/api.w.org\/{rel}","templated":true}]}}