{"id":71579,"date":"2024-09-24T14:45:28","date_gmt":"2024-09-24T12:45:28","guid":{"rendered":"https:\/\/www.zigarren.zone\/?p=71579"},"modified":"2025-08-21T22:49:09","modified_gmt":"2025-08-21T20:49:09","slug":"intertabac-24-exclusif-un-couteau-de-poche-suisse-dans-lentreprise-familiale-ma-vie-chez-padron","status":"publish","type":"post","link":"https:\/\/www.zigarren.zone\/fr\/intertabac-24-exklusiv-ein-schweizer-taschenmesser-im-familienunternehmen-mein-leben-bei-padron\/","title":{"rendered":"InterTabac 24 exclusif : Un couteau suisse dans l'entreprise familiale - Ma vie chez Padr\u00f3n"},"content":{"rendered":"<p><strong>Je rends visite \u00e0 Jorge Padr\u00f3n Jr. qui m'accueille chaleureusement. \u00c0 peine sommes-nous assis et la cam\u00e9ra tourne-t-elle qu'il commence \u00e0 raconter son histoire.<\/strong><\/p>\n\n\n\n<p class=\"yoast-reading-time__wrapper\"><span class=\"yoast-reading-time__icon\"><svg aria-hidden=\"true\" focusable=\"false\" data-icon=\"clock\" width=\"20\" height=\"20\" fill=\"none\" stroke=\"currentColor\" style=\"display:inline-block;vertical-align:-0.1em\" role=\"img\" xmlns=\"http:\/\/www.w3.org\/2000\/svg\" viewbox=\"0 0 24 24\"><path stroke-linecap=\"round\" stroke-linejoin=\"round\" stroke-width=\"2\" d=\"M12 8v4l3 3m6-3a9 9 0 11-18 0 9 9 0 0118 0z\"><\/path><\/svg><\/span><span class=\"yoast-reading-time__spacer\" style=\"display:inline-block;width:1em\"><\/span><span class=\"yoast-reading-time__reading-time\">5<\/span><span class=\"yoast-reading-time__time-unit\"> minutes<\/span><\/p>\n\n\n\n<div class=\"wp-block-yoast-seo-table-of-contents yoast-table-of-contents\"><h2>Table des mati\u00e8res<\/h2><ul><li><a href=\"#titel-1\" data-level=\"2\">Je suis le couteau suisse !<\/a><\/li><li><a href=\"#h-wir-haben-keine-typischen-buros\" data-level=\"2\">Nous n'avons pas de bureaux typiques<\/a><\/li><li><a href=\"#h-ich-will-alles-uber-track-amp-trace-lernen\" data-level=\"2\">Je veux tout apprendre sur Track &amp; Trace<\/a><\/li><li><a href=\"#h-60th-aniversary-von-padron-spezialkreationen\" data-level=\"2\">60e anniversaire de Padron : cr\u00e9ations sp\u00e9ciales<\/a><\/li><li><a href=\"#h-was-meinst-du-dazu\" data-level=\"2\">Qu'est-ce que tu en penses ?<\/a><\/li><li><a href=\"#ressourcen-zum-thema\" data-level=\"2\">Ressources sur le sujet et acheter des cigares<\/a><\/li><\/ul><\/div>\n\n\n\n<hr class=\"wp-block-separator has-css-opacity is-style-default\"\/>\n\n\n<div class=\"wp-block-image is-style-rounded\">\n<figure class=\"aligncenter size-full is-resized\"><img decoding=\"async\" width=\"362\" height=\"332\" src=\"https:\/\/www.zigarren.zone\/wp-content\/uploads\/2024\/09\/00-Pic-Oliver-Lampe.png\" alt=\"\" class=\"wp-image-71534\" style=\"width:150px;height:150px\" srcset=\"https:\/\/www.zigarren.zone\/wp-content\/uploads\/2024\/09\/00-Pic-Oliver-Lampe.png 362w, https:\/\/www.zigarren.zone\/wp-content\/uploads\/2024\/09\/00-Pic-Oliver-Lampe-13x12.png 13w\" sizes=\"(max-width: 362px) 100vw, 362px\" \/><\/figure>\n<\/div>\n\n\n<blockquote class=\"wp-block-quote has-text-align-center is-style-large has-small-font-size is-layout-flow wp-block-quote-is-layout-flow\">\n<p class=\"has-small-font-size\">L'auteur de ces articles est Oliver - survivant, barbecue d'hiver, fuzzie t\u00e9l\u00e9vis\u00e9 de Bonn. Il \u00e9choue durablement dans sa tentative de rester sportif, aime les cigares, le rock'n'roll, les barbecues, les mauvaises blagues et le whisky single malt. Entre-temps, il est trop vieux pour devenir adulte.<\/p>\n<cite>- <a href=\"https:\/\/www.instagram.com\/broadleafjunkie\/\" target=\"_blank\" rel=\"noreferrer noopener\">Contact via instagram<\/a><\/cite><\/blockquote>\n\n\n\n<hr class=\"wp-block-separator has-css-opacity is-style-default\"\/>\n\n\n\n<h2 class=\"wp-block-heading\" id=\"titel-1\">Je suis le couteau suisse !<\/h2>\n\n\n\n<p style=\"font-size:1em\">\"Bonjour \u00e0 tous ! Je m'appelle Jorge Padr\u00f3n Jr. et je fais partie de la famille Padr\u00f3n - de la troisi\u00e8me g\u00e9n\u00e9ration, pour \u00eatre pr\u00e9cis. Je suis ici \u00e0 Dortmund, au salon InterTabac, et je repr\u00e9sente notre marque sur le march\u00e9 international. C'est un plaisir pour moi d'\u00eatre ici, alors tout d'abord, bonjour !<\/p>\n\n\n\n<p>Si vous vous demandez ce que je fais toute la journ\u00e9e, c'est une histoire amusante ! En effet, dans une entreprise familiale, les titres ne sont pas toujours tr\u00e8s clairs. Un jour, j'ai demand\u00e9 \u00e0 mon p\u00e8re : \"H\u00e9, qu'est-ce que j'\u00e9cris sur ma carte de visite\" ? Il m'a r\u00e9pondu : \"Tu es un couteau suisse. J'ai besoin de toi partout : qu'il s'agisse d'autocollants sur des cartons ou d'entretiens avec des clients en Allemagne, tu fais tout !\"<\/p>\n\n\n\n<div style=\"height:50px\" aria-hidden=\"true\" class=\"wp-block-spacer\"><\/div>\n\n\n\n<figure class=\"wp-block-image size-full\"><img decoding=\"async\" width=\"1000\" height=\"563\" src=\"https:\/\/www.zigarren.zone\/wp-content\/uploads\/2024\/09\/jorge_louis_padro_n_jr.jpg\" alt=\"\" class=\"wp-image-71576\" srcset=\"https:\/\/www.zigarren.zone\/wp-content\/uploads\/2024\/09\/jorge_louis_padro_n_jr.jpg 1000w, https:\/\/www.zigarren.zone\/wp-content\/uploads\/2024\/09\/jorge_louis_padro_n_jr-768x432.jpg 768w, https:\/\/www.zigarren.zone\/wp-content\/uploads\/2024\/09\/jorge_louis_padro_n_jr-18x10.jpg 18w\" sizes=\"(max-width: 1000px) 100vw, 1000px\" \/><\/figure>\n\n\n\n<p>Jorge Louis Padr\u00f3n.<\/p>\n\n\n\n<div style=\"height:50px\" aria-hidden=\"true\" class=\"wp-block-spacer\"><\/div>\n\n\n\n<h2 class=\"wp-block-heading\" id=\"h-wir-haben-keine-typischen-buros\">Nous n'avons pas de bureaux typiques<\/h2>\n\n\n\n<p>Depuis qu'il a obtenu son dipl\u00f4me universitaire en 2020, il travaille officiellement dans l'entreprise familiale. Mais officieusement, il en a toujours fait partie, travaillant chaque \u00e9t\u00e9 \u00e0 l'usine. Donc oui, il est dans l'entreprise pratiquement depuis sa naissance. \"Et c'est comment de travailler avec la famille ?\" lui demande-je. Il me r\u00e9pond sans d\u00e9tour : \"Honn\u00eatement, c'est une b\u00e9n\u00e9diction ! Nous n'avons pas de bureaux typiques, nous nous asseyons tous ensemble dans une pi\u00e8ce et discutons des choses. C'est personnel, intense et tr\u00e8s sp\u00e9cial\".<\/p>\n\n\n\n<p>Cette ann\u00e9e, il est de nouveau pr\u00e9sent au salon InterTabac, ici \u00e0 Dortmund - son troisi\u00e8me salon. Il y a toujours beaucoup de monde, une rencontre en chasse une autre. \"Mais je trouve \u00e7a g\u00e9nial\", raconte-t-il, \"parce que cela me permet de d\u00e9couvrir le march\u00e9 international. Et h\u00e9, \u00e7a me fait toujours plaisir, parce que les cigares sont ma passion\".<\/p>\n\n\n\n<h2 class=\"wp-block-heading\" id=\"h-ich-will-alles-uber-track-amp-trace-lernen\">Je veux tout apprendre sur Track &amp; Trace<\/h2>\n\n\n\n<p>L'un des objectifs de Jorge cette ann\u00e9e \u00e9tait d'en apprendre davantage sur le syst\u00e8me \"Track &amp; Trace\" - un syst\u00e8me dont il ne savait pas grand-chose auparavant. Maintenant, il se sent mieux pr\u00e9par\u00e9 pour l'avenir. Il ajoute : \"Et bien s\u00fbr, InterTabac est aussi l'occasion d'entretenir d'anciens contacts et d'en nouer de nouveaux. Mes notes sont longues, croyez-moi\" !<\/p>\n\n\n\n<div style=\"height:50px\" aria-hidden=\"true\" class=\"wp-block-spacer\"><\/div>\n\n\n\n<figure class=\"wp-block-image size-full\"><img decoding=\"async\" width=\"1000\" height=\"563\" src=\"https:\/\/www.zigarren.zone\/wp-content\/uploads\/2024\/09\/padron_.jpg\" alt=\"\" class=\"wp-image-71577\" srcset=\"https:\/\/www.zigarren.zone\/wp-content\/uploads\/2024\/09\/padron_.jpg 1000w, https:\/\/www.zigarren.zone\/wp-content\/uploads\/2024\/09\/padron_-768x432.jpg 768w, https:\/\/www.zigarren.zone\/wp-content\/uploads\/2024\/09\/padron_-18x10.jpg 18w\" sizes=\"(max-width: 1000px) 100vw, 1000px\" \/><\/figure>\n\n\n\n<div style=\"height:50px\" aria-hidden=\"true\" class=\"wp-block-spacer\"><\/div>\n\n\n\n<p>Cette ann\u00e9e, l'InterTabac a \u00e9t\u00e9 un v\u00e9ritable succ\u00e8s pour Padr\u00f3n. Surtout que le Cigar Journal leur a r\u00e9cemment d\u00e9cern\u00e9 le prix du meilleur cigare du Nicaragua 2024 avec le 2000 Maduro. Jorge rayonne : \"Un \u00e9norme merci au Cigar Journal et \u00e0 tous ceux qui ont vot\u00e9 pour nous !\"<\/p>\n\n\n\n<div style=\"height:50px\" aria-hidden=\"true\" class=\"wp-block-spacer\"><\/div>\n\n\n\n<figure class=\"wp-block-image size-full\"><img decoding=\"async\" width=\"1000\" height=\"563\" src=\"https:\/\/www.zigarren.zone\/wp-content\/uploads\/2024\/09\/cigar_trophy_best_brand_nicaragua_padron.jpg\" alt=\"\" class=\"wp-image-71575\" srcset=\"https:\/\/www.zigarren.zone\/wp-content\/uploads\/2024\/09\/cigar_trophy_best_brand_nicaragua_padron.jpg 1000w, https:\/\/www.zigarren.zone\/wp-content\/uploads\/2024\/09\/cigar_trophy_best_brand_nicaragua_padron-768x432.jpg 768w, https:\/\/www.zigarren.zone\/wp-content\/uploads\/2024\/09\/cigar_trophy_best_brand_nicaragua_padron-18x10.jpg 18w\" sizes=\"(max-width: 1000px) 100vw, 1000px\" \/><\/figure>\n\n\n\n<p>Le Cigar Journal Anwards : Le meilleur cigare du Nicaragua 2024 est le Padr\u00f3n Classic Maduro 2000.<\/p>\n\n\n\n<div style=\"height:50px\" aria-hidden=\"true\" class=\"wp-block-spacer\"><\/div>\n\n\n\n<h2 class=\"wp-block-heading\" id=\"h-60th-aniversary-von-padron-spezialkreationen\">60e anniversaire de Padron : cr\u00e9ations sp\u00e9ciales<\/h2>\n\n\n\n<p>Autre point fort : 2024 est une ann\u00e9e sp\u00e9ciale pour Padr\u00f3n, car c'est le 60e anniversaire de l'entreprise. Jorge s'enthousiasme : \"Mon grand-p\u00e8re a fond\u00e9 notre entreprise en 1964, lorsqu'il a fui Cuba. Son r\u00eave \u00e9tait de fabriquer les cigares qu'il voulait fumer lui-m\u00eame. Aujourd'hui, mon p\u00e8re dirige l'entreprise et nous transmet son savoir, \u00e0 moi et \u00e0 mon cousin Alfonso\".<\/p>\n\n\n\n<p>\"Il doit y avoir un cigare sp\u00e9cial ?\", je veux savoir. - \"Bien s\u00fbr, nous avons \u00e9galement sorti un cigare anniversaire \u00e0 cette occasion\", me dit-il, \"le 60e cigare anniversaire au format Salomon - une v\u00e9ritable \u0153uvre d'art ! Il mesure 48 x 56 x 6,5 pouces et est livr\u00e9 dans une \u00e9l\u00e9gante bo\u00eete. Nous l'avons d\u00e9j\u00e0 lanc\u00e9 sur le march\u00e9 am\u00e9ricain et travaillons \u00e0 le rendre disponible \u00e0 l'international.<\/p>\n\n\n\n<div style=\"height:50px\" aria-hidden=\"true\" class=\"wp-block-spacer\"><\/div>\n\n\n\n<figure class=\"wp-block-image size-full\"><img decoding=\"async\" width=\"1000\" height=\"753\" src=\"https:\/\/www.zigarren.zone\/wp-content\/uploads\/2024\/09\/s.t._dupont_padron_60_feuerzeug.jpg\" alt=\"\" class=\"wp-image-71578\" srcset=\"https:\/\/www.zigarren.zone\/wp-content\/uploads\/2024\/09\/s.t._dupont_padron_60_feuerzeug.jpg 1000w, https:\/\/www.zigarren.zone\/wp-content\/uploads\/2024\/09\/s.t._dupont_padron_60_feuerzeug-768x578.jpg 768w, https:\/\/www.zigarren.zone\/wp-content\/uploads\/2024\/09\/s.t._dupont_padron_60_feuerzeug-16x12.jpg 16w\" sizes=\"(max-width: 1000px) 100vw, 1000px\" \/><\/figure>\n\n\n\n<div style=\"height:50px\" aria-hidden=\"true\" class=\"wp-block-spacer\"><\/div>\n\n\n\n<p>Et oui, j'attends avec impatience le prochain InterTabac 2025 ! C'\u00e9tait g\u00e9nial de rencontrer beaucoup de gens et de nouer de nouveaux partenariats. Merci pour cet entretien - \u00e0 l'ann\u00e9e prochaine\" !<\/p>\n\n\n\n<p>\u00c0 la v\u00f4tre,&nbsp;<\/p>\n\n\n\n<p style=\"font-size:1em\">Jorge Padr\u00f3n Jr.<\/p>\n\n\n\n<div style=\"height:50px\" aria-hidden=\"true\" class=\"wp-block-spacer\"><\/div>\n\n\n\n<h2 class=\"wp-block-heading\" id=\"h-was-meinst-du-dazu\">Qu'est-ce que tu en penses ?<\/h2>\n\n\n\n<p><a href=\"https:\/\/www.zigarren.zone\/de\/forum\/topic\/intertabac-24-exklusiv-ein-schweizer-taschenmesser-im-familienunternehmen-mein-leben-bei-padron\/\">Nous attendons ton avis avec impatience - discute avec nous de ce blog post dans le forum !<\/a><\/p>\n\n\n\n<div style=\"height:50px\" aria-hidden=\"true\" class=\"wp-block-spacer\"><\/div>\n\n\n\n<h2 class=\"wp-block-heading\" id=\"ressourcen-zum-thema\">Ressources sur le sujet et acheter des cigares<\/h2>\n\n\n\n<p><a href=\"https:\/\/www.google.com\/search?q=padron+cigars\" target=\"_blank\" rel=\"noreferrer noopener\">Acheter des cigares Padr\u00f3n<\/a><\/p>\n\n\n\n<div style=\"height:50px\" aria-hidden=\"true\" class=\"wp-block-spacer\"><\/div>\n\n\n\n<div style=\"height:50px\" aria-hidden=\"true\" class=\"wp-block-spacer\"><\/div>\n\n\n\n<figure class=\"wp-block-image size-full is-resized\"><img decoding=\"async\" width=\"472\" height=\"708\" src=\"https:\/\/www.zigarren.zone\/wp-content\/uploads\/2024\/05\/vasilij_100_csf54279.jpg\" alt=\"\" class=\"wp-image-73395\" style=\"aspect-ratio:1;object-fit:contain;width:359px;height:auto\" srcset=\"https:\/\/www.zigarren.zone\/wp-content\/uploads\/2024\/05\/vasilij_100_csf54279.jpg 472w, https:\/\/www.zigarren.zone\/wp-content\/uploads\/2024\/05\/vasilij_100_csf54279-8x12.jpg 8w\" sizes=\"(max-width: 472px) 100vw, 472px\" \/><\/figure>\n\n\n\n<p><strong><strong>Plus de fum\u00e9e. Avec moi.\ud83d\udca8\ud83e\udd17<\/strong><\/strong><\/p>\n\n\n\n<p>YOUTUBE \ud83d\udcfa <a href=\"https:\/\/www.youtube.com\/@genussmitvasilij\" target=\"_blank\" rel=\"noreferrer noopener\">@genussmitvasilij\u00a0<\/a>\u00a0<\/p>\n\n\n\n<p>INSTAGRAM \ud83d\udcf8 <a href=\"https:\/\/www.instagram.com\/v4silij\/\" target=\"_blank\" rel=\"noreferrer noopener\">@v4silij\u00a0<\/a>\u00a0<\/p>\n\n\n\n<p>INSTAGRAM \ud83d\udcf8 <a href=\"https:\/\/www.instagram.com\/zigarrenzone\/\" target=\"_blank\" rel=\"noreferrer noopener\">@zigarrenzone\u00a0<\/a>\u00a0<\/p>\n\n\n\n<div style=\"height:50px\" aria-hidden=\"true\" class=\"wp-block-spacer\"><\/div>","protected":false},"excerpt":{"rendered":"<p>Je rends visite \u00e0 Jorge Padr\u00f3n Jr. qui m'accueille chaleureusement. A peine sommes-nous assis et la cam\u00e9ra tourne-t-elle qu'il commence \u00e0 raconter. L'auteur derri\u00e8re ces ...<\/p>","protected":false},"author":2,"featured_media":71578,"comment_status":"closed","ping_status":"closed","sticky":false,"template":"","format":"standard","meta":{"jetpack_post_was_ever_published":false,"_jetpack_newsletter_access":"","_jetpack_dont_email_post_to_subs":false,"_jetpack_newsletter_tier_id":0,"_jetpack_memberships_contains_paywalled_content":false,"_jetpack_memberships_contains_paid_content":false,"footnotes":""},"categories":[6291,662],"tags":[6577,6576,6580],"class_list":["post-71579","post","type-post","status-publish","format-standard","has-post-thumbnail","hentry","category-event","category-marktplatz","tag-intertabac","tag-intertabac-24","tag-padron",""],"jetpack_featured_media_url":"https:\/\/www.zigarren.zone\/wp-content\/uploads\/2024\/09\/s.t._dupont_padron_60_feuerzeug.jpg","jetpack_sharing_enabled":true,"_links":{"self":[{"href":"https:\/\/www.zigarren.zone\/fr\/wp-json\/wp\/v2\/posts\/71579","targetHints":{"allow":["GET"]}}],"collection":[{"href":"https:\/\/www.zigarren.zone\/fr\/wp-json\/wp\/v2\/posts"}],"about":[{"href":"https:\/\/www.zigarren.zone\/fr\/wp-json\/wp\/v2\/types\/post"}],"author":[{"embeddable":true,"href":"https:\/\/www.zigarren.zone\/fr\/wp-json\/wp\/v2\/users\/2"}],"replies":[{"embeddable":true,"href":"https:\/\/www.zigarren.zone\/fr\/wp-json\/wp\/v2\/comments?post=71579"}],"version-history":[{"count":0,"href":"https:\/\/www.zigarren.zone\/fr\/wp-json\/wp\/v2\/posts\/71579\/revisions"}],"wp:featuredmedia":[{"embeddable":true,"href":"https:\/\/www.zigarren.zone\/fr\/wp-json\/wp\/v2\/media\/71578"}],"wp:attachment":[{"href":"https:\/\/www.zigarren.zone\/fr\/wp-json\/wp\/v2\/media?parent=71579"}],"wp:term":[{"taxonomy":"category","embeddable":true,"href":"https:\/\/www.zigarren.zone\/fr\/wp-json\/wp\/v2\/categories?post=71579"},{"taxonomy":"post_tag","embeddable":true,"href":"https:\/\/www.zigarren.zone\/fr\/wp-json\/wp\/v2\/tags?post=71579"}],"curies":[{"name":"wp","href":"https:\/\/api.w.org\/{rel}","templated":true}]}}