{"id":71527,"date":"2024-09-23T14:56:47","date_gmt":"2024-09-23T12:56:47","guid":{"rendered":"https:\/\/www.zigarren.zone\/?p=71527"},"modified":"2025-08-21T22:49:14","modified_gmt":"2025-08-21T20:49:14","slug":"nouveautes-salon-des-manuels-tu-pourras-bientot-fumer-ces-cigares","status":"publish","type":"post","link":"https:\/\/www.zigarren.zone\/fr\/neuheiten-messe-im-manuels-diese-zigarren-kannst-du-bald-rauchen\/","title":{"rendered":"Salon des nouveaut\u00e9s chez Manuel's : tu pourras bient\u00f4t fumer ces cigares"},"content":{"rendered":"<p><strong>Les 27 et 28 septembre, le salon du cigare \"Feria del Tabaco\" se tiendra \u00e0 nouveau au Manuel's \u00e0 Zurich. Sept importateurs de cigares y pr\u00e9senteront leurs derni\u00e8res cr\u00e9ations. Un point fort particulier est la nouvelle ligne de cigares de Cuervos y Sobrinos. Cette marque \u00e9tait surtout connue pour ses montres raffin\u00e9es jusqu'\u00e0 la r\u00e9volution cubaine, mais elle lance aujourd'hui sa premi\u00e8re gamme de cigares. Je serai sur place samedi pour interviewer les importateurs et tester les nouveaux cigares pour toi !<\/strong><\/p>\n\n\n\n<p>Savais-tu qu'il existe un \"Cohiba am\u00e9ricain\" ? Comme les \u00c9tats-Unis refusent de prot\u00e9ger la marque \u00e0 Cuba, ce Cohiba est produit en R\u00e9publique dominicaine et vendu en Europe sous le nom de <em>Silencio<\/em> est vendu. Lors du salon, tu auras l'occasion de d\u00e9couvrir si elle peut se mesurer \u00e0 l'original l\u00e9gendaire de Cuba.<\/p>\n\n\n\n<div style=\"height:50px\" aria-hidden=\"true\" class=\"wp-block-spacer\"><\/div>\n\n\n\n<figure class=\"wp-block-image size-full\"><img decoding=\"async\" width=\"667\" height=\"1000\" src=\"https:\/\/www.zigarren.zone\/wp-content\/uploads\/2024\/09\/Manuels-Feria-Tabacos-2-WEB.jpg\" alt=\"\" class=\"wp-image-71529\" srcset=\"https:\/\/www.zigarren.zone\/wp-content\/uploads\/2024\/09\/Manuels-Feria-Tabacos-2-WEB.jpg 667w, https:\/\/www.zigarren.zone\/wp-content\/uploads\/2024\/09\/Manuels-Feria-Tabacos-2-WEB-8x12.jpg 8w\" sizes=\"(max-width: 667px) 100vw, 667px\" \/><\/figure>\n\n\n\n<div style=\"height:10px\" aria-hidden=\"true\" class=\"wp-block-spacer\"><\/div>\n\n\n\n<p style=\"font-size:1em\"><strong>Tu pourras bient\u00f4t fumer ces cigares<\/strong><\/p>\n\n\n\n<div style=\"height:50px\" aria-hidden=\"true\" class=\"wp-block-spacer\"><\/div>\n\n\n\n<p>Le nouvel importateur <em>Uniportis<\/em> apporte \u00e9galement deux marques passionnantes \u00e0 Zurich : <em>Valentino Siesto<\/em> et <em>Casa Cuevas<\/em>. De plus <em>Intertabac<\/em>, l'importateur officiel de Habanos en Suisse, la marque <em>Flor de Copan<\/em> du Honduras. Autre point fort : la marque <em>Aladino<\/em> a \u00e9t\u00e9 r\u00e9cemment approuv\u00e9 par le <em>Journal du cigare<\/em> comme \"Best Boutique Brand Honduras\", et la nouvelle ligne sera pr\u00e9sent\u00e9e \u00e0 la Feria del Tabaco. <em>Aladino Classic<\/em> pr\u00e9sent\u00e9.<\/p>\n\n\n\n<p>Tu es impatient de d\u00e9couvrir les nouveaut\u00e9s ? Alors la premi\u00e8re de <em>Feuille d'Aganorsa<\/em> peuvent \u00eatre int\u00e9ressants. Ces cigares proviennent du plus grand producteur de tabac du Nicaragua, Eduardo Fernandez, qui n'\u00e9tait jusqu'\u00e0 pr\u00e9sent connu que comme fournisseur. Il lance maintenant avec <em>Feuille d'Aganorsa<\/em> sa premi\u00e8re ligne de cigares en Suisse, gr\u00e2ce \u00e0 la <em>Royal Cigar Company<\/em>.<\/p>\n\n\n\n<p>La Feria del Tabaco a lieu cette ann\u00e9e pour la neuvi\u00e8me fois et attire les amateurs de cigares de toute la Suisse. Pour 50 francs, tu recevras un pass pour la foire qui te permettra de profiter d'au moins sept nouveaut\u00e9s de cigares et d'un cocktail de bienvenue. Il n'est pas n\u00e9cessaire de s'inscrire. Apr\u00e8s le salon, tu pourras \u00e9galement \u00e9valuer les nouveaut\u00e9s en ligne et le 21 octobre 2024, la nouveaut\u00e9 de l'ann\u00e9e en mati\u00e8re de cigares sera \u00e9lue.<\/p>\n\n\n\n<p style=\"font-size:1em\">Tu trouveras plus d'informations sous : <a href=\"http:\/\/www.manuels.ch\/fdt2024\" target=\"_blank\" rel=\"noopener\">www.manuels.ch\/fdt2024<\/a>.<\/p>\n\n\n\n<div style=\"height:50px\" aria-hidden=\"true\" class=\"wp-block-spacer\"><\/div>\n\n\n\n<h2 class=\"wp-block-heading\" id=\"h-was-meinst-du-dazu\">Qu'est-ce que tu en penses ?<\/h2>\n\n\n\n<p><a href=\"https:\/\/www.zigarren.zone\/de\/forum\/topic\/neuheiten-messe-im-manuels-diese-zigarren-kannst-du-bald-rauchen\/\">Nous attendons ton avis avec impatience - discute avec nous de ce blog post dans le forum !<\/a><\/p>\n\n\n\n<div style=\"height:50px\" aria-hidden=\"true\" class=\"wp-block-spacer\"><\/div>\n\n\n\n<figure class=\"wp-block-image size-full is-resized\"><img decoding=\"async\" width=\"472\" height=\"708\" src=\"https:\/\/www.zigarren.zone\/wp-content\/uploads\/2024\/05\/vasilij_100_csf54279.jpg\" alt=\"\" class=\"wp-image-73395\" style=\"aspect-ratio:1;object-fit:contain;width:359px;height:auto\" srcset=\"https:\/\/www.zigarren.zone\/wp-content\/uploads\/2024\/05\/vasilij_100_csf54279.jpg 472w, https:\/\/www.zigarren.zone\/wp-content\/uploads\/2024\/05\/vasilij_100_csf54279-8x12.jpg 8w\" sizes=\"(max-width: 472px) 100vw, 472px\" \/><\/figure>\n\n\n\n<p><strong><strong>Plus de fum\u00e9e. Avec moi.\ud83d\udca8\ud83e\udd17<\/strong><\/strong><\/p>\n\n\n\n<p>YOUTUBE \ud83d\udcfa <a href=\"https:\/\/www.youtube.com\/@genussmitvasilij\" target=\"_blank\" rel=\"noreferrer noopener\">@genussmitvasilij\u00a0<\/a>\u00a0<\/p>\n\n\n\n<p>INSTAGRAM \ud83d\udcf8 <a href=\"https:\/\/www.instagram.com\/v4silij\/\" target=\"_blank\" rel=\"noreferrer noopener\">@v4silij\u00a0<\/a>\u00a0<\/p>\n\n\n\n<p>INSTAGRAM \ud83d\udcf8 <a href=\"https:\/\/www.instagram.com\/zigarrenzone\/\" target=\"_blank\" rel=\"noreferrer noopener\">@zigarrenzone\u00a0<\/a>\u00a0<\/p>\n\n\n\n<div style=\"height:50px\" aria-hidden=\"true\" class=\"wp-block-spacer\"><\/div>","protected":false},"excerpt":{"rendered":"<p>Les 27 et 28 septembre, le salon du cigare \"Feria del Tabaco\" se tiendra \u00e0 nouveau au Manuel's \u00e0 Zurich. Sept importateurs de cigares pr\u00e9senteront leurs...<\/p>","protected":false},"author":2,"featured_media":71528,"comment_status":"open","ping_status":"closed","sticky":false,"template":"","format":"standard","meta":{"jetpack_post_was_ever_published":false,"_jetpack_newsletter_access":"","_jetpack_dont_email_post_to_subs":false,"_jetpack_newsletter_tier_id":0,"_jetpack_memberships_contains_paywalled_content":false,"_jetpack_memberships_contains_paid_content":false,"footnotes":""},"categories":[6291,662],"tags":[704,6342],"class_list":["post-71527","post","type-post","status-publish","format-standard","has-post-thumbnail","hentry","category-event","category-marktplatz","tag-event","tag-manuels",""],"jetpack_featured_media_url":"https:\/\/www.zigarren.zone\/wp-content\/uploads\/2024\/09\/Manuels-Feria-Tabacos-WEB.jpg","jetpack_sharing_enabled":true,"_links":{"self":[{"href":"https:\/\/www.zigarren.zone\/fr\/wp-json\/wp\/v2\/posts\/71527","targetHints":{"allow":["GET"]}}],"collection":[{"href":"https:\/\/www.zigarren.zone\/fr\/wp-json\/wp\/v2\/posts"}],"about":[{"href":"https:\/\/www.zigarren.zone\/fr\/wp-json\/wp\/v2\/types\/post"}],"author":[{"embeddable":true,"href":"https:\/\/www.zigarren.zone\/fr\/wp-json\/wp\/v2\/users\/2"}],"replies":[{"embeddable":true,"href":"https:\/\/www.zigarren.zone\/fr\/wp-json\/wp\/v2\/comments?post=71527"}],"version-history":[{"count":0,"href":"https:\/\/www.zigarren.zone\/fr\/wp-json\/wp\/v2\/posts\/71527\/revisions"}],"wp:featuredmedia":[{"embeddable":true,"href":"https:\/\/www.zigarren.zone\/fr\/wp-json\/wp\/v2\/media\/71528"}],"wp:attachment":[{"href":"https:\/\/www.zigarren.zone\/fr\/wp-json\/wp\/v2\/media?parent=71527"}],"wp:term":[{"taxonomy":"category","embeddable":true,"href":"https:\/\/www.zigarren.zone\/fr\/wp-json\/wp\/v2\/categories?post=71527"},{"taxonomy":"post_tag","embeddable":true,"href":"https:\/\/www.zigarren.zone\/fr\/wp-json\/wp\/v2\/tags?post=71527"}],"curies":[{"name":"wp","href":"https:\/\/api.w.org\/{rel}","templated":true}]}}