{"id":70949,"date":"2024-08-09T16:33:26","date_gmt":"2024-08-09T14:33:26","guid":{"rendered":"https:\/\/www.zigarren.zone\/?p=70949"},"modified":"2024-08-09T16:33:28","modified_gmt":"2024-08-09T14:33:28","slug":"daniel-et-adam-kohlhase-annoncent-les-premiers-fournisseurs-skel-ton-et-gilbert-de-montsalvat-distribues-par-m-k-soehne","status":"publish","type":"post","link":"https:\/\/www.zigarren.zone\/fr\/daniel-und-adam-kohlhase-geben-die-ersten-lieferanten-bekannt-skel-ton-und-gilbert-de-montsalvat-im-vertrieb-von-m-k-soehne\/","title":{"rendered":"Daniel et Adam Kohlhase annoncent leurs premiers fournisseurs : Skel Ton et Gilbert de Montsalvat distribu\u00e9s par M. K. &amp; S\u00f6hne"},"content":{"rendered":"<p class=\"has-medium-font-size\"><strong>Rellingen, 08.08.2024 - Pendant longtemps, l'entreprise familiale bas\u00e9e \u00e0 Rellingen pr\u00e8s de Hambourg est rest\u00e9e silencieuse sur son portefeuille de marques. Les sp\u00e9culations allaient bon train. Aujourd'hui, les fr\u00e8res Adam et Daniel Kohlhase ont lev\u00e9 le voile sur le secret et annoncent la reprise de la distribution de Skel Ton et Gilbert de Montsalvat avec effet imm\u00e9diat. Deux favoris de la branche donnent ainsi le coup d'envoi du portefeuille de M. K. &amp; S\u00f6hne.<\/strong><\/p>\n\n\n\n<p class=\"yoast-reading-time__wrapper\"><span class=\"yoast-reading-time__icon\"><svg aria-hidden=\"true\" focusable=\"false\" data-icon=\"clock\" width=\"20\" height=\"20\" fill=\"none\" stroke=\"currentColor\" style=\"display:inline-block;vertical-align:-0.1em\" role=\"img\" xmlns=\"http:\/\/www.w3.org\/2000\/svg\" viewbox=\"0 0 24 24\"><path stroke-linecap=\"round\" stroke-linejoin=\"round\" stroke-width=\"2\" d=\"M12 8v4l3 3m6-3a9 9 0 11-18 0 9 9 0 0118 0z\"><\/path><\/svg><\/span><span class=\"yoast-reading-time__spacer\" style=\"display:inline-block;width:1em\"><\/span><span class=\"yoast-reading-time__reading-time\">3<\/span><span class=\"yoast-reading-time__time-unit\"> minutes<\/span><\/p>\n\n\n\n<p style=\"font-size:1em\">Derri\u00e8re la marque Gilbert de Montsalvat se cache l'entrepreneur et connaisseur suisse Raymondo Bernasconi, qui vient de f\u00eater le 15e anniversaire de son entreprise. Cela fait d\u00e9j\u00e0 plus de vingt ans qu'il est aux c\u00f4t\u00e9s de la famille Kohlhase, en tant qu'ami et en tant qu'homme d'affaires. Avec Dirk Richter, Area Sales Manager pour l'Allemagne du Nord chez M. K. &amp; S\u00f6hne, Raymondo est d\u00e9j\u00e0 en tourn\u00e9e de promotion cette semaine.<\/p>\n\n\n\n<p>Avec sa marque Skel Ton, Tonio Neugebauer a r\u00e9ussi par ses propres moyens \u00e0 s'assurer une place de choix sur le march\u00e9 tr\u00e8s concurrentiel des cigares et figure en bonne place sur les listes de best-sellers. En raison d'une demande croissante et de capacit\u00e9s limit\u00e9es, il s'est logiquement tourn\u00e9 vers les fr\u00e8res Kohlhase afin d'obtenir pour sa marque un logisticien et un professionnel de la distribution professionnels ainsi qu'une plus grande visibilit\u00e9.<\/p>\n\n\n\n<p>\"Nous avons la grande chance de travailler dans un secteur o\u00f9 les propri\u00e9taires sont passionn\u00e9s et d\u00e9vou\u00e9s. Qui d\u00e9passent leurs propres limites. Qui veulent faire bouger les choses. Qui ont une histoire \u00e0 raconter. Qui ont quitt\u00e9 un emploi s\u00fbr pour suivre leur passion. Cela nous impressionne et nous motive. Tonio et Raymondo ne font pas exception. Travailler avec de tels talents est un cadeau. Ils sont le battement de c\u0153ur de notre secteur.<\/p>\n\n\n\n<p>C'est pourquoi nous sommes particuli\u00e8rement heureux que Gilbert de Montsalvat et Skel Ton ouvrent la voie. Ces marques ont encore un grand potentiel sur le march\u00e9 allemand. Ensemble, nous allons construire l'avenir\", ont d\u00e9clar\u00e9 Adam et Daniel Kohlhase.<\/p>\n\n\n\n<p>Parall\u00e8lement, l'\u00e9quipe d'Adam et Daniel Kohlhase s'agrandit \u00e0 grands pas. L'\u00e9quipage se compose principalement d'anciens compagnons de route. \"Nous sommes reconnaissants et submerg\u00e9s par la loyaut\u00e9. Chaque membre est unique, apporte ses comp\u00e9tences et est tr\u00e8s motiv\u00e9 pour contribuer au succ\u00e8s de M. K. &amp; Sons. Il r\u00e8gne chez nous un formidable esprit d'\u00e9quipe et nous valorisons les id\u00e9es et l'exp\u00e9rience de nos collaborateurs\".<\/p>\n\n\n\n<p style=\"font-size:1em\">Les commandes pour la marque Skel Ton seront accept\u00e9es \u00e0 partir du 12.08.2024. Les produits de Gilbert de Montsalvat seront disponibles dans le courant de la semaine prochaine (semaine 33).<br><\/p>\n\n\n\n<h2 class=\"wp-block-heading\" id=\"h-das-konnte-dich-auch-interessieren\">Cela pourrait aussi t'int\u00e9resser<\/h2>\n\n\n\n<p style=\"font-size:1em\"><a href=\"https:\/\/www.zigarren.zone\/de\/tag\/gilbert-de-montsalvat\/\">Articles sur Gilbert de Montsalvat chez Zigarren.Zone<\/a><\/p>\n\n\n\n<p><a href=\"https:\/\/www.zigarren.zone\/de\/?s=skel+ton\">Articles sur Skel Ton chez Zigarren.Zone<\/a><\/p>\n\n\n\n<div style=\"height:50px\" aria-hidden=\"true\" class=\"wp-block-spacer\"><\/div>\n\n\n\n<figure class=\"wp-block-image size-full is-resized\"><img decoding=\"async\" width=\"472\" height=\"708\" src=\"https:\/\/www.zigarren.zone\/wp-content\/uploads\/2024\/05\/vasilij_100_csf54279.jpg\" alt=\"\" class=\"wp-image-73395\" style=\"aspect-ratio:1;object-fit:contain;width:359px;height:auto\" srcset=\"https:\/\/www.zigarren.zone\/wp-content\/uploads\/2024\/05\/vasilij_100_csf54279.jpg 472w, https:\/\/www.zigarren.zone\/wp-content\/uploads\/2024\/05\/vasilij_100_csf54279-8x12.jpg 8w\" sizes=\"(max-width: 472px) 100vw, 472px\" \/><\/figure>\n\n\n\n<p><strong><strong>Plus de fum\u00e9e. Avec moi.\ud83d\udca8\ud83e\udd17<\/strong><\/strong><\/p>\n\n\n\n<p>YOUTUBE \ud83d\udcfa <a href=\"https:\/\/www.youtube.com\/@genussmitvasilij\" target=\"_blank\" rel=\"noreferrer noopener\">@genussmitvasilij\u00a0<\/a>\u00a0<\/p>\n\n\n\n<p>INSTAGRAM \ud83d\udcf8 <a href=\"https:\/\/www.instagram.com\/v4silij\/\" target=\"_blank\" rel=\"noreferrer noopener\">@v4silij\u00a0<\/a>\u00a0<\/p>\n\n\n\n<p>INSTAGRAM \ud83d\udcf8 <a href=\"https:\/\/www.instagram.com\/zigarrenzone\/\" target=\"_blank\" rel=\"noreferrer noopener\">@zigarrenzone\u00a0<\/a>\u00a0<\/p>\n\n\n\n<div style=\"height:50px\" aria-hidden=\"true\" class=\"wp-block-spacer\"><\/div>","protected":false},"excerpt":{"rendered":"<p>Rellingen, 08.08.2024 - Pendant longtemps, l'entreprise familiale bas\u00e9e \u00e0 Rellingen pr\u00e8s de Hambourg est rest\u00e9e silencieuse sur son portefeuille de marques. Les sp\u00e9culations allaient bon train. Maintenant, les...<\/p>","protected":false},"author":2,"featured_media":70953,"comment_status":"open","ping_status":"closed","sticky":false,"template":"","format":"standard","meta":{"jetpack_post_was_ever_published":false,"_jetpack_newsletter_access":"","_jetpack_dont_email_post_to_subs":false,"_jetpack_newsletter_tier_id":0,"_jetpack_memberships_contains_paywalled_content":false,"_jetpack_memberships_contains_paid_content":false,"footnotes":""},"categories":[662],"tags":[822,6565,6426],"class_list":["post-70949","post","type-post","status-publish","format-standard","has-post-thumbnail","hentry","category-marktplatz","tag-gilbert-de-montsalvat","tag-m-k-soehne","tag-skel-ton",""],"jetpack_featured_media_url":"https:\/\/www.zigarren.zone\/wp-content\/uploads\/2024\/08\/logo-gilbert-und-skelton.jpg","jetpack_sharing_enabled":true,"_links":{"self":[{"href":"https:\/\/www.zigarren.zone\/fr\/wp-json\/wp\/v2\/posts\/70949","targetHints":{"allow":["GET"]}}],"collection":[{"href":"https:\/\/www.zigarren.zone\/fr\/wp-json\/wp\/v2\/posts"}],"about":[{"href":"https:\/\/www.zigarren.zone\/fr\/wp-json\/wp\/v2\/types\/post"}],"author":[{"embeddable":true,"href":"https:\/\/www.zigarren.zone\/fr\/wp-json\/wp\/v2\/users\/2"}],"replies":[{"embeddable":true,"href":"https:\/\/www.zigarren.zone\/fr\/wp-json\/wp\/v2\/comments?post=70949"}],"version-history":[{"count":0,"href":"https:\/\/www.zigarren.zone\/fr\/wp-json\/wp\/v2\/posts\/70949\/revisions"}],"wp:featuredmedia":[{"embeddable":true,"href":"https:\/\/www.zigarren.zone\/fr\/wp-json\/wp\/v2\/media\/70953"}],"wp:attachment":[{"href":"https:\/\/www.zigarren.zone\/fr\/wp-json\/wp\/v2\/media?parent=70949"}],"wp:term":[{"taxonomy":"category","embeddable":true,"href":"https:\/\/www.zigarren.zone\/fr\/wp-json\/wp\/v2\/categories?post=70949"},{"taxonomy":"post_tag","embeddable":true,"href":"https:\/\/www.zigarren.zone\/fr\/wp-json\/wp\/v2\/tags?post=70949"}],"curies":[{"name":"wp","href":"https:\/\/api.w.org\/{rel}","templated":true}]}}