{"id":69946,"date":"2024-05-13T19:39:46","date_gmt":"2024-05-13T17:39:46","guid":{"rendered":"https:\/\/www.zigarren.zone\/?p=69946"},"modified":"2024-08-14T09:05:57","modified_gmt":"2024-08-14T07:05:57","slug":"apercu-exclusif-louis-charles-levy-actionnaire-dintertabac-ag-parle-de-supposees-negociations-de-vente-dactions","status":"publish","type":"post","link":"https:\/\/www.zigarren.zone\/fr\/exklusive-einblicke-louis-charles-levy-anteilseigner-der-intertabak-ag-spricht-ueber-angebliche-verkaufsverhandlungen-der-aktien\/","title":{"rendered":"Aper\u00e7u exclusif : Louis-Charles Levy (actionnaire d'Intertabak AG) parle des pr\u00e9tendues n\u00e9gociations de vente des actions"},"content":{"rendered":"<p><strong>Depuis fin avril 2024 environ, des rumeurs circulent dans les m\u00e9dias en ligne et de bouche \u00e0 oreille selon lesquelles les actionnaires d'Intertabak AG, Villiger \/ Levy, souhaitent vendre leurs parts \u00e0 Habanos S.A. et n\u00e9gocient actuellement le prix. Selon un distributeur, cette d\u00e9marche aurait \u00e9t\u00e9 d\u00e9cid\u00e9e lors d'une r\u00e9union du conseil d'administration. Qu'en est-il de ces rumeurs ? Le copropri\u00e9taire et membre du conseil d'administration, Louis-Charles Levy, s'exprime maintenant en exclusivit\u00e9 dans Zigarren.Zone.<\/strong><\/p>\n\n\n\n<p class=\"yoast-reading-time__wrapper\"><span class=\"yoast-reading-time__icon\"><svg aria-hidden=\"true\" focusable=\"false\" data-icon=\"clock\" width=\"20\" height=\"20\" fill=\"none\" stroke=\"currentColor\" style=\"display:inline-block;vertical-align:-0.1em\" role=\"img\" xmlns=\"http:\/\/www.w3.org\/2000\/svg\" viewbox=\"0 0 24 24\"><path stroke-linecap=\"round\" stroke-linejoin=\"round\" stroke-width=\"2\" d=\"M12 8v4l3 3m6-3a9 9 0 11-18 0 9 9 0 0118 0z\"><\/path><\/svg><\/span><span class=\"yoast-reading-time__spacer\" style=\"display:inline-block;width:1em\"><\/span><span class=\"yoast-reading-time__reading-time\">4<\/span><span class=\"yoast-reading-time__time-unit\"> minutes<\/span><\/p>\n\n\n\n<div class=\"wp-block-yoast-seo-table-of-contents yoast-table-of-contents\"><h2>Table des mati\u00e8res<\/h2><ul><li><a href=\"#h-ruckblick-was-ist-passiert\" data-level=\"2\">R\u00e9trospective de la situation : Que s'est-il pass\u00e9 ?<\/a><\/li><li><a href=\"#h-ubernahmegeruchte-die-fakten\" data-level=\"2\">Rumeurs de rachat : les faits<\/a><\/li><li><a href=\"#ressourcen-zum-thema\" data-level=\"2\">Ressources sur le sujet<\/a><\/li><li><a href=\"#h-gemeinsam-diskutieren-uber-zigarrenbewertungen-zigarrenpreise-zigarrensammlungen-teile-deine-gedanken-und-meinungen-mit-der-community\" data-level=\"2\">Discutez ensemble des \u00e9valuations de cigares, des prix des cigares, des collections de cigares : Partagez vos pens\u00e9es et vos opinions avec la communaut\u00e9<\/a><\/li><\/ul><\/div>\n\n\n\n<p><strong>J'ai communiqu\u00e9 avec M. Levy. La d\u00e9claration de M. Levy figure dans cet article en version originale fran\u00e7aise ainsi que dans une traduction allemande.<\/strong><\/p>\n\n\n\n<h2 class=\"wp-block-heading\" id=\"h-ruckblick-was-ist-passiert\">R\u00e9trospective de la situation : Que s'est-il pass\u00e9 ?<\/h2>\n\n\n\n<p>En avril 2024, il a \u00e9t\u00e9 annonc\u00e9 qu'Habanos S.A., une organisation dirig\u00e9e par le gouvernement cubain, envisageait de modifier sa strat\u00e9gie d'exportation. Cette organisation est responsable de l'exportation de cigares cubains dans le monde entier. Les nouveaux plans pr\u00e9voient de r\u00e9duire consid\u00e9rablement les livraisons sur les march\u00e9s o\u00f9 Habanos S.A. n'a pas le contr\u00f4le total de la distribution.<\/p>\n\n\n\n<p>Cette d\u00e9cision strat\u00e9gique s'inscrit dans le cadre d'une vaste restructuration des canaux de distribution d'Habanos S.A. visant \u00e0 prendre le contr\u00f4le mondial de ses r\u00e9seaux de distribution. L'importateur en Suisse, Intertabak AG, appartient \u00e0 50% Habanos S.A., \u00e0 25% Villiger et \u00e0 25% Levy.<\/p>\n\n\n\n<p>Voici deux articles de Zigarren.Zone :<\/p>\n\n\n\n<p><a href=\"https:\/\/www.zigarren.zone\/de\/exklusivvertrag-gesichert-5th-avenue-uebernimmt-2024-vertrieb-von-habanos-zigarren-in-deutschland-oesterreich-und-polen\/\">Contrat exclusif assur\u00e9 : 5TH Avenue 2024 avec d\u00e9claration de M. Levy sur Intertabak SA<\/a><\/p>\n\n\n\n<p><a href=\"https:\/\/www.zigarren.zone\/de\/intertabak-ag-ringt-um-kubanische-zigarrenversorgung-in-der-schweiz\/\">Intertabak AG lutte pour l'approvisionnement en cigares cubains en Suisse<\/a><\/p>\n\n\n\n<h2 class=\"wp-block-heading\" id=\"h-ubernahmegeruchte-die-fakten\">Rumeurs de rachat : les faits<\/h2>\n\n\n\n<p>Voici la traduction fran\u00e7aise du document de M. Levy que j'ai re\u00e7u.<\/p>\n\n\n\n<p>________<\/p>\n\n\n\n<p>\"Actuellement, une s\u00e9rie de rumeurs circulent concernant Intertabak AG. La premi\u00e8re serait une modification de la structure de l'actionnariat. Un l\u00e9ger coup d'\u0153il au registre du commerce suffirait \u00e0 quiconque est curieux pour s'assurer qu'il n'en est rien.<\/p>\n\n\n\n<p>L'actionnariat est toujours le m\u00eame.&nbsp;<\/p>\n\n\n\n<p>Je peux confirmer que personne ne m'a contact\u00e9 pour un changement.<\/p>\n\n\n\n<p>La deuxi\u00e8me rumeur indique que les livraisons pour l'ann\u00e9e 2024 diminueront de 40 %. Une baisse des livraisons aura bien lieu. Les probl\u00e8mes de production initiaux ne se sont pas stabilis\u00e9s \u00e0 ce jour. Ce chiffre qui circule correspond \u00e0 la r\u00e9alit\u00e9 d'un autre distributeur. Le n\u00f4tre est inf\u00e9rieur.<\/p>\n\n\n\n<p>Le fait que tous les distributeurs mixtes aient \u00e9t\u00e9 officiellement inform\u00e9s de cette baisse est tout \u00e0 fait conforme au respect des relations entre les actionnaires.<\/p>\n\n\n\n<p>Toutefois, cela n'indique pas une \u00e9ventuelle r\u00e9duction de la quantit\u00e9 livr\u00e9e.<\/p>\n\n\n\n<p>En 2023, la Suisse \u00e9tait le troisi\u00e8me pays en termes de valeur et le cinqui\u00e8me en termes de quantit\u00e9. Cela t\u00e9moigne de sa maturit\u00e9, de sa solidit\u00e9 et du professionnalisme complet de l'\u00e9quipe d'Intertabac SA\".<\/p>\n\n\n\n<p>________<\/p>\n\n\n\n<p>Remarque : aucun actionnaire et ses parts ne sont visibles publiquement dans l'extrait du registre du commerce.<\/p>\n\n\n\n<p>________<\/p>\n\n\n\n<p>Voici le texte original en fran\u00e7ais :<\/p>\n\n\n\n<figure class=\"wp-block-image size-large\"><img decoding=\"async\" width=\"1000\" height=\"826\" src=\"https:\/\/www.zigarren.zone\/wp-content\/uploads\/2024\/05\/Louis-Charles-Levy-Statement-2024_2-1000x826.png\" alt=\"\" class=\"wp-image-69957\" srcset=\"https:\/\/www.zigarren.zone\/wp-content\/uploads\/2024\/05\/Louis-Charles-Levy-Statement-2024_2-1000x826.png 1000w, https:\/\/www.zigarren.zone\/wp-content\/uploads\/2024\/05\/Louis-Charles-Levy-Statement-2024_2-768x635.png 768w, https:\/\/www.zigarren.zone\/wp-content\/uploads\/2024\/05\/Louis-Charles-Levy-Statement-2024_2-15x12.png 15w, https:\/\/www.zigarren.zone\/wp-content\/uploads\/2024\/05\/Louis-Charles-Levy-Statement-2024_2-624x516.png 624w, https:\/\/www.zigarren.zone\/wp-content\/uploads\/2024\/05\/Louis-Charles-Levy-Statement-2024_2.png 1186w\" sizes=\"(max-width: 1000px) 100vw, 1000px\" \/><\/figure>\n\n\n\n<div style=\"height:50px\" aria-hidden=\"true\" class=\"wp-block-spacer\"><\/div>\n\n\n\n<p><strong>Suivez-moi \ud83d\udca8\ud83e\udd17<\/strong><\/p>\n\n\n\n<p><strong>\ud83d\udc49 <\/strong><a target=\"_blank\" rel=\"noreferrer noopener\" href=\"https:\/\/www.instagram.com\/v4silij\/\"><strong>Instagram @v4silij<\/strong><\/a><\/p>\n\n\n\n<p><strong>\ud83d\udc49 <\/strong><a href=\"https:\/\/www.instagram.com\/zigarrenzone\/\" target=\"_blank\" rel=\"noreferrer noopener\"><strong>Instagram @zigarrenzone<\/strong><\/a><\/p>\n\n\n\n<figure class=\"wp-block-image size-full\"><img decoding=\"async\" width=\"600\" height=\"400\" src=\"https:\/\/www.zigarren.zone\/wp-content\/uploads\/2024\/05\/Follow-Me.png\" alt=\"\" class=\"wp-image-69875\" srcset=\"https:\/\/www.zigarren.zone\/wp-content\/uploads\/2024\/05\/Follow-Me.png 600w, https:\/\/www.zigarren.zone\/wp-content\/uploads\/2024\/05\/Follow-Me-18x12.png 18w\" sizes=\"(max-width: 600px) 100vw, 600px\" \/><\/figure>\n\n\n\n<div style=\"height:50px\" aria-hidden=\"true\" class=\"wp-block-spacer\"><\/div>\n\n\n\n<h2 class=\"wp-block-heading\" id=\"ressourcen-zum-thema\">Ressources sur le sujet<\/h2>\n\n\n\n<p><a href=\"https:\/\/bl.chregister.ch\/cr-portal\/auszug\/auszug.xhtml?uid=CHE-106.048.276\" target=\"_blank\" rel=\"noreferrer noopener\">Extrait du registre du commerce du canton de B\u00e2le-Campagne : Intertabak AG :&nbsp;<\/a><\/p>\n\n\n\n<p><strong>Article sur Zigarren.Zone :<\/strong><\/p>\n\n\n\n<figure class=\"wp-block-embed is-type-wp-embed is-provider-zigarren-zone-zigarrenbewertungen-zigarren-kaufen-zigarrensammlungen wp-block-embed-zigarren-zone-zigarrenbewertungen-zigarren-kaufen-zigarrensammlungen\"><div class=\"wp-block-embed__wrapper\">\n<blockquote class=\"wp-embedded-content\" data-secret=\"vtgOXH4gfO\"><a href=\"https:\/\/www.zigarren.zone\/exklusivvertrag-gesichert-5th-avenue-uebernimmt-2024-vertrieb-von-habanos-zigarren-in-deutschland-oesterreich-und-polen\/\">Contrat d'exclusivit\u00e9 assur\u00e9 : 5TH Avenue assurera la distribution des cigares Habanos en Allemagne, en Autriche et en Pologne en 2024<\/a><\/blockquote><iframe class=\"wp-embedded-content\" sandbox=\"allow-scripts\" security=\"restricted\" style=\"position: absolute; clip: rect(1px, 1px, 1px, 1px);\" title=\"&quot;Contrat d&#039;exclusivit\u00e9 assur\u00e9 : 5TH Avenue assurera la distribution des cigares Habanos en Allemagne, en Autriche et en Pologne en 2024&quot; - Zigarren.Zone Avis sur les cigares, acheter des cigares, collections de cigares\" src=\"https:\/\/www.zigarren.zone\/exklusivvertrag-gesichert-5th-avenue-uebernimmt-2024-vertrieb-von-habanos-zigarren-in-deutschland-oesterreich-und-polen\/embed\/#?secret=G7cIw4fuS9#?secret=vtgOXH4gfO\" data-secret=\"vtgOXH4gfO\" width=\"600\" height=\"338\" frameborder=\"0\" marginwidth=\"0\" marginheight=\"0\" scrolling=\"no\"><\/iframe>\n<\/div><\/figure>\n\n\n\n<figure class=\"wp-block-embed is-type-wp-embed is-provider-zigarren-zone-zigarrenbewertungen-zigarren-kaufen-zigarrensammlungen wp-block-embed-zigarren-zone-zigarrenbewertungen-zigarren-kaufen-zigarrensammlungen\"><div class=\"wp-block-embed__wrapper\">\n<blockquote class=\"wp-embedded-content\" data-secret=\"1uENz7vXyr\"><a href=\"https:\/\/www.zigarren.zone\/intertabak-ag-ringt-um-kubanische-zigarrenversorgung-in-der-schweiz\/\">Intertabak AG lutte pour l'approvisionnement en cigares cubains en Suisse<\/a><\/blockquote><iframe class=\"wp-embedded-content\" sandbox=\"allow-scripts\" security=\"restricted\" style=\"position: absolute; clip: rect(1px, 1px, 1px, 1px);\" title=\"&quot;Intertabak AG lutte pour l&#039;approvisionnement en cigares cubains en Suisse&quot; - Zigarren.Zone Avis sur les cigares, acheter des cigares, collections de cigares\" src=\"https:\/\/www.zigarren.zone\/intertabak-ag-ringt-um-kubanische-zigarrenversorgung-in-der-schweiz\/embed\/#?secret=p4uoPzoSx2#?secret=1uENz7vXyr\" data-secret=\"1uENz7vXyr\" width=\"600\" height=\"338\" frameborder=\"0\" marginwidth=\"0\" marginheight=\"0\" scrolling=\"no\"><\/iframe>\n<\/div><\/figure>\n\n\n\n<div style=\"height:50px\" aria-hidden=\"true\" class=\"wp-block-spacer\"><\/div>\n\n\n\n<h2 class=\"wp-block-heading\" id=\"h-gemeinsam-diskutieren-uber-zigarrenbewertungen-zigarrenpreise-zigarrensammlungen-teile-deine-gedanken-und-meinungen-mit-der-community\">Discutez ensemble des \u00e9valuations de cigares, des prix des cigares, des collections de cigares : Partagez vos pens\u00e9es et vos opinions avec la communaut\u00e9<\/h2>\n\n\n\n<p class=\"has-black-color has-text-color\" style=\"font-size:1em\">J'esp\u00e8re que tu as appr\u00e9ci\u00e9 mon article actuel et que tu as trouv\u00e9 les informations qu'il contient int\u00e9ressantes. J'ai h\u00e2te de conna\u00eetre ton point de vue et de lire ton commentaire \ud83e\udd17<\/p>","protected":false},"excerpt":{"rendered":"<p>Depuis fin avril 2024 environ, des rumeurs circulent dans les m\u00e9dias en ligne et de bouche \u00e0 oreille selon lesquelles les actionnaires d'Intertabak AG, Villiger \/ Levy...<\/p>","protected":false},"author":2,"featured_media":62800,"comment_status":"open","ping_status":"closed","sticky":false,"template":"","format":"standard","meta":{"jetpack_post_was_ever_published":false,"_jetpack_newsletter_access":"","_jetpack_dont_email_post_to_subs":false,"_jetpack_newsletter_tier_id":0,"_jetpack_memberships_contains_paywalled_content":false,"_jetpack_memberships_contains_paid_content":false,"footnotes":""},"categories":[662],"tags":[825,6387,666],"class_list":["post-69946","post","type-post","status-publish","format-standard","has-post-thumbnail","hentry","category-marktplatz","tag-intertabak-ag","tag-open-access","tag-world-of-habanos",""],"jetpack_featured_media_url":"https:\/\/www.zigarren.zone\/wp-content\/uploads\/2023\/05\/Kuba-2018-quer.jpg","jetpack_sharing_enabled":true,"_links":{"self":[{"href":"https:\/\/www.zigarren.zone\/fr\/wp-json\/wp\/v2\/posts\/69946","targetHints":{"allow":["GET"]}}],"collection":[{"href":"https:\/\/www.zigarren.zone\/fr\/wp-json\/wp\/v2\/posts"}],"about":[{"href":"https:\/\/www.zigarren.zone\/fr\/wp-json\/wp\/v2\/types\/post"}],"author":[{"embeddable":true,"href":"https:\/\/www.zigarren.zone\/fr\/wp-json\/wp\/v2\/users\/2"}],"replies":[{"embeddable":true,"href":"https:\/\/www.zigarren.zone\/fr\/wp-json\/wp\/v2\/comments?post=69946"}],"version-history":[{"count":0,"href":"https:\/\/www.zigarren.zone\/fr\/wp-json\/wp\/v2\/posts\/69946\/revisions"}],"wp:featuredmedia":[{"embeddable":true,"href":"https:\/\/www.zigarren.zone\/fr\/wp-json\/wp\/v2\/media\/62800"}],"wp:attachment":[{"href":"https:\/\/www.zigarren.zone\/fr\/wp-json\/wp\/v2\/media?parent=69946"}],"wp:term":[{"taxonomy":"category","embeddable":true,"href":"https:\/\/www.zigarren.zone\/fr\/wp-json\/wp\/v2\/categories?post=69946"},{"taxonomy":"post_tag","embeddable":true,"href":"https:\/\/www.zigarren.zone\/fr\/wp-json\/wp\/v2\/tags?post=69946"}],"curies":[{"name":"wp","href":"https:\/\/api.w.org\/{rel}","templated":true}]}}