{"id":66376,"date":"2023-09-05T17:38:24","date_gmt":"2023-09-05T15:38:24","guid":{"rendered":"https:\/\/www.zigarren.zone\/?p=66376"},"modified":"2023-09-06T11:37:53","modified_gmt":"2023-09-06T09:37:53","slug":"habanos-day-2023-week-end-plaisir-au-chateau-bueckeburg","status":"publish","type":"post","link":"https:\/\/www.zigarren.zone\/fr\/habanos-day-2023-genusswochenende-auf-schloss-bueckeburg\/","title":{"rendered":"HABANOS DAY 2023 : Week-end gourmand au ch\u00e2teau de B\u00fcckeburg"},"content":{"rendered":"<p class=\"has-medium-font-size\"><strong>Journ\u00e9e Habanos 2023 : 250 amateurs de cigares lors du week-end de d\u00e9gustation de Havanes les 1er et 2 septembre au ch\u00e2teau de B\u00fcckeburg.<\/strong><\/p>\n\n\n\n\n\n<p class=\"yoast-reading-time__wrapper\"><span class=\"yoast-reading-time__icon\"><\/span><span class=\"yoast-reading-time__reading-time\">6<\/span><span class=\"yoast-reading-time__time-unit\"> minutes<\/span><\/p>\n\n\n\n<div class=\"wp-block-yoast-seo-table-of-contents yoast-table-of-contents\"><h2>Table des mati\u00e8res<\/h2><ul><li><a href=\"#titel-1\" data-level=\"2\">Maison princi\u00e8re de Schaumburg-Lippe<\/a><\/li><li><a href=\"#h-attraktive-seminare-am-habanos-day-2023\" data-level=\"2\">S\u00e9minaires attrayants lors du Habanos Day 2023<\/a><\/li><li><a href=\"#h-weltpremiere-romeo-y-julieta-cupidos\" data-level=\"2\">Premi\u00e8re mondiale Romeo y Julieta Cupidos<\/a><\/li><li><a href=\"#ressourcen-zum-thema\" data-level=\"2\">Ressources sur le sujet<\/a><\/li><li><a href=\"#h-das-konnte-dich-auch-interessieren\" data-level=\"2\">Cela pourrait aussi t'int\u00e9resser<\/a><\/li><\/ul><\/div>\n\n\n\n<h2 class=\"wp-block-heading\" id=\"titel-1\">Maison princi\u00e8re de Schaumburg-Lippe<\/h2>\n\n\n\n<div style=\"height:50px\" aria-hidden=\"true\" class=\"wp-block-spacer\"><\/div>\n\n\n\n<figure class=\"wp-block-image size-full\"><img decoding=\"async\" width=\"1000\" height=\"568\" src=\"https:\/\/www.zigarren.zone\/wp-content\/uploads\/2023\/09\/HD23-0130.jpg\" alt=\"Le Habanos Day 2023 : Salle somptueuse du ch\u00e2teau et d\u00e9cor digne de ce nom.\" class=\"wp-image-66366\" srcset=\"https:\/\/www.zigarren.zone\/wp-content\/uploads\/2023\/09\/HD23-0130.jpg 1000w, https:\/\/www.zigarren.zone\/wp-content\/uploads\/2023\/09\/HD23-0130-768x436.jpg 768w, https:\/\/www.zigarren.zone\/wp-content\/uploads\/2023\/09\/HD23-0130-18x10.jpg 18w, https:\/\/www.zigarren.zone\/wp-content\/uploads\/2023\/09\/HD23-0130-624x354.jpg 624w\" sizes=\"(max-width: 1000px) 100vw, 1000px\" \/><\/figure>\n\n\n\n<div style=\"height:10px\" aria-hidden=\"true\" class=\"wp-block-spacer\"><\/div>\n\n\n\n<p style=\"font-size:1em\"><strong>Le Habanos Day 2023 : Salle somptueuse du ch\u00e2teau et d\u00e9cor digne de ce nom.<\/strong><\/p>\n\n\n\n<div style=\"height:50px\" aria-hidden=\"true\" class=\"wp-block-spacer\"><\/div>\n\n\n\n<p style=\"font-size:1em\">Il existe de nombreuses facettes du plaisir, et l'on a pu en d\u00e9couvrir une s\u00e9lection impressionnante lors du huiti\u00e8me HABANOS DAY allemand, qui s'est tenu le premier week-end de septembre au ch\u00e2teau de B\u00fcckeburg. 250 aficionadas et aficionados venus de toute l'Allemagne et d'Autriche \u00e9taient pr\u00e9sents. Dans le tr\u00e8s impressionnant ch\u00e2teau de B\u00fcckeburg, si\u00e8ge de la maison princi\u00e8re de Schaumburg-Lippe, les Habanos, sans doute le produit de plaisir le plus connu de Cuba, \u00e9taient \u00e0 l'honneur.<\/p>\n\n\n\n<h2 class=\"wp-block-heading\" id=\"h-attraktive-seminare-am-habanos-day-2023\">S\u00e9minaires attrayants lors du Habanos Day 2023<\/h2>\n\n\n\n<div style=\"height:50px\" aria-hidden=\"true\" class=\"wp-block-spacer\"><\/div>\n\n\n\n<figure class=\"wp-block-image size-full\"><img decoding=\"async\" width=\"1000\" height=\"666\" src=\"https:\/\/www.zigarren.zone\/wp-content\/uploads\/2023\/09\/HD23-0152.jpg\" alt=\"Claudia Puszkar-Vetter emm\u00e8ne les participants virtuellement \u00e0 La Havane.\" class=\"wp-image-66368\" srcset=\"https:\/\/www.zigarren.zone\/wp-content\/uploads\/2023\/09\/HD23-0152.jpg 1000w, https:\/\/www.zigarren.zone\/wp-content\/uploads\/2023\/09\/HD23-0152-768x511.jpg 768w, https:\/\/www.zigarren.zone\/wp-content\/uploads\/2023\/09\/HD23-0152-18x12.jpg 18w, https:\/\/www.zigarren.zone\/wp-content\/uploads\/2023\/09\/HD23-0152-624x416.jpg 624w\" sizes=\"(max-width: 1000px) 100vw, 1000px\" \/><\/figure>\n\n\n\n<div style=\"height:10px\" aria-hidden=\"true\" class=\"wp-block-spacer\"><\/div>\n\n\n\n<p style=\"font-size:1em\"><strong>Claudia Puszkar-Vetter emm\u00e8ne les participants virtuellement \u00e0 La Havane.<\/strong><\/p>\n\n\n\n<div style=\"height:50px\" aria-hidden=\"true\" class=\"wp-block-spacer\"><\/div>\n\n\n\n<p style=\"font-size:1em\">Une fois de plus, les invit\u00e9s ont pu composer leur programme de s\u00e9minaire individuel \u00e0 partir d'une offre vari\u00e9e. Marc Andr\u00e9, expert en humidor, a invit\u00e9 les participants \u00e0 fumer des comparaisons et a expliqu\u00e9, \u00e0 l'aide de trois cigares stock\u00e9s diff\u00e9remment, comment les conditions de stockage influent sur le plaisir. <\/p>\n\n\n\n<div style=\"height:50px\" aria-hidden=\"true\" class=\"wp-block-spacer\"><\/div>\n\n\n\n<figure class=\"wp-block-image size-full\"><img decoding=\"async\" width=\"1000\" height=\"666\" src=\"https:\/\/www.zigarren.zone\/wp-content\/uploads\/2023\/09\/HD23-0147.jpg\" alt=\"Les participants ont \u00e9cout\u00e9 avec int\u00e9r\u00eat les conf\u00e9rences et les s\u00e9minaires.\" class=\"wp-image-66367\" srcset=\"https:\/\/www.zigarren.zone\/wp-content\/uploads\/2023\/09\/HD23-0147.jpg 1000w, https:\/\/www.zigarren.zone\/wp-content\/uploads\/2023\/09\/HD23-0147-768x511.jpg 768w, https:\/\/www.zigarren.zone\/wp-content\/uploads\/2023\/09\/HD23-0147-18x12.jpg 18w, https:\/\/www.zigarren.zone\/wp-content\/uploads\/2023\/09\/HD23-0147-624x416.jpg 624w\" sizes=\"(max-width: 1000px) 100vw, 1000px\" \/><\/figure>\n\n\n\n<div style=\"height:10px\" aria-hidden=\"true\" class=\"wp-block-spacer\"><\/div>\n\n\n\n<p style=\"font-size:1em\"><strong>Les participants ont \u00e9cout\u00e9 avec int\u00e9r\u00eat les conf\u00e9rences et les s\u00e9minaires.<\/strong><\/p>\n\n\n\n<div style=\"height:50px\" aria-hidden=\"true\" class=\"wp-block-spacer\"><\/div>\n\n\n\n<p style=\"font-size:1em\">Le \"gourou\" des spiritueux J\u00fcrgen Deibel a fourni de nouvelles suggestions pour des combinaisons savoureuses sous le titre \"Tendances dans le monde des spiritueux\". Hagen Bastian et Maximilian Frick de la Mount Everest Tea Company ont initi\u00e9 les participants au monde de la boisson infus\u00e9e la plus connue.<\/p>\n\n\n\n<div style=\"height:50px\" aria-hidden=\"true\" class=\"wp-block-spacer\"><\/div>\n\n\n\n<figure class=\"wp-block-image size-full\"><img decoding=\"async\" width=\"1000\" height=\"666\" src=\"https:\/\/www.zigarren.zone\/wp-content\/uploads\/2023\/09\/HD23-0219.jpg\" alt=\"Appariement : un sujet toujours passionnant et int\u00e9ressant.\" class=\"wp-image-66371\" srcset=\"https:\/\/www.zigarren.zone\/wp-content\/uploads\/2023\/09\/HD23-0219.jpg 1000w, https:\/\/www.zigarren.zone\/wp-content\/uploads\/2023\/09\/HD23-0219-768x511.jpg 768w, https:\/\/www.zigarren.zone\/wp-content\/uploads\/2023\/09\/HD23-0219-18x12.jpg 18w, https:\/\/www.zigarren.zone\/wp-content\/uploads\/2023\/09\/HD23-0219-624x416.jpg 624w\" sizes=\"(max-width: 1000px) 100vw, 1000px\" \/><\/figure>\n\n\n\n<div style=\"height:10px\" aria-hidden=\"true\" class=\"wp-block-spacer\"><\/div>\n\n\n\n<p style=\"font-size:1em\"><strong>Les participants ont \u00e9cout\u00e9 avec int\u00e9r\u00eat les conf\u00e9rences et les s\u00e9minaires.<\/strong><\/p>\n\n\n\n<div style=\"height:10px\" aria-hidden=\"true\" class=\"wp-block-spacer\"><\/div>\n\n\n\n<div style=\"height:50px\" aria-hidden=\"true\" class=\"wp-block-spacer\"><\/div>\n\n\n\n<p style=\"font-size:1em\">Sous la direction de Juana Ramos Guerra, torcedora cubaine de haut niveau, et de Luis Mustelier P\u00e9rez, accompagnateur de longue date des tourn\u00e9es Habanos Torcedor en Allemagne, les participants ont pu s'essayer eux-m\u00eames \u00e0 l'art de la fabrication de cigares \"totalmente a mano\", tandis que la sommeli\u00e8re Christine D\u00f6rdelmann et Benedict Baumeister du Bremer Weinkolleg proposaient des aper\u00e7us passionnants du monde des vins fortifi\u00e9s avec du sherry, du mad\u00e8re et du porto. <\/p>\n\n\n\n<div style=\"height:50px\" aria-hidden=\"true\" class=\"wp-block-spacer\"><\/div>\n\n\n\n<figure class=\"wp-block-image size-full\"><img decoding=\"async\" width=\"1000\" height=\"666\" src=\"https:\/\/www.zigarren.zone\/wp-content\/uploads\/2023\/09\/HD23-0282.jpg\" alt=\"La tor\u00e9ador cubaine de pointe Juana Ramos Guerra, affectueusement appel\u00e9e &quot;Juanita&quot;. Tu trouveras ci-dessous le lien vers l&#039;interview que j&#039;ai publi\u00e9e en mai 2023.\" class=\"wp-image-66372\" srcset=\"https:\/\/www.zigarren.zone\/wp-content\/uploads\/2023\/09\/HD23-0282.jpg 1000w, https:\/\/www.zigarren.zone\/wp-content\/uploads\/2023\/09\/HD23-0282-768x511.jpg 768w, https:\/\/www.zigarren.zone\/wp-content\/uploads\/2023\/09\/HD23-0282-18x12.jpg 18w, https:\/\/www.zigarren.zone\/wp-content\/uploads\/2023\/09\/HD23-0282-624x416.jpg 624w\" sizes=\"(max-width: 1000px) 100vw, 1000px\" \/><\/figure>\n\n\n\n<div style=\"height:10px\" aria-hidden=\"true\" class=\"wp-block-spacer\"><\/div>\n\n\n\n<p style=\"font-size:1em\"><strong>La tor\u00e9ador cubaine de pointe Juana Ramos Guerra, affectueusement appel\u00e9e \"Juanita\". Ci-dessous, tu trouveras le lien vers l'interview que j'ai publi\u00e9e en mai 2023.<\/strong><\/p>\n\n\n\n<div style=\"height:50px\" aria-hidden=\"true\" class=\"wp-block-spacer\"><\/div>\n\n\n\n<figure class=\"wp-block-image size-full\"><img decoding=\"async\" width=\"1000\" height=\"666\" src=\"https:\/\/www.zigarren.zone\/wp-content\/uploads\/2023\/09\/HD23-0174.jpg\" alt=\"Ce sont les nouveaux apprentis et les futurs ma\u00eetres rouleurs:in \ud83d\ude05\" class=\"wp-image-66369\" srcset=\"https:\/\/www.zigarren.zone\/wp-content\/uploads\/2023\/09\/HD23-0174.jpg 1000w, https:\/\/www.zigarren.zone\/wp-content\/uploads\/2023\/09\/HD23-0174-768x511.jpg 768w, https:\/\/www.zigarren.zone\/wp-content\/uploads\/2023\/09\/HD23-0174-18x12.jpg 18w, https:\/\/www.zigarren.zone\/wp-content\/uploads\/2023\/09\/HD23-0174-624x416.jpg 624w\" sizes=\"(max-width: 1000px) 100vw, 1000px\" \/><\/figure>\n\n\n\n<div style=\"height:10px\" aria-hidden=\"true\" class=\"wp-block-spacer\"><\/div>\n\n\n\n<p style=\"font-size:1em\"><strong>Ce sont les nouveaux apprentis et les futurs ma\u00eetres rouleurs:in \ud83d\ude05<\/strong><\/p>\n\n\n\n<div style=\"height:50px\" aria-hidden=\"true\" class=\"wp-block-spacer\"><\/div>\n\n\n\n<p style=\"font-size:1em\">Claudia Puszkar-Vetter, journaliste et experte en manufactures de cigares \u00e0 La Havane, a emmen\u00e9 les visiteurs du Habanos Day dans un voyage virtuel dans la capitale cubaine, tandis que J\u00f6rg Werker de S.T. Dupont a pr\u00e9sent\u00e9 des accessoires haut de gamme pour l'aficionado.<\/p>\n\n\n\n<h2 class=\"wp-block-heading\" id=\"h-weltpremiere-romeo-y-julieta-cupidos\">Premi\u00e8re mondiale Romeo y Julieta Cupidos<\/h2>\n\n\n\n<div style=\"height:50px\" aria-hidden=\"true\" class=\"wp-block-spacer\"><\/div>\n\n\n\n<figure class=\"wp-block-image size-full\"><img decoding=\"async\" width=\"1000\" height=\"666\" src=\"https:\/\/www.zigarren.zone\/wp-content\/uploads\/2023\/09\/RyJ_Cupidos_Freisteller_-1.jpg\" alt=\"La premi\u00e8re mondiale lors du Habanos Day 2023 : Romeo Y Julieta Cupidos.\" class=\"wp-image-66375\" srcset=\"https:\/\/www.zigarren.zone\/wp-content\/uploads\/2023\/09\/RyJ_Cupidos_Freisteller_-1.jpg 1000w, https:\/\/www.zigarren.zone\/wp-content\/uploads\/2023\/09\/RyJ_Cupidos_Freisteller_-1-768x511.jpg 768w, https:\/\/www.zigarren.zone\/wp-content\/uploads\/2023\/09\/RyJ_Cupidos_Freisteller_-1-18x12.jpg 18w, https:\/\/www.zigarren.zone\/wp-content\/uploads\/2023\/09\/RyJ_Cupidos_Freisteller_-1-624x416.jpg 624w\" sizes=\"(max-width: 1000px) 100vw, 1000px\" \/><\/figure>\n\n\n\n<div style=\"height:10px\" aria-hidden=\"true\" class=\"wp-block-spacer\"><\/div>\n\n\n\n<p style=\"font-size:1em\"><strong>La premi\u00e8re mondiale lors du Habanos Day 2023 : Romeo Y Julieta Cupidos.<\/strong><\/p>\n\n\n\n<div style=\"height:50px\" aria-hidden=\"true\" class=\"wp-block-spacer\"><\/div>\n\n\n\n<p style=\"font-size:1em\">Un point fort particulier a \u00e9t\u00e9 la 5<sup>TH<\/sup>Avenue \u00e0 ses invit\u00e9s avec la premi\u00e8re mondiale du Romeo y Julieta Cupidos. Ce nouveau format de figurado, dont le nom de production est \"Veronas\", pr\u00e9sente une longueur de 148 mm et une grande taille de bague de 55. Habanos S.A. a pr\u00e9vu de vendre ce cigare en exclusivit\u00e9 dans les magasins La Casas del Habano et Habanos Specialists.&nbsp;<\/p>\n\n\n\n<p style=\"font-size:1em\">Lors d'une soir\u00e9e pleine d'ambiance en pr\u00e9sence d'Anamary Su\u00e1rez Qui\u00f1ones, conseill\u00e8re commerciale de la R\u00e9publique de Cuba en Allemagne, le HABANOS DAY 2023 s'est achev\u00e9 avec plaisir autour de boissons raffin\u00e9es, de d\u00e9licieux Habanos et d'un buffet aux accents carib\u00e9ens. La soir\u00e9e a \u00e9t\u00e9 accompagn\u00e9e musicalement par Nicholas von der Nahmer et Steffen Dieckow. Marta Paley a enthousiasm\u00e9 le public par ses talents artistiques et de jongleur. La soir\u00e9e a \u00e9t\u00e9 anim\u00e9e par Henriette Fr\u00e4drich.&nbsp;<\/p>\n\n\n\n<div style=\"height:50px\" aria-hidden=\"true\" class=\"wp-block-spacer\"><\/div>\n\n\n\n<figure class=\"wp-block-image size-full\"><img decoding=\"async\" width=\"1000\" height=\"666\" src=\"https:\/\/www.zigarren.zone\/wp-content\/uploads\/2023\/09\/HD23-0409.jpg\" alt=\"Habanos Day 2023 avec ses cr\u00e9ateurs, ses partenaires m\u00e9dias et ses intervenants.\" class=\"wp-image-66374\" srcset=\"https:\/\/www.zigarren.zone\/wp-content\/uploads\/2023\/09\/HD23-0409.jpg 1000w, https:\/\/www.zigarren.zone\/wp-content\/uploads\/2023\/09\/HD23-0409-768x511.jpg 768w, https:\/\/www.zigarren.zone\/wp-content\/uploads\/2023\/09\/HD23-0409-18x12.jpg 18w, https:\/\/www.zigarren.zone\/wp-content\/uploads\/2023\/09\/HD23-0409-624x416.jpg 624w\" sizes=\"(max-width: 1000px) 100vw, 1000px\" \/><\/figure>\n\n\n\n<div style=\"height:10px\" aria-hidden=\"true\" class=\"wp-block-spacer\"><\/div>\n\n\n\n<p style=\"font-size:1em\"><strong>Habanos Day 2023 avec ses cr\u00e9ateurs, ses partenaires m\u00e9dias et ses intervenants.<\/strong><\/p>\n\n\n\n<div style=\"height:50px\" aria-hidden=\"true\" class=\"wp-block-spacer\"><\/div>\n\n\n\n<p style=\"font-size:1em\">La veille au soir, plus de 170 invit\u00e9s s'\u00e9taient d\u00e9j\u00e0 r\u00e9unis au ch\u00e2teau de B\u00fcckeburg pour un \"smoke-in\" (enfumage) dans la magnifique salle des f\u00eates.&nbsp;<\/p>\n\n\n\n<p style=\"font-size:1em\">Le HABANOS DAY 2023 a \u00e9t\u00e9 soutenu entre autres par S.T. Dupont, la Mount Everest Tea Company, la soci\u00e9t\u00e9 Hauser, le Bremer Weinkolleg ainsi que par les partenaires m\u00e9diatiques ZIGARREN Magazin et Smokersnews\/Smokersplanet.<\/p>\n\n\n\n<div style=\"height:50px\" aria-hidden=\"true\" class=\"wp-block-spacer\"><\/div>\n\n\n\n<figure class=\"wp-block-image size-full\"><img decoding=\"async\" width=\"1000\" height=\"666\" src=\"https:\/\/www.zigarren.zone\/wp-content\/uploads\/2023\/09\/HD23-0368.jpg\" alt=\"Annette Meisl se concentre en allumant son cigare.\" class=\"wp-image-66373\" srcset=\"https:\/\/www.zigarren.zone\/wp-content\/uploads\/2023\/09\/HD23-0368.jpg 1000w, https:\/\/www.zigarren.zone\/wp-content\/uploads\/2023\/09\/HD23-0368-768x511.jpg 768w, https:\/\/www.zigarren.zone\/wp-content\/uploads\/2023\/09\/HD23-0368-18x12.jpg 18w, https:\/\/www.zigarren.zone\/wp-content\/uploads\/2023\/09\/HD23-0368-624x416.jpg 624w\" sizes=\"(max-width: 1000px) 100vw, 1000px\" \/><\/figure>\n\n\n\n<div style=\"height:10px\" aria-hidden=\"true\" class=\"wp-block-spacer\"><\/div>\n\n\n\n<p style=\"font-size:1em\"><strong>Annette Meisl se concentre en allumant son cigare.<\/strong><\/p>\n\n\n\n<div style=\"height:50px\" aria-hidden=\"true\" class=\"wp-block-spacer\"><\/div>\n\n\n\n<figure class=\"wp-block-image size-full\"><img decoding=\"async\" width=\"1000\" height=\"666\" src=\"https:\/\/www.zigarren.zone\/wp-content\/uploads\/2023\/09\/HD23-0206.jpg\" alt=\"Des participantes heureuses. Les participants \u00e9taient \u00e9galement satisfaits et heureux \ud83d\ude04\" class=\"wp-image-66370\" srcset=\"https:\/\/www.zigarren.zone\/wp-content\/uploads\/2023\/09\/HD23-0206.jpg 1000w, https:\/\/www.zigarren.zone\/wp-content\/uploads\/2023\/09\/HD23-0206-768x511.jpg 768w, https:\/\/www.zigarren.zone\/wp-content\/uploads\/2023\/09\/HD23-0206-18x12.jpg 18w, https:\/\/www.zigarren.zone\/wp-content\/uploads\/2023\/09\/HD23-0206-624x416.jpg 624w\" sizes=\"(max-width: 1000px) 100vw, 1000px\" \/><\/figure>\n\n\n\n<div style=\"height:10px\" aria-hidden=\"true\" class=\"wp-block-spacer\"><\/div>\n\n\n\n<p style=\"font-size:1em\"><strong>Des participantes heureuses. Les participants \u00e9taient \u00e9galement satisfaits et heureux \ud83d\ude04<\/strong><\/p>\n\n\n\n<div style=\"height:50px\" aria-hidden=\"true\" class=\"wp-block-spacer\"><\/div>\n\n\n\n<h2 class=\"wp-block-heading\" id=\"ressourcen-zum-thema\">Ressources sur le sujet<\/h2>\n\n\n\n<p style=\"font-size:1em\"><a href=\"https:\/\/www.5thavenue.de\" target=\"_blank\" rel=\"noreferrer noopener\">5TH Avenue Products Trading-GmbH<\/a><\/p>\n\n\n\n<p style=\"font-size:1em\">Vous voulez faire passer vos commentaires sur les cigares \u00e0 un niveau sup\u00e9rieur ? Cigares.Zone gratuit <a href=\"https:\/\/www.zigarren.zone\/zigarren-bewerten-tastingtool\/\">T\u00e9l\u00e9charger l'outil de d\u00e9gustation.<\/a><\/p>\n\n\n\n<p style=\"font-size:1em\"><a href=\"https:\/\/www.zigarren.zone\/hilfreiche-zigarren-tipps\/\" target=\"_blank\" rel=\"noreferrer noopener\">Conseils utiles :<\/a> De \"r\u00e9tronasal\", \"technique R+\", en passant par \"umami\" jusqu'\u00e0 la diff\u00e9rence de stockage des cigares entre Non Cuba et Cuba<\/p>\n\n\n\n<h2 class=\"wp-block-heading\" id=\"h-das-konnte-dich-auch-interessieren\">Cela pourrait aussi t'int\u00e9resser<\/h2>\n\n\n\n<figure class=\"wp-block-embed is-type-wp-embed is-provider-zigarren-zone-onlinemagazin wp-block-embed-zigarren-zone-onlinemagazin\"><div class=\"wp-block-embed__wrapper\">\nhttps:\/\/www.zigarren.zone\/juana-ramo-guerra-cohiba\/\n<\/div><\/figure>\n\n\n\n<p class=\"has-black-color has-text-color\" style=\"font-size:1em\">J'esp\u00e8re que tu as appr\u00e9ci\u00e9 mon article actuel et que tu as trouv\u00e9 les informations qu'il contient int\u00e9ressantes. J'ai h\u00e2te de conna\u00eetre ton point de vue et de lire ton commentaire \ud83e\udd17<\/p>\n\n\n\n\n\n<p><\/p>","protected":false},"excerpt":{"rendered":"<p>Journ\u00e9e Habanos 2023 : 250 amateurs de cigares lors du week-end de d\u00e9gustation de Havanes les 1er et 2 septembre au ch\u00e2teau de B\u00fcckeburg. Maison princi\u00e8re de Schaumburg-Lippe Habanos Day 2023 : Salle somptueuse...<\/p>","protected":false},"author":2,"featured_media":66377,"comment_status":"open","ping_status":"closed","sticky":false,"template":"","format":"standard","meta":{"jetpack_post_was_ever_published":false,"_jetpack_newsletter_access":"","_jetpack_dont_email_post_to_subs":false,"_jetpack_newsletter_tier_id":0,"_jetpack_memberships_contains_paywalled_content":false,"_jetpack_memberships_contains_paid_content":false,"footnotes":""},"categories":[662],"tags":[704,852,6387,666],"class_list":["post-66376","post","type-post","status-publish","format-standard","has-post-thumbnail","hentry","category-marktplatz","tag-event","tag-habanos-day","tag-open-access","tag-world-of-habanos",""],"jetpack_featured_media_url":"https:\/\/www.zigarren.zone\/wp-content\/uploads\/2023\/09\/Habanos-Day-2023-Cover.jpg","jetpack_sharing_enabled":true,"_links":{"self":[{"href":"https:\/\/www.zigarren.zone\/fr\/wp-json\/wp\/v2\/posts\/66376","targetHints":{"allow":["GET"]}}],"collection":[{"href":"https:\/\/www.zigarren.zone\/fr\/wp-json\/wp\/v2\/posts"}],"about":[{"href":"https:\/\/www.zigarren.zone\/fr\/wp-json\/wp\/v2\/types\/post"}],"author":[{"embeddable":true,"href":"https:\/\/www.zigarren.zone\/fr\/wp-json\/wp\/v2\/users\/2"}],"replies":[{"embeddable":true,"href":"https:\/\/www.zigarren.zone\/fr\/wp-json\/wp\/v2\/comments?post=66376"}],"version-history":[{"count":0,"href":"https:\/\/www.zigarren.zone\/fr\/wp-json\/wp\/v2\/posts\/66376\/revisions"}],"wp:featuredmedia":[{"embeddable":true,"href":"https:\/\/www.zigarren.zone\/fr\/wp-json\/wp\/v2\/media\/66377"}],"wp:attachment":[{"href":"https:\/\/www.zigarren.zone\/fr\/wp-json\/wp\/v2\/media?parent=66376"}],"wp:term":[{"taxonomy":"category","embeddable":true,"href":"https:\/\/www.zigarren.zone\/fr\/wp-json\/wp\/v2\/categories?post=66376"},{"taxonomy":"post_tag","embeddable":true,"href":"https:\/\/www.zigarren.zone\/fr\/wp-json\/wp\/v2\/tags?post=66376"}],"curies":[{"name":"wp","href":"https:\/\/api.w.org\/{rel}","templated":true}]}}