{"id":62030,"date":"2023-05-04T08:18:31","date_gmt":"2023-05-04T06:18:31","guid":{"rendered":"https:\/\/www.zigarren.zone\/?p=62030"},"modified":"2025-08-21T22:49:30","modified_gmt":"2025-08-21T20:49:30","slug":"habanos-day-2023-sinscrire-et-vivre-une-journee-de-plaisir-et-de-decouverte","status":"publish","type":"post","link":"https:\/\/www.zigarren.zone\/fr\/habanos-day-2023-jetzt-anmelden-und-einen-tag-voller-genuss-und-entdeckungen-erleben\/","title":{"rendered":"Le Habanos Day 2023 : Inscrivez-vous d\u00e8s maintenant pour vivre une journ\u00e9e de plaisir et de d\u00e9couverte"},"content":{"rendered":"<p class=\"has-medium-font-size\"><strong>Le Habanos Day 2023 : Le ch\u00e2teau de B\u00fcckeburg, si\u00e8ge de la maison princi\u00e8re zu Schaumburg Lippe, ouvrira ses portes le samedi 2 septembre 2023 pour le Habanos Day de cette ann\u00e9e. Une invitation que les amateurs de cigares haut de gamme et d'alcools raffin\u00e9s ne devraient pas manquer.<\/strong><\/p>\n\n\n\n<p class=\"yoast-reading-time__wrapper\"><span class=\"yoast-reading-time__icon\"><\/span><span class=\"yoast-reading-time__descriptive-text\">Dur\u00e9e de lecture pr\u00e9vue:  <\/span><span class=\"yoast-reading-time__reading-time\">2<\/span><span class=\"yoast-reading-time__time-unit\"> minutes<\/span><\/p>\n\n\n\n<div class=\"wp-block-yoast-seo-table-of-contents yoast-table-of-contents\"><h2>Table des mati\u00e8res<\/h2><ul><li><a href=\"#titel-1\" data-level=\"2\">Habanos Day, le programme<\/a><\/li><li><a href=\"#h-hier-anmelden\" data-level=\"2\">S'inscrire ici<\/a><\/li><li><a href=\"#ressourcen-zum-thema\" data-level=\"2\">Ressources sur le sujet<\/a><\/li><li><a href=\"#h-das-konnte-dich-auch-interessieren\" data-level=\"2\">Cela pourrait aussi t'int\u00e9resser<\/a><\/li><\/ul><\/div>\n\n\n\n\n\n<h2 class=\"wp-block-heading\" id=\"titel-1\">Habanos Day, le programme<\/h2>\n\n\n\n<p style=\"font-size:18px\">Cette \"Journ\u00e9e de La Havane\" est toujours tr\u00e8s sp\u00e9ciale. Le programme vari\u00e9 promet de nombreux th\u00e8mes int\u00e9ressants et dignes d'\u00eatre connus. Des conf\u00e9renciers comme J\u00fcrgen Deibel et Christine D\u00f6rdelmann pr\u00e9senteront les derni\u00e8res tendances du monde des spiritueux ainsi que des aper\u00e7us passionnants sur le monde des vins. Marc Andr\u00e9 mettra en lumi\u00e8re le th\u00e8me du transfert d'ar\u00f4mes et une tor\u00e9adora de pointe de Cuba montrera comment rouler les cigares \"Totalmente a mano\". Claudia Puszkar-Vetter emm\u00e8nera les visiteurs en voyage dans la Havane historique et J\u00f6rg Werker pr\u00e9sentera des accessoires pour l'aficionado. L'expert en th\u00e9 Marten Verch accompagnera les participants dans une excursion dans le monde de la boisson infus\u00e9e sans doute la plus connue.<\/p>\n\n\n\n<p style=\"font-size:18px\">Apr\u00e8s les ateliers, une nuit cubaine attend les invit\u00e9s avec des sp\u00e9cialit\u00e9s culinaires, des Habanos raffin\u00e9s et bien d'autres choses encore.\u00a0<\/p>\n\n\n\n<h2 class=\"wp-block-heading\" id=\"h-hier-anmelden\">S'inscrire ici<\/h2>\n\n\n\n<p style=\"font-size:18px\">Ceux qui souhaitent arriver d\u00e8s le 1er septembre peuvent participer au smoke-in au ch\u00e2teau \u00e0 partir de 19 heures.<\/p>\n\n\n\n<div style=\"height:50px\" aria-hidden=\"true\" class=\"wp-block-spacer\"><\/div>\n\n\n\n<div class=\"wp-block-buttons is-layout-flex wp-block-buttons-is-layout-flex\">\n<div class=\"wp-block-button\"><a class=\"wp-block-button__link has-black-color has-text-color has-background wp-element-button\" href=\"https:\/\/www.habanosday.de\/\" style=\"background-color:#ffd700\" target=\"_blank\" rel=\"noreferrer noopener\"><strong>Inscrivez-vous ici au Habanos Day<\/strong><\/a><\/div>\n<\/div>\n\n\n\n<div style=\"height:50px\" aria-hidden=\"true\" class=\"wp-block-spacer\"><\/div>\n\n\n\n<p style=\"font-size:18px\">On peut \u00e9galement y s\u00e9lectionner les s\u00e9minaires souhait\u00e9s et trouver un aper\u00e7u des h\u00f4tels proches avec lesquels des contingents de chambres ont \u00e9t\u00e9 convenus.\u00a0<\/p>\n\n\n\n<div style=\"height:50px\" aria-hidden=\"true\" class=\"wp-block-spacer\"><\/div>\n\n\n\n<figure class=\"wp-block-image size-full\"><img decoding=\"async\" width=\"1000\" height=\"667\" src=\"https:\/\/www.zigarren.zone\/wp-content\/uploads\/2023\/05\/habanos_day_2022_1.jpg\" alt=\"Habanos Day\" class=\"wp-image-62035\" srcset=\"https:\/\/www.zigarren.zone\/wp-content\/uploads\/2023\/05\/habanos_day_2022_1.jpg 1000w, https:\/\/www.zigarren.zone\/wp-content\/uploads\/2023\/05\/habanos_day_2022_1-768x512.jpg 768w, https:\/\/www.zigarren.zone\/wp-content\/uploads\/2023\/05\/habanos_day_2022_1-624x416.jpg 624w\" sizes=\"(max-width: 1000px) 100vw, 1000px\" \/><\/figure>\n\n\n\n<div style=\"height:50px\" aria-hidden=\"true\" class=\"wp-block-spacer\"><\/div>\n\n\n\n<p class=\"has-black-color has-text-color\" style=\"font-size:1em\">J'esp\u00e8re que tu as appr\u00e9ci\u00e9 mon article actuel et que tu as trouv\u00e9 les informations qu'il contient int\u00e9ressantes. J'ai h\u00e2te de conna\u00eetre ton point de vue et de lire ton commentaire \ud83e\udd17<\/p>\n\n\n\n<h2 class=\"wp-block-heading\" id=\"ressourcen-zum-thema\">Ressources sur le sujet<\/h2>\n\n\n\n<p style=\"font-size:18px\"><a href=\"https:\/\/www.habanosday.de\/\" target=\"_blank\" rel=\"noreferrer noopener\">Site web Habanos Day<\/a><\/p>\n\n\n\n<p style=\"font-size:1em\">Vous voulez faire passer vos commentaires sur les cigares \u00e0 un niveau sup\u00e9rieur ? Cigares.Zone gratuit <a href=\"https:\/\/www.zigarren.zone\/zigarren-bewerten-tastingtool\/\">T\u00e9l\u00e9charger l'outil de d\u00e9gustation.<\/a><\/p>\n\n\n\n<p style=\"font-size:1em\"><a href=\"https:\/\/www.zigarren.zone\/hilfreiche-zigarren-tipps\/\" target=\"_blank\" rel=\"noreferrer noopener\">Conseils utiles :<\/a> De \"r\u00e9tronasal\", \"technique R+\", en passant par \"umami\" jusqu'\u00e0 la diff\u00e9rence de stockage des cigares entre Non Cuba et Cuba<\/p>\n\n\n\n<h2 class=\"wp-block-heading\" id=\"h-das-konnte-dich-auch-interessieren\">Cela pourrait aussi t'int\u00e9resser<\/h2>\n\n\n\n<figure class=\"wp-block-embed is-type-wp-embed is-provider-zigarren-zone-onlinemagazin wp-block-embed-zigarren-zone-onlinemagazin\"><div class=\"wp-block-embed__wrapper\">\nhttps:\/\/www.zigarren.zone\/habanos-day-2021\/\n<\/div><\/figure>\n\n\n\n\n\n\n\n<p><\/p>","protected":false},"excerpt":{"rendered":"<p>Le Habanos Day 2023 : Le ch\u00e2teau de B\u00fcckeburg, si\u00e8ge de la maison princi\u00e8re zu Schaumburg Lippe, ouvrira ses portes le samedi 2 septembre 2023 pour le Habanos...<\/p>","protected":false},"author":2,"featured_media":62036,"comment_status":"open","ping_status":"closed","sticky":false,"template":"","format":"standard","meta":{"jetpack_post_was_ever_published":false,"_jetpack_newsletter_access":"","_jetpack_dont_email_post_to_subs":false,"_jetpack_newsletter_tier_id":0,"_jetpack_memberships_contains_paywalled_content":false,"_jetpack_memberships_contains_paid_content":false,"footnotes":""},"categories":[6291,662],"tags":[852,6387,666],"class_list":["post-62030","post","type-post","status-publish","format-standard","has-post-thumbnail","hentry","category-event","category-marktplatz","tag-habanos-day","tag-open-access","tag-world-of-habanos",""],"jetpack_featured_media_url":"https:\/\/www.zigarren.zone\/wp-content\/uploads\/2023\/05\/habanos_day_2022_2.jpg","jetpack_sharing_enabled":true,"_links":{"self":[{"href":"https:\/\/www.zigarren.zone\/fr\/wp-json\/wp\/v2\/posts\/62030","targetHints":{"allow":["GET"]}}],"collection":[{"href":"https:\/\/www.zigarren.zone\/fr\/wp-json\/wp\/v2\/posts"}],"about":[{"href":"https:\/\/www.zigarren.zone\/fr\/wp-json\/wp\/v2\/types\/post"}],"author":[{"embeddable":true,"href":"https:\/\/www.zigarren.zone\/fr\/wp-json\/wp\/v2\/users\/2"}],"replies":[{"embeddable":true,"href":"https:\/\/www.zigarren.zone\/fr\/wp-json\/wp\/v2\/comments?post=62030"}],"version-history":[{"count":0,"href":"https:\/\/www.zigarren.zone\/fr\/wp-json\/wp\/v2\/posts\/62030\/revisions"}],"wp:featuredmedia":[{"embeddable":true,"href":"https:\/\/www.zigarren.zone\/fr\/wp-json\/wp\/v2\/media\/62036"}],"wp:attachment":[{"href":"https:\/\/www.zigarren.zone\/fr\/wp-json\/wp\/v2\/media?parent=62030"}],"wp:term":[{"taxonomy":"category","embeddable":true,"href":"https:\/\/www.zigarren.zone\/fr\/wp-json\/wp\/v2\/categories?post=62030"},{"taxonomy":"post_tag","embeddable":true,"href":"https:\/\/www.zigarren.zone\/fr\/wp-json\/wp\/v2\/tags?post=62030"}],"curies":[{"name":"wp","href":"https:\/\/api.w.org\/{rel}","templated":true}]}}