{"id":60918,"date":"2023-04-12T10:06:25","date_gmt":"2023-04-12T08:06:25","guid":{"rendered":"https:\/\/www.zigarren.zone\/?p=60918"},"modified":"2023-04-13T10:44:04","modified_gmt":"2023-04-13T08:44:04","slug":"apres-ian-suisse-fumeurs-de-cigares-font-don-de-chf-45000","status":"publish","type":"post","link":"https:\/\/www.zigarren.zone\/fr\/nach-ian-schweizer-zigarrenraucher-spenden-chf-45000\/","title":{"rendered":"Apr\u00e8s l'IAN : Les fumeurs de cigares suisses font don de CHF 45'000"},"content":{"rendered":"<p class=\"has-medium-font-size\"><strong>Apr\u00e8s IAN (22 septembre) : Les n\u00e9gociants en cigares suisses soutiennent Pinar del Rio, Cuba, apr\u00e8s l'ouragan IAN avec CHF 45'000 de dons. \u00c0 l'initiative d'Andreas Stachl, n\u00e9gociant en cigares La Corona, et de Thomas Portmann, La Casa del Habano St. Gallen by Urs Portmann, un flyer a \u00e9t\u00e9 imprim\u00e9 et distribu\u00e9 \u00e0 tous les n\u00e9gociants en cigares de Suisse afin de collecter des dons aupr\u00e8s de leurs clients. L'importateur Intertabak AG a \u00e9galement contribu\u00e9 activement \u00e0 la distribution des flyers portant le message aux commer\u00e7ants sp\u00e9cialis\u00e9s. Mais : sans le soutien de Mark Kuster, fondateur de Camaquito (\u0153uvre d'aide \u00e0 l'enfance \u00e0 Cuba), il n'aurait pas \u00e9t\u00e9 possible d'acheminer le mat\u00e9riel de construction \u00e0 Cuba et de le mettre \u00e0 la disposition des cultivateurs de tabac directement sur place.<\/strong><\/p>\n\n\n\n\n\n<h2 class=\"wp-block-heading\">Situation actuelle, avril 2023<\/h2>\n\n\n\n<p style=\"font-size:18px\">Au moment o\u00f9 ces lignes sont \u00e9crites, les derniers pr\u00e9paratifs pour l'embarquement du mat\u00e9riel vers Cuba sont en cours. Dans quelques semaines, ils devraient arriver \u00e0 La Havane et \u00eatre ensuite transport\u00e9s chez les cultivateurs de tabac de Pinar del Rio. Les premiers travaux de construction sont d\u00e9j\u00e0 en cours. Voici quelques photos :<\/p>\n\n\n\n<div style=\"height:50px\" aria-hidden=\"true\" class=\"wp-block-spacer\"><\/div>\n\n\n\n<figure class=\"wp-block-image size-full\"><img decoding=\"async\" width=\"1000\" height=\"750\" src=\"https:\/\/www.zigarren.zone\/wp-content\/uploads\/2023\/04\/nach_hurrikan_ian_pinar_del_rio_kuba_2023_4.jpg\" alt=\"IAN\" class=\"wp-image-60989\" srcset=\"https:\/\/www.zigarren.zone\/wp-content\/uploads\/2023\/04\/nach_hurrikan_ian_pinar_del_rio_kuba_2023_4.jpg 1000w, https:\/\/www.zigarren.zone\/wp-content\/uploads\/2023\/04\/nach_hurrikan_ian_pinar_del_rio_kuba_2023_4-768x576.jpg 768w, https:\/\/www.zigarren.zone\/wp-content\/uploads\/2023\/04\/nach_hurrikan_ian_pinar_del_rio_kuba_2023_4-624x468.jpg 624w\" sizes=\"(max-width: 1000px) 100vw, 1000px\" \/><\/figure>\n\n\n\n<div style=\"height:50px\" aria-hidden=\"true\" class=\"wp-block-spacer\"><\/div>\n\n\n\n<figure class=\"wp-block-image size-full\"><img decoding=\"async\" width=\"1000\" height=\"750\" src=\"https:\/\/www.zigarren.zone\/wp-content\/uploads\/2023\/04\/nach_hurrikan_ian_pinar_del_rio_kuba_2023_3.jpg\" alt=\"IAN\" class=\"wp-image-60988\" srcset=\"https:\/\/www.zigarren.zone\/wp-content\/uploads\/2023\/04\/nach_hurrikan_ian_pinar_del_rio_kuba_2023_3.jpg 1000w, https:\/\/www.zigarren.zone\/wp-content\/uploads\/2023\/04\/nach_hurrikan_ian_pinar_del_rio_kuba_2023_3-768x576.jpg 768w, https:\/\/www.zigarren.zone\/wp-content\/uploads\/2023\/04\/nach_hurrikan_ian_pinar_del_rio_kuba_2023_3-624x468.jpg 624w\" sizes=\"(max-width: 1000px) 100vw, 1000px\" \/><\/figure>\n\n\n\n<div style=\"height:50px\" aria-hidden=\"true\" class=\"wp-block-spacer\"><\/div>\n\n\n\n<figure class=\"wp-block-image size-full\"><img decoding=\"async\" width=\"1000\" height=\"750\" src=\"https:\/\/www.zigarren.zone\/wp-content\/uploads\/2023\/04\/nach_hurrikan_ian_pinar_del_rio_kuba_2023_2.jpg\" alt=\"IAN\" class=\"wp-image-60987\" srcset=\"https:\/\/www.zigarren.zone\/wp-content\/uploads\/2023\/04\/nach_hurrikan_ian_pinar_del_rio_kuba_2023_2.jpg 1000w, https:\/\/www.zigarren.zone\/wp-content\/uploads\/2023\/04\/nach_hurrikan_ian_pinar_del_rio_kuba_2023_2-768x576.jpg 768w, https:\/\/www.zigarren.zone\/wp-content\/uploads\/2023\/04\/nach_hurrikan_ian_pinar_del_rio_kuba_2023_2-624x468.jpg 624w\" sizes=\"(max-width: 1000px) 100vw, 1000px\" \/><\/figure>\n\n\n\n<div style=\"height:50px\" aria-hidden=\"true\" class=\"wp-block-spacer\"><\/div>\n\n\n\n<figure class=\"wp-block-image size-full\"><img decoding=\"async\" width=\"1000\" height=\"750\" src=\"https:\/\/www.zigarren.zone\/wp-content\/uploads\/2023\/04\/nach_hurrikan_ian_pinar_del_rio_kuba_2023_1.jpg\" alt=\"IAN\" class=\"wp-image-60986\" srcset=\"https:\/\/www.zigarren.zone\/wp-content\/uploads\/2023\/04\/nach_hurrikan_ian_pinar_del_rio_kuba_2023_1.jpg 1000w, https:\/\/www.zigarren.zone\/wp-content\/uploads\/2023\/04\/nach_hurrikan_ian_pinar_del_rio_kuba_2023_1-768x576.jpg 768w, https:\/\/www.zigarren.zone\/wp-content\/uploads\/2023\/04\/nach_hurrikan_ian_pinar_del_rio_kuba_2023_1-624x468.jpg 624w\" sizes=\"(max-width: 1000px) 100vw, 1000px\" \/><\/figure>\n\n\n\n<div style=\"height:50px\" aria-hidden=\"true\" class=\"wp-block-spacer\"><\/div>\n\n\n\n<h2 class=\"wp-block-heading\">Vid\u00e9o de pr\u00e9sentation : La d\u00e9vastation<\/h2>\n\n\n\n<div style=\"height:50px\" aria-hidden=\"true\" class=\"wp-block-spacer\"><\/div>\n\n\n\n\t\t<figure class=\"wp-block-jetpack-videopress jetpack-videopress-player\" style=\"\" >\n\t\t\t<div class=\"jetpack-videopress-player__wrapper\"> <iframe title=\"Lecteur vid\u00e9o VideoPress\" aria-label='Lecteur vid\u00e9o VideoPress' width='640' height='352' src='https:\/\/videopress.com\/embed\/5xhPs4W3?cover=1&amp;autoPlay=0&amp;controls=1&amp;loop=0&amp;muted=0&amp;persistVolume=1&amp;playsinline=0&amp;preloadContent=metadata&amp;useAverageColor=1&amp;hd=0' frameborder='0' allowfullscreen data-resize-to-parent=\"true\" allow='clipboard-write'><\/iframe><script src='https:\/\/v0.wordpress.com\/js\/next\/videopress-iframe.js?m=1674852142'><\/script><\/div>\n\t\t\t\n\t\t\t\n\t\t<\/figure>\n\t\t\n\n\n<div style=\"height:50px\" aria-hidden=\"true\" class=\"wp-block-spacer\"><\/div>\n\n\n\n<h2 class=\"wp-block-heading\">Vid\u00e9o de pr\u00e9sentation : Entretien sur la situation actuelle<\/h2>\n\n\n\n<p style=\"font-size:18px\">Andi Stachl, propri\u00e9taire du magasin de cigares La Corona, et Mark Kuster de l'organisation d'aide \u00e0 l'enfance Camaquito parlent de la situation actuelle \u00e0 Cuba. La vid\u00e9o est en suisse allemand.<\/p>\n\n\n\n\t\t<figure class=\"wp-block-jetpack-videopress jetpack-videopress-player\" style=\"\" >\n\t\t\t<div class=\"jetpack-videopress-player__wrapper\"> <iframe title=\"Lecteur vid\u00e9o VideoPress\" aria-label='Lecteur vid\u00e9o VideoPress' width='640' height='360' src='https:\/\/videopress.com\/embed\/WihpAX2h?cover=1&amp;autoPlay=0&amp;controls=1&amp;loop=0&amp;muted=0&amp;persistVolume=1&amp;playsinline=0&amp;preloadContent=metadata&amp;useAverageColor=1&amp;hd=0' frameborder='0' allowfullscreen data-resize-to-parent=\"true\" allow='clipboard-write'><\/iframe><script src='https:\/\/v0.wordpress.com\/js\/next\/videopress-iframe.js?m=1674852142'><\/script><\/div>\n\t\t\t\n\t\t\t\n\t\t<\/figure>\n\t\t\n\n\n<div style=\"height:50px\" aria-hidden=\"true\" class=\"wp-block-spacer\"><\/div>\n\n\n\n<h2 class=\"wp-block-heading\">Vid\u00e9o de pr\u00e9sentation : Hector Luis parle de la situation<\/h2>\n\n\n\n<p style=\"font-size:18px\">La vid\u00e9o est en espagnol.<\/p>\n\n\n\n<div style=\"height:50px\" aria-hidden=\"true\" class=\"wp-block-spacer\"><\/div>\n\n\n\n\t\t<figure class=\"wp-block-jetpack-videopress jetpack-videopress-player\" style=\"\" >\n\t\t\t<div class=\"jetpack-videopress-player__wrapper\"> <iframe title=\"Lecteur vid\u00e9o VideoPress\" aria-label='Lecteur vid\u00e9o VideoPress' width='640' height='360' src='https:\/\/videopress.com\/embed\/DcWWcitg?cover=1&amp;autoPlay=0&amp;controls=1&amp;loop=0&amp;muted=0&amp;persistVolume=1&amp;playsinline=0&amp;preloadContent=metadata&amp;useAverageColor=1&amp;hd=0' frameborder='0' allowfullscreen data-resize-to-parent=\"true\" allow='clipboard-write'><\/iframe><script src='https:\/\/v0.wordpress.com\/js\/next\/videopress-iframe.js?m=1674852142'><\/script><\/div>\n\t\t\t\n\t\t\t\n\t\t<\/figure>\n\t\t\n\n\n<div style=\"height:50px\" aria-hidden=\"true\" class=\"wp-block-spacer\"><\/div>\n\n\n\n<h2 class=\"wp-block-heading\">Vid\u00e9o de pr\u00e9sentation : Hiroshi Robaina parle de la situation<\/h2>\n\n\n\n<p style=\"font-size:18px\">La vid\u00e9o est en espagnol.<\/p>\n\n\n\n<div style=\"height:50px\" aria-hidden=\"true\" class=\"wp-block-spacer\"><\/div>\n\n\n\n\t\t<figure class=\"wp-block-jetpack-videopress jetpack-videopress-player\" style=\"\" >\n\t\t\t<div class=\"jetpack-videopress-player__wrapper\"> <iframe title=\"Lecteur vid\u00e9o VideoPress\" aria-label='Lecteur vid\u00e9o VideoPress' width='640' height='360' src='https:\/\/videopress.com\/embed\/Qxkd6GLP?cover=1&amp;autoPlay=0&amp;controls=1&amp;loop=0&amp;muted=0&amp;persistVolume=1&amp;playsinline=0&amp;preloadContent=metadata&amp;useAverageColor=1&amp;hd=0' frameborder='0' allowfullscreen data-resize-to-parent=\"true\" allow='clipboard-write'><\/iframe><script src='https:\/\/v0.wordpress.com\/js\/next\/videopress-iframe.js?m=1674852142'><\/script><\/div>\n\t\t\t\n\t\t\t\n\t\t<\/figure>\n\t\t\n\n\n<div style=\"height:50px\" aria-hidden=\"true\" class=\"wp-block-spacer\"><\/div>\n\n\n\n<h2 class=\"wp-block-heading\" id=\"titel-1\">Une initiative pour les cultivateurs de tabac<\/h2>\n\n\n\n<p style=\"font-size:18px\">L'argent r\u00e9colt\u00e9 a ensuite \u00e9t\u00e9 utilis\u00e9 pour acheter des mat\u00e9riaux de construction en collaboration avec l'\u00c9tat cubain. Au total, 45 000 CHF de dons ont \u00e9t\u00e9 r\u00e9colt\u00e9s.<\/p>\n\n\n\n<p style=\"font-size:18px\">Les mat\u00e9riaux de construction seront livr\u00e9s \u00e0 Pinar del Rio dans le courant des mois d'avril \/ mai 2023, o\u00f9 ils seront utilis\u00e9s pour reconstruire les infrastructures d\u00e9truites des cultivateurs de tabac. Cette initiative a contribu\u00e9 \u00e0 aider les communaut\u00e9s touch\u00e9es \u00e0 Cuba et montre qu'il est \u00e9galement possible d'apporter une contribution positive \u00e0 l'\u00e9chelle individuelle.<\/p>\n\n\n\n<p style=\"font-size:18px\">Camaquito est une organisation \u00e0 but non lucratif qui s'engage pour la promotion de l'\u00e9ducation et l'am\u00e9lioration des conditions de vie des enfants et des jeunes \u00e0 Cuba. Apr\u00e8s l'ouragan IAN, Camaquito a pris des mesures avec ses partenaires pour aider les personnes touch\u00e9es \u00e0 Pinar del Rio.<\/p>\n\n\n\n<h2 class=\"wp-block-heading\">Quand l'IAN a-t-il d\u00e9vast\u00e9 Cuba ?<\/h2>\n\n\n\n<p style=\"font-size:18px\">En septembre 2022, l'ouragan d\u00e9vastateur IAN a ravag\u00e9 la r\u00e9gion cubaine de Pinar del Rio, laissant derri\u00e8re lui une tra\u00een\u00e9e de destruction. <\/p>\n\n\n\n<p style=\"font-size:18px\">Pinar del Rio est une province situ\u00e9e \u00e0 l'ouest de Cuba, connue pour ses paysages pittoresques et sa culture du tabac. Mais l'ouragan IAN a compl\u00e8tement boulevers\u00e9 la vie des habitants de cette r\u00e9gion. Les routes ont \u00e9t\u00e9 inond\u00e9es, les arbres et les poteaux \u00e9lectriques sont tomb\u00e9s et de nombreuses maisons ont \u00e9t\u00e9 endommag\u00e9es ou compl\u00e8tement d\u00e9truites.<\/p>\n\n\n\n<p style=\"font-size:18px\">Les agriculteurs de Pinar del Rio ont \u00e9t\u00e9 particuli\u00e8rement touch\u00e9s par la temp\u00eate. La culture du tabac, une source de revenus importante pour la r\u00e9gion, a \u00e9t\u00e9 fortement touch\u00e9e. Les hangars \u00e0 tabac ont \u00e9t\u00e9 d\u00e9truits.<\/p>\n\n\n\n<p style=\"font-size:18px\">Les habitants de Pinar del Rio luttent toujours contre les cons\u00e9quences de l'AAN. De nombreuses familles ont perdu leur maison et vivent encore en partie dans des abris de fortune. L'infrastructure de la r\u00e9gion a \u00e9t\u00e9 gravement endommag\u00e9e et doit maintenant \u00eatre reconstruite.<\/p>\n\n\n\n<p style=\"font-size:18px\">Malgr\u00e9 les \u00e9normes d\u00e9fis auxquels sont confront\u00e9s les habitants de Pinar del Rio, il y a aussi des d\u00e9veloppements positifs. La solidarit\u00e9 au sein de la communaut\u00e9 est grande et de nombreuses initiatives ont \u00e9t\u00e9 prises pour aider les personnes touch\u00e9es. Des ONG et des agences gouvernementales ont propos\u00e9 leur aide pour soutenir la reconstruction de la r\u00e9gion.<\/p>\n\n\n\n<p style=\"font-size:18px\">Dans l'ensemble, il est clair que les effets de l'ouragan IAN se feront sentir longtemps \u00e0 Pinar del Rio et dans d'autres r\u00e9gions de Cuba. <\/p>\n\n\n\n<div style=\"height:50px\" aria-hidden=\"true\" class=\"wp-block-spacer\"><\/div>\n\n\n\n<figure class=\"wp-block-image size-full\"><img decoding=\"async\" width=\"1000\" height=\"750\" src=\"https:\/\/www.zigarren.zone\/wp-content\/uploads\/2021\/01\/Fragen-Kuba-Zigarren-2.jpg\" alt=\"IAN d\u00e9vaste Pinar del Rio, Cuba, en septembre 2022.\" class=\"wp-image-42804\" srcset=\"https:\/\/www.zigarren.zone\/wp-content\/uploads\/2021\/01\/Fragen-Kuba-Zigarren-2.jpg 1000w, https:\/\/www.zigarren.zone\/wp-content\/uploads\/2021\/01\/Fragen-Kuba-Zigarren-2-300x225.jpg 300w, https:\/\/www.zigarren.zone\/wp-content\/uploads\/2021\/01\/Fragen-Kuba-Zigarren-2-768x576.jpg 768w, https:\/\/www.zigarren.zone\/wp-content\/uploads\/2021\/01\/Fragen-Kuba-Zigarren-2-624x468.jpg 624w\" sizes=\"(max-width: 1000px) 100vw, 1000px\" \/><figcaption class=\"wp-element-caption\">Cuba, Pinar del Rio au c\u0153ur du paysage du tabac. Prise en 2018.<\/figcaption><\/figure>\n\n\n\n<div style=\"height:50px\" aria-hidden=\"true\" class=\"wp-block-spacer\"><\/div>\n\n\n\n<p class=\"has-black-color has-text-color\" style=\"font-size:1em\">J'esp\u00e8re que tu as appr\u00e9ci\u00e9 mon article actuel et que tu as trouv\u00e9 les informations qu'il contient int\u00e9ressantes. J'ai h\u00e2te de conna\u00eetre ton point de vue et de lire ton commentaire \ud83e\udd17<\/p>\n\n\n\n<h2 class=\"wp-block-heading\" id=\"ressourcen-zum-thema\">Ressources sur le sujet<\/h2>\n\n\n\n<p style=\"font-size:18px\"><a href=\"https:\/\/www.lacorona.ch\/\" target=\"_blank\" rel=\"noreferrer noopener\">La Corona, Andreas Stachl<\/a><\/p>\n\n\n\n<p style=\"font-size:18px\"><a href=\"https:\/\/www.lacasadelhabanostgallen.ch\" target=\"_blank\" rel=\"noreferrer noopener\">La Casa del Habano Saint-Gall by Urs Portmann<\/a><\/p>\n\n\n\n<p style=\"font-size:18px\"><a href=\"https:\/\/camaquito.org\" target=\"_blank\" rel=\"noreferrer noopener\">Camaquito<\/a><\/p>\n\n\n\n<p style=\"font-size:18px\"><a href=\"https:\/\/www.zigarren.zone\/robaina-farm-zerstoert-weitgehend-auch-pinar-del-rio-durch-hurrikan-ian-das-video-interview\/\">Entretien vid\u00e9o avec Thomas Portmann sur la situation actuelle \u00e0 l'\u00e9poque<\/a><\/p>\n\n\n\n\n\n<p><\/p>","protected":false},"excerpt":{"rendered":"<p>Apr\u00e8s IAN (22 septembre) : Les n\u00e9gociants en cigares suisses soutiennent Pinar del Rio, Cuba, apr\u00e8s l'ouragan IAN avec CHF 45'000 de dons. A l'initiative d'Andreas Stachl,...<\/p>","protected":false},"author":2,"featured_media":60931,"comment_status":"open","ping_status":"closed","sticky":false,"template":"","format":"standard","meta":{"jetpack_post_was_ever_published":false,"_jetpack_newsletter_access":"","_jetpack_dont_email_post_to_subs":false,"_jetpack_newsletter_tier_id":0,"_jetpack_memberships_contains_paywalled_content":false,"_jetpack_memberships_contains_paid_content":false,"footnotes":""},"categories":[662],"tags":[6394,6393,6315,6144,830,6387,583],"class_list":["post-60918","post","type-post","status-publish","format-standard","has-post-thumbnail","hentry","category-marktplatz","tag-andreas-stachl-la-corona","tag-camaquito","tag-hurrikan","tag-kuba","tag-la-casa-del-habano","tag-open-access","tag-urs-portmann-tabakwaren-ag",""],"jetpack_featured_media_url":"https:\/\/www.zigarren.zone\/wp-content\/uploads\/2023\/04\/kuba-bauer-ian.jpg","jetpack_sharing_enabled":true,"_links":{"self":[{"href":"https:\/\/www.zigarren.zone\/fr\/wp-json\/wp\/v2\/posts\/60918","targetHints":{"allow":["GET"]}}],"collection":[{"href":"https:\/\/www.zigarren.zone\/fr\/wp-json\/wp\/v2\/posts"}],"about":[{"href":"https:\/\/www.zigarren.zone\/fr\/wp-json\/wp\/v2\/types\/post"}],"author":[{"embeddable":true,"href":"https:\/\/www.zigarren.zone\/fr\/wp-json\/wp\/v2\/users\/2"}],"replies":[{"embeddable":true,"href":"https:\/\/www.zigarren.zone\/fr\/wp-json\/wp\/v2\/comments?post=60918"}],"version-history":[{"count":0,"href":"https:\/\/www.zigarren.zone\/fr\/wp-json\/wp\/v2\/posts\/60918\/revisions"}],"wp:featuredmedia":[{"embeddable":true,"href":"https:\/\/www.zigarren.zone\/fr\/wp-json\/wp\/v2\/media\/60931"}],"wp:attachment":[{"href":"https:\/\/www.zigarren.zone\/fr\/wp-json\/wp\/v2\/media?parent=60918"}],"wp:term":[{"taxonomy":"category","embeddable":true,"href":"https:\/\/www.zigarren.zone\/fr\/wp-json\/wp\/v2\/categories?post=60918"},{"taxonomy":"post_tag","embeddable":true,"href":"https:\/\/www.zigarren.zone\/fr\/wp-json\/wp\/v2\/tags?post=60918"}],"curies":[{"name":"wp","href":"https:\/\/api.w.org\/{rel}","templated":true}]}}