{"id":56436,"date":"2022-11-05T06:51:58","date_gmt":"2022-11-05T05:51:58","guid":{"rendered":"https:\/\/www.zigarren.zone\/?p=56436"},"modified":"2022-12-21T10:41:12","modified_gmt":"2022-12-21T09:41:12","slug":"le-festival-habano-est-de-retour","status":"publish","type":"post","link":"https:\/\/www.zigarren.zone\/fr\/habano-festival-kehrt-zurueck\/","title":{"rendered":"Le Habano Festival est de retour"},"content":{"rendered":"<p style=\"font-size:18px\">Festival du Habano : apr\u00e8s deux ans d'absence due \u00e0 la pand\u00e9mie, Habanos S.A. a annonc\u00e9 le retour du grand festival du Habano. Les amateurs de Habano ont attendu deux ans. Il aura lieu du 27 f\u00e9vrier 2023 au 03 mars 2023 \u00e0 La Havane, Cuba.<\/p>\n\n\n\n<div data-wp-interactive=\"core\/file\" class=\"wp-block-file\"><object data-wp-bind--hidden=\"!state.hasPdfPreview\" hidden class=\"wp-block-file__embed\" data=\"https:\/\/www.zigarren.zone\/wp-content\/uploads\/2022\/12\/Festival-XXIII-A4-DE-2022.pdf\" type=\"application\/pdf\" style=\"width:100%;height:600px\" aria-label=\"Contenu embarqu\u00e9 Intertabac SA publie le programme pour les clients suisses - PDF.\"><\/object><a id=\"wp-block-file--media-75df5ddb-92f4-4366-a36e-1afb87d9dc9c\" href=\"https:\/\/www.zigarren.zone\/wp-content\/uploads\/2022\/12\/Festival-XXIII-A4-DE-2022.pdf\">Intertabac SA publie son programme pour les clients suisses - PDF<\/a><a href=\"https:\/\/www.zigarren.zone\/wp-content\/uploads\/2022\/12\/Festival-XXIII-A4-DE-2022.pdf\" class=\"wp-block-file__button wp-element-button\" download aria-describedby=\"wp-block-file--media-75df5ddb-92f4-4366-a36e-1afb87d9dc9c\">T\u00e9l\u00e9charger<\/a><\/div>\n\n\n\n<p style=\"font-size:18px\">Apr\u00e8s les r\u00e9centes annulations caus\u00e9es par la pand\u00e9mie de Covid-19 et les restrictions impos\u00e9es \u00e0 la circulation des personnes et aux \u00e9v\u00e9nements sur place, Habanos, S.A. annonce le retour de l'\u00e9v\u00e9nement le plus attendu par les amateurs de cigares haut de gamme du monde entier : la c\u00e9l\u00e9bration du XXIIIe Habano Festival.<\/p>\n\n\n\n<p style=\"font-size:18px\">Pendant une semaine, la capitale des Cara\u00efbes accueillera \u00e0 nouveau le grand \u00e9v\u00e9nement annuel avec un programme d'activit\u00e9s tr\u00e8s diversifi\u00e9, alliant la connaissance du Habano et une culture passionnante dans une atmosph\u00e8re internationale et exclusive. Lors de cette XXIIIe \u00e9dition, les meilleurs professionnels, distributeurs et aficionados pourront \u00e0 nouveau d\u00e9couvrir de premi\u00e8re main toutes les initiatives qui font la renomm\u00e9e de cet \u00e9v\u00e9nement annuel et qui sont tr\u00e8s appr\u00e9ci\u00e9es par les participants au festival : Visites de prestigieuses fabriques de Habanos, de plantations, s\u00e9minaires avec des conf\u00e9rences int\u00e9ressantes, concours... et trois soir\u00e9es tr\u00e8s sp\u00e9ciales au cours desquelles ils pourront d\u00e9couvrir en avant-premi\u00e8re les derni\u00e8res nouveaut\u00e9s Habanos, S.A., tout en profitant des meilleures exp\u00e9riences gastronomiques et musicales.&nbsp;<\/p>\n\n\n\n<p style=\"font-size:18px\">Habanos, S.A. travaille d\u00e9j\u00e0 \u00e0 la r\u00e9p\u00e9tition de cet \u00e9v\u00e9nement unique afin de r\u00e9pondre aux attentes des amateurs avec la passion et la magie qu'ils attendent de chaque nouvelle \u00e9dition. De plus amples d\u00e9tails sur le festival Habano seront communiqu\u00e9s prochainement et l'inscription est ouverte au public.&nbsp;<\/p>\n\n\n\n<div style=\"height:50px\" aria-hidden=\"true\" class=\"wp-block-spacer\"><\/div>\n\n\n\n<figure class=\"wp-block-image size-full\"><img decoding=\"async\" src=\"https:\/\/www.zigarren.zone\/wp-content\/uploads\/2019\/02\/Habanos-Festival.jpg\" alt=\"Festival du Habano\" class=\"wp-image-28619\"\/><figcaption class=\"wp-element-caption\">Habano Festival, voici une photo prise en 2019.<\/figcaption><\/figure>\n\n\n\n<div style=\"height:50px\" aria-hidden=\"true\" class=\"wp-block-spacer\"><\/div>\n\n\n\n<h2 class=\"wp-block-heading\" id=\"ressourcen-zum-thema\">Ressources sur le sujet<\/h2>\n\n\n\n<p style=\"font-size:18px\"><a aria-label=\"www.habanos.com (s&#039;ouvre dans un nouvel onglet)\" href=\"http:\/\/www.habanos.com\" target=\"_blank\" rel=\"noreferrer noopener\">www.habanos.com<\/a><\/p>","protected":false},"excerpt":{"rendered":"<p>Festival du Habano : apr\u00e8s deux ans d'absence due \u00e0 la pand\u00e9mie, Habanos S.A. a annonc\u00e9 le retour du grand festival du Habano. Les amateurs de Habano ont attendu 2 ans....<\/p>","protected":false},"author":2,"featured_media":0,"comment_status":"open","ping_status":"closed","sticky":false,"template":"","format":"standard","meta":{"jetpack_post_was_ever_published":false,"_jetpack_newsletter_access":"","_jetpack_dont_email_post_to_subs":false,"_jetpack_newsletter_tier_id":0,"_jetpack_memberships_contains_paywalled_content":false,"_jetpack_memberships_contains_paid_content":false,"footnotes":""},"categories":[662],"tags":[6330,666],"class_list":["post-56436","post","type-post","status-publish","format-standard","hentry","category-marktplatz","tag-habano-festival","tag-world-of-habanos",""],"jetpack_featured_media_url":"","jetpack_sharing_enabled":true,"_links":{"self":[{"href":"https:\/\/www.zigarren.zone\/fr\/wp-json\/wp\/v2\/posts\/56436","targetHints":{"allow":["GET"]}}],"collection":[{"href":"https:\/\/www.zigarren.zone\/fr\/wp-json\/wp\/v2\/posts"}],"about":[{"href":"https:\/\/www.zigarren.zone\/fr\/wp-json\/wp\/v2\/types\/post"}],"author":[{"embeddable":true,"href":"https:\/\/www.zigarren.zone\/fr\/wp-json\/wp\/v2\/users\/2"}],"replies":[{"embeddable":true,"href":"https:\/\/www.zigarren.zone\/fr\/wp-json\/wp\/v2\/comments?post=56436"}],"version-history":[{"count":0,"href":"https:\/\/www.zigarren.zone\/fr\/wp-json\/wp\/v2\/posts\/56436\/revisions"}],"wp:attachment":[{"href":"https:\/\/www.zigarren.zone\/fr\/wp-json\/wp\/v2\/media?parent=56436"}],"wp:term":[{"taxonomy":"category","embeddable":true,"href":"https:\/\/www.zigarren.zone\/fr\/wp-json\/wp\/v2\/categories?post=56436"},{"taxonomy":"post_tag","embeddable":true,"href":"https:\/\/www.zigarren.zone\/fr\/wp-json\/wp\/v2\/tags?post=56436"}],"curies":[{"name":"wp","href":"https:\/\/api.w.org\/{rel}","templated":true}]}}