{"id":44321,"date":"2021-03-09T08:25:49","date_gmt":"2021-03-09T07:25:49","guid":{"rendered":"https:\/\/www.zigarren.zone\/?p=44321"},"modified":"2021-03-09T08:28:51","modified_gmt":"2021-03-09T07:28:51","slug":"le-groupe-villiger-sur-la-bonne-voie-malgre-la-corona","status":"publish","type":"post","link":"https:\/\/www.zigarren.zone\/fr\/villiger-gruppe-auf-kurs-trotz-corona\/","title":{"rendered":"Le groupe Villiger maintient le cap - malgr\u00e9 Corona"},"content":{"rendered":"<p>Pfeffikon\/LU, 09.03.2021 - Malgr\u00e9 la pr\u00e9sence de Corona, la <a class=\"rank-math-link\" href=\"https:\/\/www.villigercigars.com\/\" target=\"_blank\" rel=\"noopener\">Groupe Villiger<\/a> a l\u00e9g\u00e8rement augment\u00e9 ses ventes et son chiffre d'affaires sur ses principaux march\u00e9s - la Suisse et l'UE. Sur le march\u00e9 espagnol, la position de leader a pu \u00eatre maintenue.<\/p>\n\n\n\n<div style=\"height:50px\" aria-hidden=\"true\" class=\"wp-block-spacer\"><\/div>\n\n\n\n<figure class=\"wp-block-image size-large\"><img decoding=\"async\" src=\"https:\/\/www.zigarren.zone\/wp-content\/uploads\/2019\/12\/villiger_do_brasil_03.jpg\" alt=\"Villiger\" class=\"wp-image-32425\"\/><figcaption>Manufacture de cigares pr\u00e8s de la ville de Salvador de Bahia. Avril 2018 Image \u00a9 Remo Naegeli<\/figcaption><\/figure>\n\n\n\n<div style=\"height:50px\" aria-hidden=\"true\" class=\"wp-block-spacer\"><\/div>\n\n\n\n<p>Le groupe a enregistr\u00e9 des pertes de ventes dans le secteur international du duty free en raison de la chute du trafic a\u00e9rien international. Ces pertes ont \u00e9t\u00e9 partiellement compens\u00e9es par une augmentation des ventes dans le commerce de d\u00e9tail conventionnel, car les bureaux de tabac n'ont pas ferm\u00e9 dans la plupart des pays suite \u00e0 la pand\u00e9mie de Corona.<\/p>\n\n\n\n<div style=\"height:50px\" aria-hidden=\"true\" class=\"wp-block-spacer\"><\/div>\n\n\n\n<figure class=\"wp-block-image size-large\"><img decoding=\"async\" src=\"https:\/\/www.zigarren.zone\/wp-content\/uploads\/2020\/05\/bericht_heinrich_villiger_1.jpg\" alt=\"Heinrich Villiger\" class=\"wp-image-36471\"\/><figcaption>Heinrich Villiger.<\/figcaption><\/figure>\n\n\n\n<div style=\"height:50px\" aria-hidden=\"true\" class=\"wp-block-spacer\"><\/div>\n\n\n\n<p>Le commerce mondial des cigares roul\u00e9s \u00e0 la main, dits PREMIUM, en provenance des Cara\u00efbes et d'Am\u00e9rique centrale se d\u00e9veloppe de mani\u00e8re positive dans le secteur des cigares. Il convient de citer en particulier les pays d'origine que sont Cuba, la R\u00e9publique dominicaine, le Nicaragua et le Honduras. \"Un \"nouveau venu\" dans cette activit\u00e9 est le Br\u00e9sil. L'entreprise participe \u00e0 l'importation de tous ces pays par le biais de joint-ventures et d'importations directes et poss\u00e8de sa propre manufacture dans la zone de culture du tabac de l'\u00c9tat de Bahia au Br\u00e9sil. Une deuxi\u00e8me usine est actuellement en construction \u00e0 Esteli, au Nicaragua\", souligne Heinrich Villiger, pr\u00e9sident du conseil d'administration.<\/p>\n\n\n\n<h2 class=\"wp-block-heading\">Groupe Villiger<\/h2>\n\n\n\n<p>Fond\u00e9 en 1888, le groupe Villiger est une entreprise familiale suisse de la troisi\u00e8me et quatri\u00e8me g\u00e9n\u00e9ration, active dans le secteur du tabac au niveau international. Le groupe emploie environ 1600 personnes dans le monde entier et r\u00e9alise un chiffre d'affaires annuel d'environ 200 millions de CHF. La production suisse est situ\u00e9e \u00e0 Pfeffikon\/LU. La filiale allemande Villiger S\u00f6hne GmbH poss\u00e8de des usines de fabrication \u00e0 Waldshut-Tiengen (Bade-Wurtemberg) et \u00e0 B\u00fcnde\/D\u00fcnne (Westphalie). Villiger do Brasil, \u00e0 S\u00e3o Gon\u00e7alo dos Campos (Bahia), fabrique des cigares premium roul\u00e9s \u00e0 la main. Chez PT Villiger Tobacco Indonesia sur l'\u00eele de Java, les capes de tabac sont pr\u00e9par\u00e9es pour la production en Europe. Villiger North America, Inc. est responsable de la distribution aux \u00c9tats-Unis, le plus grand march\u00e9 de cigares au monde.<\/p>\n\n\n\n<p><a class=\"rank-math-link\" href=\"https:\/\/www.zigarren.zone\/tag\/villiger\/\">Plus d'articles sur Villiger sur Zigarren.Zone R\u00e9seau Social &gt;.<\/a><\/p>","protected":false},"excerpt":{"rendered":"<p>Pfeffikon\/LU, 09.03.2021 - Malgr\u00e9 la Corona, le groupe Villiger a pu l\u00e9g\u00e8rement augmenter ses ventes et son chiffre d'affaires sur ses principaux march\u00e9s - la Suisse et l'UE. Sur le march\u00e9 espagnol,...<\/p>","protected":false},"author":2,"featured_media":44325,"comment_status":"open","ping_status":"closed","sticky":false,"template":"","format":"standard","meta":{"jetpack_post_was_ever_published":false,"_jetpack_newsletter_access":"","_jetpack_dont_email_post_to_subs":false,"_jetpack_newsletter_tier_id":0,"_jetpack_memberships_contains_paywalled_content":false,"_jetpack_memberships_contains_paid_content":false,"footnotes":""},"categories":[662],"tags":[225],"class_list":["post-44321","post","type-post","status-publish","format-standard","has-post-thumbnail","hentry","category-marktplatz","tag-villiger",""],"jetpack_featured_media_url":"https:\/\/www.zigarren.zone\/wp-content\/uploads\/2021\/03\/Villiger-Gruppe-auf-Kurs-trotz-Corona-1.jpg","jetpack_sharing_enabled":true,"_links":{"self":[{"href":"https:\/\/www.zigarren.zone\/fr\/wp-json\/wp\/v2\/posts\/44321","targetHints":{"allow":["GET"]}}],"collection":[{"href":"https:\/\/www.zigarren.zone\/fr\/wp-json\/wp\/v2\/posts"}],"about":[{"href":"https:\/\/www.zigarren.zone\/fr\/wp-json\/wp\/v2\/types\/post"}],"author":[{"embeddable":true,"href":"https:\/\/www.zigarren.zone\/fr\/wp-json\/wp\/v2\/users\/2"}],"replies":[{"embeddable":true,"href":"https:\/\/www.zigarren.zone\/fr\/wp-json\/wp\/v2\/comments?post=44321"}],"version-history":[{"count":0,"href":"https:\/\/www.zigarren.zone\/fr\/wp-json\/wp\/v2\/posts\/44321\/revisions"}],"wp:featuredmedia":[{"embeddable":true,"href":"https:\/\/www.zigarren.zone\/fr\/wp-json\/wp\/v2\/media\/44325"}],"wp:attachment":[{"href":"https:\/\/www.zigarren.zone\/fr\/wp-json\/wp\/v2\/media?parent=44321"}],"wp:term":[{"taxonomy":"category","embeddable":true,"href":"https:\/\/www.zigarren.zone\/fr\/wp-json\/wp\/v2\/categories?post=44321"},{"taxonomy":"post_tag","embeddable":true,"href":"https:\/\/www.zigarren.zone\/fr\/wp-json\/wp\/v2\/tags?post=44321"}],"curies":[{"name":"wp","href":"https:\/\/api.w.org\/{rel}","templated":true}]}}