{"id":76114,"date":"2025-11-11T05:40:08","date_gmt":"2025-11-11T04:40:08","guid":{"rendered":"https:\/\/www.zigarren.zone\/?p=76114"},"modified":"2025-11-11T06:14:03","modified_gmt":"2025-11-11T05:14:03","slug":"la-boveda-habanos-tesoros-madurados-en-exclusiva-para-suiza","status":"publish","type":"post","link":"https:\/\/www.zigarren.zone\/es\/the-vault-habanos-gereifte-schaetze-exklusiv-fuer-die-schweiz\/","title":{"rendered":"The Vault Habanos - Tesoros madurados en exclusiva para Suiza"},"content":{"rendered":"<p><strong>La B\u00f3veda Habanos<\/strong> celebr\u00f3 su estreno el 10.11.25 en la elegante <em>Sal\u00f3n del Valle<\/em> en Kemptthal. Intertabak AG organiz\u00f3 un acto especial dirigido a los medios de comunicaci\u00f3n especializados y a los representantes de la industria tabaquera. <em>Casa del Habano<\/em> fue el centro de atenci\u00f3n. Fue sobre el mediod\u00eda cuando la pasi\u00f3n, la artesan\u00eda y el tiempo se unieron para crear un momento de placer.<\/p>\n\n\n\n<blockquote class=\"wp-block-quote is-layout-flow wp-block-quote-is-layout-flow\">\n<p style=\"font-size:18px\">\ud83d\udc49 <strong>Antes de seguir adelante:<\/strong> Obtenga historias exclusivas sobre puros, consejos de expertos y conocimientos de fondo, s\u00f3lo para suscriptores. Sin publicidad. S\u00f3lo disfrute. <a href=\"https:\/\/www.zigarren.zone\/insider\/\">Ahora <strong><span style=\"text-decoration: underline;\">gratis<\/span><\/strong> Convi\u00e9rtete en un INSIDER de cigar.zone<\/a>. S\u00d3LO EN ALEM\u00c1N.<\/p>\n<\/blockquote>\n\n\n\n<div class=\"wp-block-rank-math-toc-block\" id=\"rank-math-toc\"><h2>\u00cdndice<\/h2><nav><ul><li><a href=\"#einzigartig-in-der-schweiz\">\u00danico en Suiza<\/a><\/li><li><a href=\"#kulinarische-begleitung-auf-hochstem-niveau\">Acompa\u00f1amiento culinario de alto nivel<\/a><\/li><li><a href=\"#ehre-fur-30-jahre-casa-del-habano-zurich\">Homenaje a los 30 a\u00f1os de la Casa del Habano de Z\u00farich<\/a><\/li><li><a href=\"#the-vault-die-kommende-edition\">The Vault: Las pr\u00f3ximas ediciones<\/a><\/li><li><a href=\"#the-vault-habanos\">La B\u00f3veda Habanos<\/a><\/li><li><a href=\"#ressourcen-zum-thema\">Recursos sobre el tema<\/a><\/li><\/ul><\/nav><\/div>\n\n\n\n<div style=\"height:50px\" aria-hidden=\"true\" class=\"wp-block-spacer\"><\/div>\n\n\n\n<figure class=\"wp-block-image size-full\"><img decoding=\"async\" width=\"1000\" height=\"563\" src=\"https:\/\/www.zigarren.zone\/wp-content\/uploads\/2025\/11\/the_vault_2025_launch_intartabak_img_0852.jpg\" alt=\"La B\u00f3veda Habanos\" class=\"wp-image-76122\" srcset=\"https:\/\/www.zigarren.zone\/wp-content\/uploads\/2025\/11\/the_vault_2025_launch_intartabak_img_0852.jpg 1000w, https:\/\/www.zigarren.zone\/wp-content\/uploads\/2025\/11\/the_vault_2025_launch_intartabak_img_0852-768x432.jpg 768w, https:\/\/www.zigarren.zone\/wp-content\/uploads\/2025\/11\/the_vault_2025_launch_intartabak_img_0852-18x10.jpg 18w, https:\/\/www.zigarren.zone\/wp-content\/uploads\/2025\/11\/the_vault_2025_launch_intartabak_img_0852-624x351.jpg 624w\" sizes=\"(max-width: 1000px) 100vw, 1000px\" \/><\/figure>\n\n\n\n<div style=\"height:10px\" aria-hidden=\"true\" class=\"wp-block-spacer\"><\/div>\n\n\n\n<h4 class=\"wp-block-heading\" id=\"h-beschreibung-des-bildes\" style=\"font-size:1em\"><strong>Una segunda anilla adorna el pie del puro.<\/strong><\/h4>\n\n\n\n<div style=\"height:50px\" aria-hidden=\"true\" class=\"wp-block-spacer\"><\/div>\n\n\n\n<figure class=\"wp-block-image size-full\"><img decoding=\"async\" width=\"563\" height=\"1000\" src=\"https:\/\/www.zigarren.zone\/wp-content\/uploads\/2025\/11\/the_vault_2025_launch_intartabak_img_0809.jpg\" alt=\"La B\u00f3veda Habanos\" class=\"wp-image-76116\" srcset=\"https:\/\/www.zigarren.zone\/wp-content\/uploads\/2025\/11\/the_vault_2025_launch_intartabak_img_0809.jpg 563w, https:\/\/www.zigarren.zone\/wp-content\/uploads\/2025\/11\/the_vault_2025_launch_intartabak_img_0809-7x12.jpg 7w\" sizes=\"(max-width: 563px) 100vw, 563px\" \/><\/figure>\n\n\n\n<div style=\"height:50px\" aria-hidden=\"true\" class=\"wp-block-spacer\"><\/div>\n\n\n\n<h2 class=\"wp-block-heading\" id=\"einzigartig-in-der-schweiz\">\u00danico en Suiza<\/h2>\n\n\n\n<div style=\"height:50px\" aria-hidden=\"true\" class=\"wp-block-spacer\"><\/div>\n\n\n\n<figure class=\"wp-block-image size-full\"><img decoding=\"async\" width=\"1000\" height=\"938\" src=\"https:\/\/www.zigarren.zone\/wp-content\/uploads\/2025\/11\/the_vault_2025_launch_intartabak_img_0813.jpg\" alt=\"La B\u00f3veda Habanos\" class=\"wp-image-76117\" srcset=\"https:\/\/www.zigarren.zone\/wp-content\/uploads\/2025\/11\/the_vault_2025_launch_intartabak_img_0813.jpg 1000w, https:\/\/www.zigarren.zone\/wp-content\/uploads\/2025\/11\/the_vault_2025_launch_intartabak_img_0813-768x720.jpg 768w, https:\/\/www.zigarren.zone\/wp-content\/uploads\/2025\/11\/the_vault_2025_launch_intartabak_img_0813-13x12.jpg 13w, https:\/\/www.zigarren.zone\/wp-content\/uploads\/2025\/11\/the_vault_2025_launch_intartabak_img_0813-624x585.jpg 624w\" sizes=\"(max-width: 1000px) 100vw, 1000px\" \/><\/figure>\n\n\n\n<div style=\"height:50px\" aria-hidden=\"true\" class=\"wp-block-spacer\"><\/div>\n\n\n\n<p>La nueva serie <strong>La B\u00f3veda Habanos<\/strong> es una novedad exclusiva, s\u00f3lo disponible en Suiza. Los Habanos de esta l\u00ednea han sido cuidadosamente seleccionados por equipos de expertos y luego <strong>Madurado durante al menos cinco a\u00f1os en condiciones ideales<\/strong>. El resultado: sabores que confluyen en perfecta armon\u00eda. Cada puro alcanza as\u00ed su madurez perfecta, una experiencia poco com\u00fan incluso para los aficionados experimentados.<\/p>\n\n\n\n<div style=\"height:50px\" aria-hidden=\"true\" class=\"wp-block-spacer\"><\/div>\n\n\n\n<figure class=\"wp-block-image size-full\"><img decoding=\"async\" width=\"1000\" height=\"563\" src=\"https:\/\/www.zigarren.zone\/wp-content\/uploads\/2025\/11\/the_vault_2025_launch_intartabak_img_0814.jpg\" alt=\"La B\u00f3veda Habanos\" class=\"wp-image-76118\" srcset=\"https:\/\/www.zigarren.zone\/wp-content\/uploads\/2025\/11\/the_vault_2025_launch_intartabak_img_0814.jpg 1000w, https:\/\/www.zigarren.zone\/wp-content\/uploads\/2025\/11\/the_vault_2025_launch_intartabak_img_0814-768x432.jpg 768w, https:\/\/www.zigarren.zone\/wp-content\/uploads\/2025\/11\/the_vault_2025_launch_intartabak_img_0814-18x10.jpg 18w, https:\/\/www.zigarren.zone\/wp-content\/uploads\/2025\/11\/the_vault_2025_launch_intartabak_img_0814-624x351.jpg 624w\" sizes=\"(max-width: 1000px) 100vw, 1000px\" \/><\/figure>\n\n\n\n<div style=\"height:50px\" aria-hidden=\"true\" class=\"wp-block-spacer\"><\/div>\n\n\n\n<h2 class=\"wp-block-heading\" id=\"kulinarische-begleitung-auf-hochstem-niveau\">Acompa\u00f1amiento culinario de alto nivel<\/h2>\n\n\n\n<div style=\"height:50px\" aria-hidden=\"true\" class=\"wp-block-spacer\"><\/div>\n\n\n\n<figure class=\"wp-block-image size-full\"><img decoding=\"async\" width=\"1000\" height=\"661\" src=\"https:\/\/www.zigarren.zone\/wp-content\/uploads\/2025\/11\/the_vault_2025_launch_intartabak_img_0864.jpg\" alt=\"La B\u00f3veda Habanos\" class=\"wp-image-76124\" srcset=\"https:\/\/www.zigarren.zone\/wp-content\/uploads\/2025\/11\/the_vault_2025_launch_intartabak_img_0864.jpg 1000w, https:\/\/www.zigarren.zone\/wp-content\/uploads\/2025\/11\/the_vault_2025_launch_intartabak_img_0864-768x508.jpg 768w, https:\/\/www.zigarren.zone\/wp-content\/uploads\/2025\/11\/the_vault_2025_launch_intartabak_img_0864-18x12.jpg 18w, https:\/\/www.zigarren.zone\/wp-content\/uploads\/2025\/11\/the_vault_2025_launch_intartabak_img_0864-624x412.jpg 624w\" sizes=\"(max-width: 1000px) 100vw, 1000px\" \/><\/figure>\n\n\n\n<div style=\"height:50px\" aria-hidden=\"true\" class=\"wp-block-spacer\"><\/div>\n\n\n\n<p>Los invitados degustaron una excelente selecci\u00f3n de sushi y una equilibrada tabla de embutidos y quesos, una delicia que encajaba perfectamente con el tema del almuerzo: calidad, paciencia y equilibrio. Todo ello acompa\u00f1ado de vino, agua y bebidas dulces, as\u00ed como caf\u00e9: un elegante preludio de un formato que hace latir m\u00e1s r\u00e1pido el coraz\u00f3n de los coleccionistas.<\/p>\n\n\n\n<div style=\"height:50px\" aria-hidden=\"true\" class=\"wp-block-spacer\"><\/div>\n\n\n\n<figure class=\"wp-block-image size-full\"><img decoding=\"async\" width=\"1000\" height=\"563\" src=\"https:\/\/www.zigarren.zone\/wp-content\/uploads\/2025\/11\/the_vault_2025_launch_intartabak_img_0865.jpg\" alt=\"La B\u00f3veda Habanos\" class=\"wp-image-76125\" srcset=\"https:\/\/www.zigarren.zone\/wp-content\/uploads\/2025\/11\/the_vault_2025_launch_intartabak_img_0865.jpg 1000w, https:\/\/www.zigarren.zone\/wp-content\/uploads\/2025\/11\/the_vault_2025_launch_intartabak_img_0865-768x432.jpg 768w, https:\/\/www.zigarren.zone\/wp-content\/uploads\/2025\/11\/the_vault_2025_launch_intartabak_img_0865-18x10.jpg 18w, https:\/\/www.zigarren.zone\/wp-content\/uploads\/2025\/11\/the_vault_2025_launch_intartabak_img_0865-624x351.jpg 624w\" sizes=\"(max-width: 1000px) 100vw, 1000px\" \/><\/figure>\n\n\n\n<div style=\"height:50px\" aria-hidden=\"true\" class=\"wp-block-spacer\"><\/div>\n\n\n\n<h2 class=\"wp-block-heading\" id=\"ehre-fur-30-jahre-casa-del-habano-zurich\">Homenaje a los 30 a\u00f1os de la Casa del Habano de Z\u00farich<\/h2>\n\n\n\n<p>Un momento especial fue el homenaje a <strong>Samuel Menzi<\/strong>, que fue homenajeado por 30 a\u00f1os <em>Casa del Habano Z\u00farich<\/em> fue honrado. Cuando fue <em>Hombre del Habano - Categor\u00eda Negocios<\/em> e introdujo la primera Casa del Habano en Suiza, Intertabak AG le rindi\u00f3 homenaje por su compromiso y su larga pasi\u00f3n por el habano.<\/p>\n\n\n\n<div style=\"height:50px\" aria-hidden=\"true\" class=\"wp-block-spacer\"><\/div>\n\n\n\n<figure class=\"wp-block-image size-full\"><img decoding=\"async\" width=\"1000\" height=\"563\" src=\"https:\/\/www.zigarren.zone\/wp-content\/uploads\/2025\/11\/the_vault_2025_launch_intartabak_img_0829.jpg\" alt=\"La B\u00f3veda Habanos\" class=\"wp-image-76120\" srcset=\"https:\/\/www.zigarren.zone\/wp-content\/uploads\/2025\/11\/the_vault_2025_launch_intartabak_img_0829.jpg 1000w, https:\/\/www.zigarren.zone\/wp-content\/uploads\/2025\/11\/the_vault_2025_launch_intartabak_img_0829-768x432.jpg 768w, https:\/\/www.zigarren.zone\/wp-content\/uploads\/2025\/11\/the_vault_2025_launch_intartabak_img_0829-18x10.jpg 18w, https:\/\/www.zigarren.zone\/wp-content\/uploads\/2025\/11\/the_vault_2025_launch_intartabak_img_0829-624x351.jpg 624w\" sizes=\"(max-width: 1000px) 100vw, 1000px\" \/><\/figure>\n\n\n\n<div style=\"height:10px\" aria-hidden=\"true\" class=\"wp-block-spacer\"><\/div>\n\n\n\n<h4 class=\"wp-block-heading\" id=\"h-beschreibung-des-bildes\" style=\"font-size:1em\"><strong>De izquierda a derecha: Tony Hoevenaars (Director General Intertabak AG) y Samuel Menzi (La Casa del Habano Zurich)<\/strong>.<\/h4>\n\n\n\n<div style=\"height:50px\" aria-hidden=\"true\" class=\"wp-block-spacer\"><\/div>\n\n\n\n<div style=\"height:50px\" aria-hidden=\"true\" class=\"wp-block-spacer\"><\/div>\n\n\n\n<figure class=\"wp-block-image size-full\"><img decoding=\"async\" width=\"1000\" height=\"563\" src=\"https:\/\/www.zigarren.zone\/wp-content\/uploads\/2025\/11\/the_vault_2025_launch_intartabak_img_0840.jpg\" alt=\"La B\u00f3veda Habanos\" class=\"wp-image-76121\" srcset=\"https:\/\/www.zigarren.zone\/wp-content\/uploads\/2025\/11\/the_vault_2025_launch_intartabak_img_0840.jpg 1000w, https:\/\/www.zigarren.zone\/wp-content\/uploads\/2025\/11\/the_vault_2025_launch_intartabak_img_0840-768x432.jpg 768w, https:\/\/www.zigarren.zone\/wp-content\/uploads\/2025\/11\/the_vault_2025_launch_intartabak_img_0840-18x10.jpg 18w, https:\/\/www.zigarren.zone\/wp-content\/uploads\/2025\/11\/the_vault_2025_launch_intartabak_img_0840-624x351.jpg 624w\" sizes=\"(max-width: 1000px) 100vw, 1000px\" \/><\/figure>\n\n\n\n<div style=\"height:50px\" aria-hidden=\"true\" class=\"wp-block-spacer\"><\/div>\n\n\n\n<h2 class=\"wp-block-heading\" id=\"the-vault-die-kommende-edition\">The Vault: Las pr\u00f3ximas ediciones<\/h2>\n\n\n\n<div style=\"height:50px\" aria-hidden=\"true\" class=\"wp-block-spacer\"><\/div>\n\n\n\n<figure class=\"wp-block-image size-full\"><img decoding=\"async\" width=\"563\" height=\"1000\" src=\"https:\/\/www.zigarren.zone\/wp-content\/uploads\/2025\/11\/the_vault_2025_launch_intartabak_img_0885.jpg\" alt=\"La B\u00f3veda Habanos\" class=\"wp-image-76129\" srcset=\"https:\/\/www.zigarren.zone\/wp-content\/uploads\/2025\/11\/the_vault_2025_launch_intartabak_img_0885.jpg 563w, https:\/\/www.zigarren.zone\/wp-content\/uploads\/2025\/11\/the_vault_2025_launch_intartabak_img_0885-7x12.jpg 7w\" sizes=\"(max-width: 563px) 100vw, 563px\" \/><\/figure>\n\n\n\n<div style=\"height:50px\" aria-hidden=\"true\" class=\"wp-block-spacer\"><\/div>\n\n\n\n<p>Los lanzamientos anunciados muestran lo que los aficionados pueden esperar: cl\u00e1sicos maduros como <strong>Bol\u00edvar Libertador 2020<\/strong>, <strong>Montecristo Dant\u00e9s 2016<\/strong>, <strong>Partag\u00e1s Serie E n\u00ba 2 2020<\/strong>, <strong>Cohiba Talism\u00e1n 2017<\/strong> o <strong>Trinidad Fundadores 2018<\/strong>. Y la serie continuar\u00e1. <\/p>\n\n\n\n<div style=\"height:50px\" aria-hidden=\"true\" class=\"wp-block-spacer\"><\/div>\n\n\n\n<figure class=\"wp-block-image size-full\"><img decoding=\"async\" width=\"1000\" height=\"826\" src=\"https:\/\/www.zigarren.zone\/wp-content\/uploads\/2025\/11\/the_vault_2025_launch_intartabak_img_0878.jpg\" alt=\"La B\u00f3veda Habanos\" class=\"wp-image-76127\" srcset=\"https:\/\/www.zigarren.zone\/wp-content\/uploads\/2025\/11\/the_vault_2025_launch_intartabak_img_0878.jpg 1000w, https:\/\/www.zigarren.zone\/wp-content\/uploads\/2025\/11\/the_vault_2025_launch_intartabak_img_0878-768x634.jpg 768w, https:\/\/www.zigarren.zone\/wp-content\/uploads\/2025\/11\/the_vault_2025_launch_intartabak_img_0878-15x12.jpg 15w, https:\/\/www.zigarren.zone\/wp-content\/uploads\/2025\/11\/the_vault_2025_launch_intartabak_img_0878-624x515.jpg 624w\" sizes=\"(max-width: 1000px) 100vw, 1000px\" \/><\/figure>\n\n\n\n<div style=\"height:10px\" aria-hidden=\"true\" class=\"wp-block-spacer\"><\/div>\n\n\n\n<h4 class=\"wp-block-heading\" id=\"h-beschreibung-des-bildes\" style=\"font-size:1em\"><strong>Esta pegatina se coloca en cada caja<\/strong>, que se extiende sobre el borde hacia el lado.<\/h4>\n\n\n\n<div style=\"height:50px\" aria-hidden=\"true\" class=\"wp-block-spacer\"><\/div>\n\n\n\n<figure class=\"wp-block-image size-full\"><img decoding=\"async\" width=\"1000\" height=\"684\" src=\"https:\/\/www.zigarren.zone\/wp-content\/uploads\/2025\/11\/the_vault_2025_launch_intartabak_img_0877.jpg\" alt=\"La B\u00f3veda Habanos\" class=\"wp-image-76126\" srcset=\"https:\/\/www.zigarren.zone\/wp-content\/uploads\/2025\/11\/the_vault_2025_launch_intartabak_img_0877.jpg 1000w, https:\/\/www.zigarren.zone\/wp-content\/uploads\/2025\/11\/the_vault_2025_launch_intartabak_img_0877-768x525.jpg 768w, https:\/\/www.zigarren.zone\/wp-content\/uploads\/2025\/11\/the_vault_2025_launch_intartabak_img_0877-18x12.jpg 18w, https:\/\/www.zigarren.zone\/wp-content\/uploads\/2025\/11\/the_vault_2025_launch_intartabak_img_0877-624x427.jpg 624w\" sizes=\"(max-width: 1000px) 100vw, 1000px\" \/><\/figure>\n\n\n\n<div style=\"height:10px\" aria-hidden=\"true\" class=\"wp-block-spacer\"><\/div>\n\n\n\n<h4 class=\"wp-block-heading\" id=\"h-beschreibung-des-bildes\" style=\"font-size:1em\">Por supuesto, se conservar\u00e1 el sello con la fecha original de la caja en la parte posterior de la misma. Adem\u00e1s, los empleados de Intertabak AG tambi\u00e9n sellar\u00e1n el <em>La B\u00f3veda<\/em> La fecha de la caja, la fecha de lanzamiento y la firma del probador se imprimen a mano en la etiqueta. Cada copia de la <em>La B\u00f3veda Habanos<\/em> se comprueba y certifica individualmente. En el futuro, la pegatina ya no mostrar\u00e1 el mes, sino el c\u00f3digo de f\u00e1brica y el a\u00f1o.<\/h4>\n\n\n\n<div style=\"height:50px\" aria-hidden=\"true\" class=\"wp-block-spacer\"><\/div>\n\n\n\n<div style=\"height:50px\" aria-hidden=\"true\" class=\"wp-block-spacer\"><\/div>\n\n\n\n<figure class=\"wp-block-image size-full\"><img decoding=\"async\" width=\"1000\" height=\"641\" src=\"https:\/\/www.zigarren.zone\/wp-content\/uploads\/2025\/11\/the_vault_2025_launch_intartabak_img_0882.jpg\" alt=\"La B\u00f3veda Habanos\" class=\"wp-image-76128\" srcset=\"https:\/\/www.zigarren.zone\/wp-content\/uploads\/2025\/11\/the_vault_2025_launch_intartabak_img_0882.jpg 1000w, https:\/\/www.zigarren.zone\/wp-content\/uploads\/2025\/11\/the_vault_2025_launch_intartabak_img_0882-768x492.jpg 768w, https:\/\/www.zigarren.zone\/wp-content\/uploads\/2025\/11\/the_vault_2025_launch_intartabak_img_0882-18x12.jpg 18w, https:\/\/www.zigarren.zone\/wp-content\/uploads\/2025\/11\/the_vault_2025_launch_intartabak_img_0882-624x400.jpg 624w\" sizes=\"(max-width: 1000px) 100vw, 1000px\" \/><\/figure>\n\n\n\n<div style=\"height:50px\" aria-hidden=\"true\" class=\"wp-block-spacer\"><\/div>\n\n\n\n<h2 class=\"wp-block-heading\" id=\"the-vault-habanos\">La B\u00f3veda Habanos<\/h2>\n\n\n\n<div style=\"height:50px\" aria-hidden=\"true\" class=\"wp-block-spacer\"><\/div>\n\n\n\n<figure class=\"wp-block-image size-full\"><img decoding=\"async\" width=\"1000\" height=\"563\" src=\"https:\/\/www.zigarren.zone\/wp-content\/uploads\/2025\/11\/the_vault_2025_launch_intartabak_img_0815.jpg\" alt=\"La B\u00f3veda Habanos\" class=\"wp-image-76119\" srcset=\"https:\/\/www.zigarren.zone\/wp-content\/uploads\/2025\/11\/the_vault_2025_launch_intartabak_img_0815.jpg 1000w, https:\/\/www.zigarren.zone\/wp-content\/uploads\/2025\/11\/the_vault_2025_launch_intartabak_img_0815-768x432.jpg 768w, https:\/\/www.zigarren.zone\/wp-content\/uploads\/2025\/11\/the_vault_2025_launch_intartabak_img_0815-18x10.jpg 18w, https:\/\/www.zigarren.zone\/wp-content\/uploads\/2025\/11\/the_vault_2025_launch_intartabak_img_0815-624x351.jpg 624w\" sizes=\"(max-width: 1000px) 100vw, 1000px\" \/><\/figure>\n\n\n\n<div style=\"height:50px\" aria-hidden=\"true\" class=\"wp-block-spacer\"><\/div>\n\n\n\n<p>Con <strong>La B\u00f3veda Habanos<\/strong> Intertabak abre un nuevo cap\u00edtulo de la cultura cubana del puro en Suiza. Una colecci\u00f3n que no s\u00f3lo ofrece el placer de fumar, sino tambi\u00e9n historia en perfecta madurez.<\/p>\n\n\n\n<div style=\"height:50px\" aria-hidden=\"true\" class=\"wp-block-spacer\"><\/div>\n\n\n\n<figure class=\"wp-block-image size-full\"><img decoding=\"async\" width=\"1000\" height=\"563\" src=\"https:\/\/www.zigarren.zone\/wp-content\/uploads\/2025\/11\/the_vault_2025_launch_intartabak_img_0887.jpg\" alt=\"La B\u00f3veda Habanos\" class=\"wp-image-76130\" srcset=\"https:\/\/www.zigarren.zone\/wp-content\/uploads\/2025\/11\/the_vault_2025_launch_intartabak_img_0887.jpg 1000w, https:\/\/www.zigarren.zone\/wp-content\/uploads\/2025\/11\/the_vault_2025_launch_intartabak_img_0887-768x432.jpg 768w, https:\/\/www.zigarren.zone\/wp-content\/uploads\/2025\/11\/the_vault_2025_launch_intartabak_img_0887-18x10.jpg 18w, https:\/\/www.zigarren.zone\/wp-content\/uploads\/2025\/11\/the_vault_2025_launch_intartabak_img_0887-624x351.jpg 624w\" sizes=\"(max-width: 1000px) 100vw, 1000px\" \/><\/figure>\n\n\n\n<div style=\"height:50px\" aria-hidden=\"true\" class=\"wp-block-spacer\"><\/div>\n\n\n\n<div style=\"height:50px\" aria-hidden=\"true\" class=\"wp-block-spacer\"><\/div>\n\n\n\n<figure class=\"wp-block-image size-full\"><img decoding=\"async\" width=\"1000\" height=\"615\" src=\"https:\/\/www.zigarren.zone\/wp-content\/uploads\/2025\/11\/the_vault_2025_launch_intartabak_img_0855.jpg\" alt=\"La B\u00f3veda Habanos\" class=\"wp-image-76123\" srcset=\"https:\/\/www.zigarren.zone\/wp-content\/uploads\/2025\/11\/the_vault_2025_launch_intartabak_img_0855.jpg 1000w, https:\/\/www.zigarren.zone\/wp-content\/uploads\/2025\/11\/the_vault_2025_launch_intartabak_img_0855-768x472.jpg 768w, https:\/\/www.zigarren.zone\/wp-content\/uploads\/2025\/11\/the_vault_2025_launch_intartabak_img_0855-18x12.jpg 18w, https:\/\/www.zigarren.zone\/wp-content\/uploads\/2025\/11\/the_vault_2025_launch_intartabak_img_0855-624x384.jpg 624w\" sizes=\"(max-width: 1000px) 100vw, 1000px\" \/><\/figure>\n\n\n\n<div style=\"height:50px\" aria-hidden=\"true\" class=\"wp-block-spacer\"><\/div>\n\n\n\n<figure class=\"wp-block-image size-full\"><img decoding=\"async\" width=\"1000\" height=\"563\" src=\"https:\/\/www.zigarren.zone\/wp-content\/uploads\/2025\/11\/the_vault_2025_launch_intartabak_img_0889.jpg\" alt=\"La B\u00f3veda Habanos\" class=\"wp-image-76131\" srcset=\"https:\/\/www.zigarren.zone\/wp-content\/uploads\/2025\/11\/the_vault_2025_launch_intartabak_img_0889.jpg 1000w, https:\/\/www.zigarren.zone\/wp-content\/uploads\/2025\/11\/the_vault_2025_launch_intartabak_img_0889-768x432.jpg 768w, https:\/\/www.zigarren.zone\/wp-content\/uploads\/2025\/11\/the_vault_2025_launch_intartabak_img_0889-18x10.jpg 18w, https:\/\/www.zigarren.zone\/wp-content\/uploads\/2025\/11\/the_vault_2025_launch_intartabak_img_0889-624x351.jpg 624w\" sizes=\"(max-width: 1000px) 100vw, 1000px\" \/><\/figure>\n\n\n\n<div style=\"height:50px\" aria-hidden=\"true\" class=\"wp-block-spacer\"><\/div>\n\n\n\n<h3 class=\"wp-block-heading\" id=\"bildnachweis\">Cr\u00e9ditos de las im\u00e1genes<\/h3>\n\n\n\n<ul class=\"wp-block-list\">\n<li>Vasilij Ratej<\/li>\n<\/ul>\n\n\n\n<div style=\"height:50px\" aria-hidden=\"true\" class=\"wp-block-spacer\"><\/div>\n\n\n\n<h2 class=\"wp-block-heading\" id=\"ressourcen-zum-thema\">Recursos sobre el tema<\/h2>\n\n\n\n<p><a href=\"https:\/\/www.google.com\/search?q=the+vault+habanos\" target=\"_blank\" rel=\"noopener\">Encuentra Los Habanos de la B\u00f3veda<\/a><\/p>\n\n\n\n<div style=\"height:50px\" aria-hidden=\"true\" class=\"wp-block-spacer\"><\/div>\n\n\n\n<figure class=\"wp-block-image size-full is-resized\"><img decoding=\"async\" width=\"472\" height=\"708\" src=\"https:\/\/www.zigarren.zone\/wp-content\/uploads\/2024\/05\/vasilij_100_csf54279.jpg\" alt=\"\" class=\"wp-image-73395\" style=\"aspect-ratio:1;object-fit:contain;width:359px;height:auto\" srcset=\"https:\/\/www.zigarren.zone\/wp-content\/uploads\/2024\/05\/vasilij_100_csf54279.jpg 472w, https:\/\/www.zigarren.zone\/wp-content\/uploads\/2024\/05\/vasilij_100_csf54279-8x12.jpg 8w\" sizes=\"(max-width: 472px) 100vw, 472px\" \/><\/figure>\n\n\n\n<p><strong><strong>M\u00e1s humo. Conmigo.<\/strong><\/strong><\/p>\n\n\n\n<p>YOUTUBE \ud83d\udcfa <a href=\"https:\/\/www.youtube.com\/@genussmitvasilij\" target=\"_blank\" rel=\"noreferrer noopener\">@genussmitvasilij\u00a0<\/a>\u00a0<\/p>\n\n\n\n<p>INSTAGRAM \ud83d\udcf8 <a href=\"https:\/\/www.instagram.com\/v4silij\/\" target=\"_blank\" rel=\"noreferrer noopener\">@v4silij\u00a0<\/a>\u00a0<\/p>\n\n\n\n<p>INSTAGRAM \ud83d\udcf8 <a href=\"https:\/\/www.instagram.com\/zigarrenzone\/\" target=\"_blank\" rel=\"noreferrer noopener\">@zigarrenzone\u00a0<\/a>\u00a0<\/p>\n\n\n\n<div style=\"height:50px\" aria-hidden=\"true\" class=\"wp-block-spacer\"><\/div>\n\n\n<nav aria-label=\"pan rallado\" class=\"rank-math-breadcrumb\"><p><span class=\"label\">Est\u00e1 usted aqu\u00ed:<\/span> <span class=\"last\">P\u00e1gina de inicio<\/span><\/p><\/nav>","protected":false},"excerpt":{"rendered":"<p>The Vault Habanos celebr\u00f3 su estreno en el elegante The Valley Lounge de Kemptthal el 10 de noviembre. Intertabak AG invit\u00f3 a los invitados a un evento especial que...<\/p>","protected":false},"author":2,"featured_media":76128,"comment_status":"closed","ping_status":"closed","sticky":false,"template":"","format":"standard","meta":{"jetpack_post_was_ever_published":false,"_jetpack_newsletter_access":"","_jetpack_dont_email_post_to_subs":false,"_jetpack_newsletter_tier_id":0,"_jetpack_memberships_contains_paywalled_content":false,"_jetpack_memberships_contains_paid_content":false,"footnotes":""},"categories":[6291,662],"tags":[6688,6687],"class_list":["post-76114","post","type-post","status-publish","format-standard","has-post-thumbnail","hentry","category-event","category-marktplatz","tag-the-valley-lounge-kemptthal","tag-the-vault-habanos",""],"jetpack_featured_media_url":"https:\/\/www.zigarren.zone\/wp-content\/uploads\/2025\/11\/the_vault_2025_launch_intartabak_img_0882.jpg","jetpack_sharing_enabled":true,"_links":{"self":[{"href":"https:\/\/www.zigarren.zone\/es\/wp-json\/wp\/v2\/posts\/76114","targetHints":{"allow":["GET"]}}],"collection":[{"href":"https:\/\/www.zigarren.zone\/es\/wp-json\/wp\/v2\/posts"}],"about":[{"href":"https:\/\/www.zigarren.zone\/es\/wp-json\/wp\/v2\/types\/post"}],"author":[{"embeddable":true,"href":"https:\/\/www.zigarren.zone\/es\/wp-json\/wp\/v2\/users\/2"}],"replies":[{"embeddable":true,"href":"https:\/\/www.zigarren.zone\/es\/wp-json\/wp\/v2\/comments?post=76114"}],"version-history":[{"count":15,"href":"https:\/\/www.zigarren.zone\/es\/wp-json\/wp\/v2\/posts\/76114\/revisions"}],"predecessor-version":[{"id":76145,"href":"https:\/\/www.zigarren.zone\/es\/wp-json\/wp\/v2\/posts\/76114\/revisions\/76145"}],"wp:featuredmedia":[{"embeddable":true,"href":"https:\/\/www.zigarren.zone\/es\/wp-json\/wp\/v2\/media\/76128"}],"wp:attachment":[{"href":"https:\/\/www.zigarren.zone\/es\/wp-json\/wp\/v2\/media?parent=76114"}],"wp:term":[{"taxonomy":"category","embeddable":true,"href":"https:\/\/www.zigarren.zone\/es\/wp-json\/wp\/v2\/categories?post=76114"},{"taxonomy":"post_tag","embeddable":true,"href":"https:\/\/www.zigarren.zone\/es\/wp-json\/wp\/v2\/tags?post=76114"}],"curies":[{"name":"wp","href":"https:\/\/api.w.org\/{rel}","templated":true}]}}