{"id":73457,"date":"2025-04-21T12:37:35","date_gmt":"2025-04-21T10:37:35","guid":{"rendered":"https:\/\/www.zigarren.zone\/?p=73457"},"modified":"2025-05-08T08:14:38","modified_gmt":"2025-05-08T06:14:38","slug":"semana-santa-redes-sociales","status":"publish","type":"post","link":"https:\/\/www.zigarren.zone\/es\/ostern-social-media\/","title":{"rendered":"Redes sociales para Semana Santa: \u00bfpor qu\u00e9 lo hacemos?"},"content":{"rendered":"<p>Semana Santa en las redes sociales Me ha parecido ver 5432 felicitaciones de Pascua en las redes sociales. Todas amistosas. Todas coloridas. Todas con sabor a IA, conejitos de palo y un sentido de obligaci\u00f3n digital. \u00bfUn bonito ritual? Pero seamos sinceros: <strong>\u00bfPor qu\u00e9 esto s\u00f3lo ocurre en las redes sociales en Semana Santa y nunca en ning\u00fan otro momento? \u00bfUn martes, por ejemplo?<\/strong><\/p>\n\n\n\n<div class=\"wp-block-rank-math-toc-block\" id=\"rank-math-toc\"><h2>\u00cdndice<\/h2><nav><ul><li><a href=\"#ostern-social-media-wenn-der-algorithmus-zur-auferstehung-ruft\">Semana Santa en las redes sociales - Cuando el algoritmo llama a la resurrecci\u00f3n<\/a><\/li><li><a href=\"#was-ware-wenn-wir-einfach-mal-dienstag-sagen-wurden-ich-denk-an-dich\">\u00bfY si simplemente dij\u00e9ramos el martes: Estoy pensando en ti?<\/a><\/li><li><a href=\"#kleiner-impuls-handy-weg-du-schaffst-das\">Peque\u00f1o impulso: guarda el m\u00f3vil - \u00a1puedes hacerlo!<\/a><\/li><li><a href=\"#ostern-social-media-ist-wie-ein-einweg-smiley-nett-aber-nicht-nachhaltig\">Las redes sociales de Pascua son como una cara sonriente de usar y tirar: bonitas, pero no sostenibles<\/a><\/li><li><a href=\"#und-weiss-du-was\">\u00bfY sabes qu\u00e9?<\/a><\/li><li><a href=\"#frohen-dienstag\">\u00a1Feliz martes!<\/a><\/li><li><a href=\"#h-was-ist-deine-meinung-zu-diesem-beitrag-hinterlasse-uns-einen-kurzen-kommentar-ohne-registrierung-im-anschluss-an-diesen-beitrag\">\u00bfQu\u00e9 opinas de toda esta locura de felicitaciones de Pascua en las redes sociales, una bonita tradici\u00f3n o una felicitaci\u00f3n digital obligatoria con filtro de conejito? \u00a1D\u00e9janos un breve comentario! Sin registro, siguiendo este post.<\/a><\/li><li><a href=\"#ressourcen-zum-thema\">Recursos sobre el tema<\/a><\/li><\/ul><\/nav><\/div>\n\n\n\n<div style=\"height:50px\" aria-hidden=\"true\" class=\"wp-block-spacer\"><\/div>\n\n\n\n<figure class=\"wp-block-image size-full\"><img decoding=\"async\" width=\"1000\" height=\"985\" src=\"https:\/\/www.zigarren.zone\/wp-content\/uploads\/2025\/04\/cohiba_siglo_v_2012_.jpg\" alt=\"Pascua en las redes sociales. Cohiba Siglo V del a\u00f1o 2012.\" class=\"wp-image-73462\" srcset=\"https:\/\/www.zigarren.zone\/wp-content\/uploads\/2025\/04\/cohiba_siglo_v_2012_.jpg 1000w, https:\/\/www.zigarren.zone\/wp-content\/uploads\/2025\/04\/cohiba_siglo_v_2012_-768x756.jpg 768w, https:\/\/www.zigarren.zone\/wp-content\/uploads\/2025\/04\/cohiba_siglo_v_2012_-12x12.jpg 12w, https:\/\/www.zigarren.zone\/wp-content\/uploads\/2025\/04\/cohiba_siglo_v_2012_-624x615.jpg 624w\" sizes=\"(max-width: 1000px) 100vw, 1000px\" \/><\/figure>\n\n\n\n<div style=\"height:10px\" aria-hidden=\"true\" class=\"wp-block-spacer\"><\/div>\n\n\n\n<h4 class=\"wp-block-heading\" id=\"h-beschreibung-des-bildes\" style=\"font-size:1em\"><strong>\u00bfPascua en las redes sociales? \u00bfPor qu\u00e9 estamos haciendo esto? Me doy un capricho con un Cohiba Siglo V de 2012 y pienso.<\/strong><\/h4>\n\n\n\n<div style=\"height:50px\" aria-hidden=\"true\" class=\"wp-block-spacer\"><\/div>\n\n\n\n<h2 class=\"wp-block-heading\" id=\"ostern-social-media-wenn-der-algorithmus-zur-auferstehung-ruft\">Semana Santa en las redes sociales - Cuando el algoritmo llama a la resurrecci\u00f3n<\/h2>\n\n\n\n<p>Todos los a\u00f1os lo mismo:<br>El Viernes Santo sigue tranquilo.<br>Algo se est\u00e1 acumulando el s\u00e1bado.<br>Y entonces, <strong>Domingo por la ma\u00f1ana a las 08:00 en punto<\/strong>Internet explota:<br>Emojis de conejitos, filtros de huevos, im\u00e1genes motivadoras con citas b\u00edblicas y conejitos de Pascua con puros.<\/p>\n\n\n\n<p>\u00bfY t\u00fa?<br>Justo en el centro.<br>Inundado de posts que irradian tanta cercan\u00eda como una impresora t\u00e9rmica en mal funcionamiento.<\/p>\n\n\n\n<h2 class=\"wp-block-heading\" id=\"was-ware-wenn-wir-einfach-mal-dienstag-sagen-wurden-ich-denk-an-dich\">\u00bfY si simplemente dij\u00e9ramos el martes: Estoy pensando en ti?<\/h2>\n\n\n\n<p>Seamos sinceros:<br>\u00bfPor qu\u00e9 necesitamos un d\u00eda festivo para desear lo mejor a los dem\u00e1s?<\/p>\n\n\n\n<p>Por qu\u00e9 no escribir el 22 de abril a las 14:17:<br>\"Espero que tu caf\u00e9 estuviera bueno. Y que tu Wi-Fi fuera estable\".<br>Sin hashtags. Sin carnicer\u00eda gr\u00e1fica de IA. Sin compulsi\u00f3n.<br><\/p>\n\n\n\n<p><em><strong>S\u00f3lo... humanidad.<\/strong><\/em><\/p>\n\n\n\n<p><strong><em>SIN limitarse a \"lanzar r\u00e1pidamente la felicitaci\u00f3n de Pascua de la IA, darle a ..... y ya est\u00e1. Deber cumplido\".<\/em><\/strong><\/p>\n\n\n\n<h2 class=\"wp-block-heading\" id=\"kleiner-impuls-handy-weg-du-schaffst-das\">Peque\u00f1o impulso: guarda el m\u00f3vil - \u00a1puedes hacerlo!<\/h2>\n\n\n\n<p>Int\u00e9ntalo:<br>Pon el m\u00f3vil <strong><em>durante 10 minutos<\/em><\/strong> a un lado.<br>Sin mensajes. Sin Insta-scrolling. Sin contenido de conejitos.<\/p>\n\n\n\n<p>Despu\u00e9s podr\u00e1s volver a ponerte al d\u00eda.<br>Estresarse durante 20 minutos con historias, tuits, retuits y chats de grupo.<br>Y luego sentir...<br><strong>a\u00fan m\u00e1s estresado que antes.<\/strong><\/p>\n\n\n\n<p><strong><em>Misi\u00f3n cumplida.<\/em><\/strong> <\/p>\n\n\n\n<p>\ud83d\ude02<\/p>\n\n\n\n<h2 class=\"wp-block-heading\" id=\"ostern-social-media-ist-wie-ein-einweg-smiley-nett-aber-nicht-nachhaltig\">Las redes sociales de Pascua son como una cara sonriente de usar y tirar: bonitas, pero no sostenibles<\/h2>\n\n\n\n<p>Me gustan los saludos. De verdad.<br>Pero quiz\u00e1 empecemos, <strong><em>ser real en el medio<\/em><\/strong>.<br>Incluso sin filtro de vacaciones.<\/p>\n\n\n\n<p style=\"font-size:1em\">Y si eso no funciona -<br>entonces enciende un puro.<br>No necesita un calendario.<br>S\u00f3lo paz y tranquilidad. Y un mechero para tu puro.<\/p>\n\n\n\n<p style=\"font-size:1em\">Estoy muy satisfecho con mi \u00faltimo bolet\u00edn, y no (s\u00f3lo) por los elogios. Aunque: un poco de caricias al ego est\u00e1 bien. \ud83d\ude05<br>Pero fue la respuesta por correo electr\u00f3nico lo que marc\u00f3 la diferencia.<br>La gente me ha dado las gracias por un texto que les ha hecho re\u00edr. Y, al mismo tiempo, les ha hecho reflexionar.<br>Y entonces pens\u00e9: tal vez esto tenga sentido. Tal vez lo tiene.<\/p>\n\n\n\n<h2 class=\"wp-block-heading\" id=\"und-weiss-du-was\">\u00bfY sabes qu\u00e9?<\/h2>\n\n\n\n<p>Ahora voy a encender un puro.<br>No por protestar. Ni por recompensa.<br>Simplemente porque <em><strong>no vibra<\/strong>, <strong>no pita<\/strong>, <strong>no se enciende<\/strong><\/em><br>y no me pregunta si ya he dado 8.000 pasos hoy.<\/p>\n\n\n\n<p>Simplemente est\u00e1 ah\u00ed.<br>Despacio. Con calma.<br><strong><em><span style=\"text-decoration: underline;\">Un dedo coraz\u00f3n anal\u00f3gico contra la hipercomunicaci\u00f3n navide\u00f1a.<\/span><\/em><\/strong><\/p>\n\n\n\n<p>\ud83d\ude02<\/p>\n\n\n\n<h2 class=\"wp-block-heading\" id=\"frohen-dienstag\">\u00a1Feliz martes!<\/h2>\n\n\n\n<p>O el d\u00eda que sea.<br><strong><span style=\"text-decoration: underline;\"><em>Pensando en ti. Sin un hashtag. Sin un like.<\/em><\/span><\/strong><br>S\u00f3lo con el humo de mi puro.<\/p>\n\n\n\n<h2 class=\"wp-block-heading\" id=\"h-was-ist-deine-meinung-zu-diesem-beitrag-hinterlasse-uns-einen-kurzen-kommentar-ohne-registrierung-im-anschluss-an-diesen-beitrag\">\u00bfQu\u00e9 opinas de toda esta locura de felicitaciones de Pascua en las redes sociales, una bonita tradici\u00f3n o una felicitaci\u00f3n digital obligatoria con filtro de conejito? \u00a1D\u00e9janos un breve comentario! Sin registro, siguiendo este post.<\/h2>\n\n\n\n<div style=\"height:50px\" aria-hidden=\"true\" class=\"wp-block-spacer\"><\/div>\n\n\n\n<h2 class=\"wp-block-heading\" id=\"ressourcen-zum-thema\">Recursos sobre el tema<\/h2>\n\n\n\n<p><a href=\"https:\/\/thelento.com\/\" target=\"_blank\" rel=\"noopener\">EL LENTO: Para la gente que no quiere ir m\u00e1s r\u00e1pido<\/a><\/p>\n\n\n\n<p><a href=\"https:\/\/www.zigarren.zone\/de\/tag\/themenwoche\/\">Semana tem\u00e1tica en Zigarren.Zone<\/a><\/p>\n\n\n\n<div style=\"height:50px\" aria-hidden=\"true\" class=\"wp-block-spacer\"><\/div>\n\n\n\n<figure class=\"wp-block-image size-full is-resized\"><img decoding=\"async\" width=\"472\" height=\"708\" src=\"https:\/\/www.zigarren.zone\/wp-content\/uploads\/2024\/05\/vasilij_100_csf54279.jpg\" alt=\"\" class=\"wp-image-73395\" style=\"aspect-ratio:1;object-fit:contain;width:359px;height:auto\" srcset=\"https:\/\/www.zigarren.zone\/wp-content\/uploads\/2024\/05\/vasilij_100_csf54279.jpg 472w, https:\/\/www.zigarren.zone\/wp-content\/uploads\/2024\/05\/vasilij_100_csf54279-8x12.jpg 8w\" sizes=\"(max-width: 472px) 100vw, 472px\" \/><\/figure>\n\n\n\n<p><strong><strong>M\u00e1s humo. Conmigo.<\/strong><\/strong><\/p>\n\n\n\n<p>YOUTUBE \ud83d\udcfa <a href=\"https:\/\/www.youtube.com\/@genussmitvasilij\" target=\"_blank\" rel=\"noreferrer noopener\">@genussmitvasilij\u00a0<\/a>\u00a0<\/p>\n\n\n\n<p>INSTAGRAM \ud83d\udcf8 <a href=\"https:\/\/www.instagram.com\/v4silij\/\" target=\"_blank\" rel=\"noreferrer noopener\">@v4silij\u00a0<\/a>\u00a0<\/p>\n\n\n\n<p>INSTAGRAM \ud83d\udcf8 <a href=\"https:\/\/www.instagram.com\/zigarrenzone\/\" target=\"_blank\" rel=\"noreferrer noopener\">@zigarrenzone\u00a0<\/a>\u00a0<\/p>\n\n\n\n<div style=\"height:50px\" aria-hidden=\"true\" class=\"wp-block-spacer\"><\/div>","protected":false},"excerpt":{"rendered":"<p>Semana Santa en las redes sociales Me ha parecido ver 5432 felicitaciones de Pascua en las redes sociales. Todas amistosas. Todas coloridas. Todas con...<\/p>","protected":false},"author":2,"featured_media":73476,"comment_status":"open","ping_status":"closed","sticky":false,"template":"","format":"standard","meta":{"jetpack_post_was_ever_published":false,"_jetpack_newsletter_access":"","_jetpack_dont_email_post_to_subs":false,"_jetpack_newsletter_tier_id":0,"_jetpack_memberships_contains_paywalled_content":false,"_jetpack_memberships_contains_paid_content":false,"footnotes":""},"categories":[662],"tags":[6644,6647],"class_list":["post-73457","post","type-post","status-publish","format-standard","has-post-thumbnail","hentry","category-marktplatz","tag-digitale-feiertagskultur","tag-review",""],"jetpack_featured_media_url":"https:\/\/www.zigarren.zone\/wp-content\/uploads\/2025\/04\/cover_ostern_social_media_blog.jpg","jetpack_sharing_enabled":true,"_links":{"self":[{"href":"https:\/\/www.zigarren.zone\/es\/wp-json\/wp\/v2\/posts\/73457","targetHints":{"allow":["GET"]}}],"collection":[{"href":"https:\/\/www.zigarren.zone\/es\/wp-json\/wp\/v2\/posts"}],"about":[{"href":"https:\/\/www.zigarren.zone\/es\/wp-json\/wp\/v2\/types\/post"}],"author":[{"embeddable":true,"href":"https:\/\/www.zigarren.zone\/es\/wp-json\/wp\/v2\/users\/2"}],"replies":[{"embeddable":true,"href":"https:\/\/www.zigarren.zone\/es\/wp-json\/wp\/v2\/comments?post=73457"}],"version-history":[{"count":0,"href":"https:\/\/www.zigarren.zone\/es\/wp-json\/wp\/v2\/posts\/73457\/revisions"}],"wp:featuredmedia":[{"embeddable":true,"href":"https:\/\/www.zigarren.zone\/es\/wp-json\/wp\/v2\/media\/73476"}],"wp:attachment":[{"href":"https:\/\/www.zigarren.zone\/es\/wp-json\/wp\/v2\/media?parent=73457"}],"wp:term":[{"taxonomy":"category","embeddable":true,"href":"https:\/\/www.zigarren.zone\/es\/wp-json\/wp\/v2\/categories?post=73457"},{"taxonomy":"post_tag","embeddable":true,"href":"https:\/\/www.zigarren.zone\/es\/wp-json\/wp\/v2\/tags?post=73457"}],"curies":[{"name":"wp","href":"https:\/\/api.w.org\/{rel}","templated":true}]}}