{"id":72966,"date":"2025-02-06T21:37:56","date_gmt":"2025-02-06T20:37:56","guid":{"rendered":"https:\/\/www.zigarren.zone\/?p=72966"},"modified":"2025-02-06T21:37:58","modified_gmt":"2025-02-06T20:37:58","slug":"nueva-vegafina-linea-serie-2-short-magnum-pequena-pero-potente","status":"publish","type":"post","link":"https:\/\/www.zigarren.zone\/es\/neu-vegafina-linea-serie-2-short-magnum-klein-aber-oho\/","title":{"rendered":"NUEVO: VegaFina L\u00ednea Serie 2 Short Magnum - Peque\u00f1a pero poderosa."},"content":{"rendered":"<p class=\"has-medium-font-size\"><strong>VegaFina presenta ahora el nuevo Magnum Corto de la redise\u00f1ada L\u00ednea Serie 2 (antes Fortaleza 2). Los formatos de VegaFina L\u00ednea Serie 2 se elaboran con un coupage ligeramente m\u00e1s fuerte y complejo que el de L\u00ednea Cl\u00e1sica. L\u00ednea Serie 2 indica que esta mezcla es un paso m\u00e1s fuerte que la de la L\u00ednea Cl\u00e1sica cl\u00e1sica.<\/strong><\/p>\n\n\n\n<div style=\"height:50px\" aria-hidden=\"true\" class=\"wp-block-spacer\"><\/div>\n\n\n\n<figure class=\"wp-block-image size-full\"><img decoding=\"async\" width=\"1000\" height=\"755\" src=\"https:\/\/www.zigarren.zone\/wp-content\/uploads\/2025\/02\/vegafina_f2_short_magnum_02.jpg\" alt=\"\" class=\"wp-image-72969\" srcset=\"https:\/\/www.zigarren.zone\/wp-content\/uploads\/2025\/02\/vegafina_f2_short_magnum_02.jpg 1000w, https:\/\/www.zigarren.zone\/wp-content\/uploads\/2025\/02\/vegafina_f2_short_magnum_02-768x580.jpg 768w, https:\/\/www.zigarren.zone\/wp-content\/uploads\/2025\/02\/vegafina_f2_short_magnum_02-16x12.jpg 16w, https:\/\/www.zigarren.zone\/wp-content\/uploads\/2025\/02\/vegafina_f2_short_magnum_02-624x471.jpg 624w\" sizes=\"(max-width: 1000px) 100vw, 1000px\" \/><\/figure>\n\n\n\n<div style=\"height:10px\" aria-hidden=\"true\" class=\"wp-block-spacer\"><\/div>\n\n\n\n<h4 class=\"wp-block-heading\" id=\"h-mit-einem-stattlichen-ringmass-von-54-und-einer-lange-von-nur-110-millimeter-bietet-die-neue-short-magnum-dem-aficionado-bis-zu-einer-stunde-aromatisches-rauchvergnugen\" style=\"font-size:1em\"><strong>Con un impresionante calibre anular de 54 y una longitud de s\u00f3lo 110 mil\u00edmetros, la nueva Short Magnum ofrece a los aficionados hasta una hora de arom\u00e1tico placer de fumar.<\/strong><\/h4>\n\n\n\n<div style=\"height:50px\" aria-hidden=\"true\" class=\"wp-block-spacer\"><\/div>\n\n\n\n<p style=\"font-size:1em\">Los puros Serie 2, de cuerpo suave a medio, est\u00e1n envueltos en una capa aceitosa Criollo de M\u00e9xico e impresionan por su sabor especialmente equilibrado y sus sutiles notas de madera de cedro, cuero y caf\u00e9. La L\u00ednea Serie 2 se ampl\u00eda ahora con el formato Short Magnum. Con un impresionante calibre de 54 y una longitud de s\u00f3lo 110 mil\u00edmetros, el nuevo Short Magnum ofrece a los aficionados hasta una hora de placer arom\u00e1tico.<\/p>\n\n\n\n<p style=\"font-size:1em\">Los nuevos Short Magnum ya est\u00e1n disponibles en cajas habilitadas de 25 unidades en estancos seleccionados. Con un precio de venta al p\u00fablico de 7,80 \u20ac cada uno, la marca VegaFina demuestra una vez m\u00e1s su excelente relaci\u00f3n calidad-precio.<\/p>\n\n\n\n<p><strong>Notas de cata<\/strong><\/p>\n\n\n\n<ul class=\"wp-block-list\">\n<li>Hoja de envoltura: casi Maduro, aceitosa y brillante<\/li>\n\n\n\n<li>Intensidad: ligera - media<\/li>\n\n\n\n<li>Sabor: madera ahumada, cuero, caf\u00e9, fondo ligeramente dulce<\/li>\n\n\n\n<li>Sabor: Frutos secos con notas de caf\u00e9,<\/li>\n\n\n\n<li>almendras tostadas y saladas, cacao, canela,<\/li>\n\n\n\n<li>Vainilla y un poco de melaza<\/li>\n\n\n\n<li>Tren: bien<\/li>\n\n\n\n<li>Quemado: uniforme y homog\u00e9neo durante todo el proceso de ahumado<\/li>\n\n\n\n<li>Fresno: gris medio mate, muy compacto, estable<\/li>\n\n\n\n<li>Tiempo de ahumado: aprox. 50 - 60 minutos<\/li>\n<\/ul>\n\n\n\n<h2 class=\"wp-block-heading\" id=\"h-was-ist-deine-meinung-zur-vegafina-linea-serie-2-short-magnum-hinterlasse-uns-einen-kurzen-kommentar-ohne-registrierung-im-anschluss-an-diesen-beitrag\">\u00bfCu\u00e1l es tu opini\u00f3n sobre la VegaFina L\u00ednea Serie 2 Short Magnum? \u00a1D\u00e9janos un breve comentario! Sin registro, siguiendo este post.<\/h2>\n\n\n\n<div style=\"height:50px\" aria-hidden=\"true\" class=\"wp-block-spacer\"><\/div>\n\n\n\n<h2 class=\"wp-block-heading\" id=\"ressourcen-zum-thema\">Recursos sobre el tema y la compra de puros<\/h2>\n\n\n\n<p><a href=\"https:\/\/www.google.com\/search?q=VegaFina+L%C3%ADnea+Serie+2+Short+Magnum\" target=\"_blank\" rel=\"noreferrer noopener\">Buscar VegaFina L\u00ednea Serie 2 Short Magnum en Google<\/a><\/p>\n\n\n\n<div style=\"height:50px\" aria-hidden=\"true\" class=\"wp-block-spacer\"><\/div>\n\n\n\n<h2 class=\"wp-block-heading\" id=\"h-das-konnte-dich-auch-interessieren\">Esto tambi\u00e9n podr\u00eda interesarle<\/h2>\n\n\n\n<p style=\"font-size:1em\"><a href=\"https:\/\/www.zigarren.zone\/de\/tag\/vegafina\/\">M\u00e1s art\u00edculos sobre VegaFina en Zigarren.Zone<\/a><\/p>\n\n\n\n<div style=\"height:50px\" aria-hidden=\"true\" class=\"wp-block-spacer\"><\/div>\n\n\n\n<figure class=\"wp-block-image size-full is-resized\"><img decoding=\"async\" width=\"472\" height=\"708\" src=\"https:\/\/www.zigarren.zone\/wp-content\/uploads\/2024\/05\/vasilij_100_csf54279.jpg\" alt=\"\" class=\"wp-image-73395\" style=\"aspect-ratio:1;object-fit:contain;width:359px;height:auto\" srcset=\"https:\/\/www.zigarren.zone\/wp-content\/uploads\/2024\/05\/vasilij_100_csf54279.jpg 472w, https:\/\/www.zigarren.zone\/wp-content\/uploads\/2024\/05\/vasilij_100_csf54279-8x12.jpg 8w\" sizes=\"(max-width: 472px) 100vw, 472px\" \/><\/figure>\n\n\n\n<p><strong><strong>M\u00e1s humo. Conmigo.<\/strong><\/strong><\/p>\n\n\n\n<p>YOUTUBE \ud83d\udcfa <a href=\"https:\/\/www.youtube.com\/@genussmitvasilij\" target=\"_blank\" rel=\"noreferrer noopener\">@genussmitvasilij\u00a0<\/a>\u00a0<\/p>\n\n\n\n<p>INSTAGRAM \ud83d\udcf8 <a href=\"https:\/\/www.instagram.com\/v4silij\/\" target=\"_blank\" rel=\"noreferrer noopener\">@v4silij\u00a0<\/a>\u00a0<\/p>\n\n\n\n<p>INSTAGRAM \ud83d\udcf8 <a href=\"https:\/\/www.instagram.com\/zigarrenzone\/\" target=\"_blank\" rel=\"noreferrer noopener\">@zigarrenzone\u00a0<\/a>\u00a0<\/p>\n\n\n\n<div style=\"height:50px\" aria-hidden=\"true\" class=\"wp-block-spacer\"><\/div>","protected":false},"excerpt":{"rendered":"<p>VegaFina presenta el nuevo Magnum Corto de la redise\u00f1ada L\u00ednea Serie 2 (antes Fortaleza 2). Los formatos de la VegaFina L\u00ednea Serie 2 son...<\/p>","protected":false},"author":2,"featured_media":72968,"comment_status":"open","ping_status":"closed","sticky":false,"template":"","format":"standard","meta":{"jetpack_post_was_ever_published":false,"_jetpack_newsletter_access":"","_jetpack_dont_email_post_to_subs":false,"_jetpack_newsletter_tier_id":0,"_jetpack_memberships_contains_paywalled_content":false,"_jetpack_memberships_contains_paid_content":false,"footnotes":""},"categories":[662],"tags":[6286],"class_list":["post-72966","post","type-post","status-publish","format-standard","has-post-thumbnail","hentry","category-marktplatz","tag-vegafina",""],"jetpack_featured_media_url":"https:\/\/www.zigarren.zone\/wp-content\/uploads\/2025\/02\/vegafina_f2_short_magnum_01_cover.jpg","jetpack_sharing_enabled":true,"_links":{"self":[{"href":"https:\/\/www.zigarren.zone\/es\/wp-json\/wp\/v2\/posts\/72966","targetHints":{"allow":["GET"]}}],"collection":[{"href":"https:\/\/www.zigarren.zone\/es\/wp-json\/wp\/v2\/posts"}],"about":[{"href":"https:\/\/www.zigarren.zone\/es\/wp-json\/wp\/v2\/types\/post"}],"author":[{"embeddable":true,"href":"https:\/\/www.zigarren.zone\/es\/wp-json\/wp\/v2\/users\/2"}],"replies":[{"embeddable":true,"href":"https:\/\/www.zigarren.zone\/es\/wp-json\/wp\/v2\/comments?post=72966"}],"version-history":[{"count":0,"href":"https:\/\/www.zigarren.zone\/es\/wp-json\/wp\/v2\/posts\/72966\/revisions"}],"wp:featuredmedia":[{"embeddable":true,"href":"https:\/\/www.zigarren.zone\/es\/wp-json\/wp\/v2\/media\/72968"}],"wp:attachment":[{"href":"https:\/\/www.zigarren.zone\/es\/wp-json\/wp\/v2\/media?parent=72966"}],"wp:term":[{"taxonomy":"category","embeddable":true,"href":"https:\/\/www.zigarren.zone\/es\/wp-json\/wp\/v2\/categories?post=72966"},{"taxonomy":"post_tag","embeddable":true,"href":"https:\/\/www.zigarren.zone\/es\/wp-json\/wp\/v2\/tags?post=72966"}],"curies":[{"name":"wp","href":"https:\/\/api.w.org\/{rel}","templated":true}]}}