{"id":71724,"date":"2024-09-30T13:40:50","date_gmt":"2024-09-30T11:40:50","guid":{"rendered":"https:\/\/www.zigarren.zone\/?p=71724"},"modified":"2025-08-21T22:48:54","modified_gmt":"2025-08-21T20:48:54","slug":"feria-del-tabaco-24-la-magia-de-casa-cuevas-y-valentino-siesto","status":"publish","type":"post","link":"https:\/\/www.zigarren.zone\/es\/feria-del-tabaco-24-die-magie-hinter-casa-cuevas-und-valentino-siesto\/","title":{"rendered":"Feria del Tabaco 24: La magia de Casa Cuevas y Valentino Siesto"},"content":{"rendered":"<p><strong>Aqu\u00ed, en el stand de Uniportis, percibo inmediatamente que no se trata s\u00f3lo de puros. Aqu\u00ed se respira la cultura del puro. Es como si el propio aire oliera a historias de tradici\u00f3n y artesan\u00eda. Frente a m\u00ed est\u00e1 Salvatore Schaffner, que vive en este mundo y lo representa con pasi\u00f3n. Estoy impaciente por ver lo que sacar\u00e1 hoy de su chistera m\u00e1gica.<\/strong><\/p>\n\n\n\n<p class=\"yoast-reading-time__wrapper\"><span class=\"yoast-reading-time__icon\"><svg aria-hidden=\"true\" focusable=\"false\" data-icon=\"clock\" width=\"20\" height=\"20\" fill=\"none\" stroke=\"currentColor\" style=\"display:inline-block;vertical-align:-0.1em\" role=\"img\" xmlns=\"http:\/\/www.w3.org\/2000\/svg\" viewbox=\"0 0 24 24\"><path stroke-linecap=\"round\" stroke-linejoin=\"round\" stroke-width=\"2\" d=\"M12 8v4l3 3m6-3a9 9 0 11-18 0 9 9 0 0118 0z\"><\/path><\/svg><\/span><span class=\"yoast-reading-time__spacer\" style=\"display:inline-block;width:1em\"><\/span><span class=\"yoast-reading-time__reading-time\">5<\/span><span class=\"yoast-reading-time__time-unit\"> Actas<\/span><\/p>\n\n\n\n<div class=\"wp-block-yoast-seo-table-of-contents yoast-table-of-contents\"><h2>\u00cdndice<\/h2><ul><li><a href=\"#h-casa-cuevas-vier-generationen-purer-zigarrenzauber-von-kuba-bis-in-die-dominikanische-republik\" data-level=\"2\">Casa Cuevas: Cuatro generaciones de pura magia - De Cuba a la Rep\u00fablica Dominicana<\/a><\/li><li><a href=\"#h-valentino-siesto-vom-juwelier-zum-zigarren-maestro-wo-luxus-auf-genuss-trifft\" data-level=\"2\">Valentino Siesto: de joyero a maestro tabaquero: el lujo se une a la indulgencia<\/a><\/li><li><a href=\"#h-was-meinst-du-dazu\" data-level=\"2\">\u00bfQu\u00e9 le parece?<\/a><\/li><li><a href=\"#ressourcen-zum-thema\" data-level=\"2\">Recursos sobre el tema<\/a><\/li><\/ul><\/div>\n\n\n\n<hr class=\"wp-block-separator has-css-opacity is-style-default\"\/>\n\n\n\n<figure class=\"wp-block-image size-full\"><img decoding=\"async\" width=\"1000\" height=\"648\" src=\"https:\/\/www.zigarren.zone\/wp-content\/uploads\/2024\/09\/fdt_header_WEB.jpg\" alt=\"\" class=\"wp-image-71706\" srcset=\"https:\/\/www.zigarren.zone\/wp-content\/uploads\/2024\/09\/fdt_header_WEB.jpg 1000w, https:\/\/www.zigarren.zone\/wp-content\/uploads\/2024\/09\/fdt_header_WEB-768x498.jpg 768w, https:\/\/www.zigarren.zone\/wp-content\/uploads\/2024\/09\/fdt_header_WEB-18x12.jpg 18w\" sizes=\"(max-width: 1000px) 100vw, 1000px\" \/><\/figure>\n\n\n\n<p>Una exposici\u00f3n interna \u00fanica en Z\u00farich: MANUEL'S re\u00fane a importadores y aficionados a los puros durante dos agradables d\u00edas en su Feria del Tabaco.<\/p>\n\n\n\n<p>MANUEL'S Feria del Tabaco de Z\u00farich invita a los amantes de los puros a descubrir el mundo del puro en una exclusiva exposici\u00f3n interna. Numerosos importadores de puros presentan sus tesoros durante dos d\u00edas, un evento que tiene lugar todos los a\u00f1os justo despu\u00e9s de InterTabac.<\/p>\n\n\n\n<hr class=\"wp-block-separator has-css-opacity is-style-default\"\/>\n\n\n\n<div style=\"height:50px\" aria-hidden=\"true\" class=\"wp-block-spacer\"><\/div>\n\n\n\n<h2 class=\"wp-block-heading\" id=\"h-casa-cuevas-vier-generationen-purer-zigarrenzauber-von-kuba-bis-in-die-dominikanische-republik\">Casa Cuevas: Cuatro generaciones de pura magia - De Cuba a la Rep\u00fablica Dominicana<\/h2>\n\n\n\n<p>\"Hoy te acompa\u00f1an Casa Cuevas y Valentino Siesto\", digo con curiosidad mientras intento captar la tensi\u00f3n que se respira en el ambiente. \"Pero en Casa Cuevas hay algo muy especial, \u00bfno?\".<\/p>\n\n\n\n<div style=\"height:50px\" aria-hidden=\"true\" class=\"wp-block-spacer\"><\/div>\n\n\n\n<figure class=\"wp-block-image size-full\"><img decoding=\"async\" width=\"1000\" height=\"563\" src=\"https:\/\/www.zigarren.zone\/wp-content\/uploads\/2024\/09\/uniportis_1.jpg\" alt=\"\" class=\"wp-image-71774\" srcset=\"https:\/\/www.zigarren.zone\/wp-content\/uploads\/2024\/09\/uniportis_1.jpg 1000w, https:\/\/www.zigarren.zone\/wp-content\/uploads\/2024\/09\/uniportis_1-768x432.jpg 768w, https:\/\/www.zigarren.zone\/wp-content\/uploads\/2024\/09\/uniportis_1-18x10.jpg 18w\" sizes=\"(max-width: 1000px) 100vw, 1000px\" \/><\/figure>\n\n\n\n<div style=\"height:50px\" aria-hidden=\"true\" class=\"wp-block-spacer\"><\/div>\n\n\n\n<p>Salvatore sonr\u00ede con picard\u00eda y le brillan los ojos. \"S\u00ed, desde luego\", dice, y se nota que me espera una historia. \"Casa Cuevas son cuatro generaciones de puro arte. Imag\u00ednese, esta familia espa\u00f1ola lleva d\u00e9cadas fabricando puros en Cuba. Pero cuando se marcharon a la Rep\u00fablica Dominicana tras la revoluci\u00f3n, no s\u00f3lo hicieron las maletas, sino que se llevaron sus ra\u00edces con ellos. Incluso replantaron las semillas de tabaco. Y a d\u00eda de hoy, amigo m\u00edo, producen con la misma pasi\u00f3n que hace m\u00e1s de 100 a\u00f1os. Pura tradici\u00f3n en cada puro\".<\/p>\n\n\n\n<p>Estoy impresionado: esto no es s\u00f3lo historia, es una saga \u00e9pica envuelta en hojas de tabaco.<\/p>\n\n\n\n<h2 class=\"wp-block-heading\" id=\"h-valentino-siesto-vom-juwelier-zum-zigarren-maestro-wo-luxus-auf-genuss-trifft\">Valentino Siesto: de joyero a maestro tabaquero: el lujo se une a la indulgencia<\/h2>\n\n\n\n<p>Mientras Salvatore sigue hablando, mi mirada se desv\u00eda hacia el otro lado del stand. Me llaman la atenci\u00f3n unas cajas dise\u00f1adas con mucho arte, como peque\u00f1os cofres del tesoro esperando a ser abiertos.<\/p>\n\n\n\n<div style=\"height:50px\" aria-hidden=\"true\" class=\"wp-block-spacer\"><\/div>\n\n\n\n<figure class=\"wp-block-image size-full\"><img decoding=\"async\" width=\"1000\" height=\"563\" src=\"https:\/\/www.zigarren.zone\/wp-content\/uploads\/2024\/09\/uniportis_2.jpg\" alt=\"\" class=\"wp-image-71775\" srcset=\"https:\/\/www.zigarren.zone\/wp-content\/uploads\/2024\/09\/uniportis_2.jpg 1000w, https:\/\/www.zigarren.zone\/wp-content\/uploads\/2024\/09\/uniportis_2-768x432.jpg 768w, https:\/\/www.zigarren.zone\/wp-content\/uploads\/2024\/09\/uniportis_2-18x10.jpg 18w\" sizes=\"(max-width: 1000px) 100vw, 1000px\" \/><\/figure>\n\n\n\n<div style=\"height:50px\" aria-hidden=\"true\" class=\"wp-block-spacer\"><\/div>\n\n\n\n<p>\"\u00bfY Valentino Siesto?\", pregunto sin poder evitar quedarme fascinada por la opulencia de las cajas. \"\u00a1Parecen peque\u00f1as obras de arte!\".<\/p>\n\n\n\n<p>Salvatore sonr\u00ede con complicidad. \"Ah, Valentino Siesto - el maestro del estilo. Un hombre con buen ojo para la belleza. Un joyero italiano que lleg\u00f3 a la Rep\u00fablica Dominicana hace diez a\u00f1os. Y adivinen qu\u00e9: su sentido del lujo y el detalle es evidente en todo lo que toca. Cada puro que crea es una obra maestra. Las cajas, las envolturas... todo tiene que ser perfecto. Es como si tallara cada puro como una piedra preciosa hasta que queda impecable\".<\/p>\n\n\n\n<p>\"\u00a1Las cajas est\u00e1n realmente elaboradas!\", digo mientras admiro una de las cajas. \"Se nota la atenci\u00f3n al detalle\". \"Exacto\", coincide Salvatore. \"Estos puros no son s\u00f3lo para fumar. Son una fiesta para los sentidos: una combinaci\u00f3n de tradici\u00f3n, artesan\u00eda y arte puro\".<\/p>\n\n\n\n<p style=\"font-size:1em\">Y entonces me paro all\u00ed, en medio de este mundo de puros, y me doy cuenta: esto es algo m\u00e1s que tabaco. Es una declaraci\u00f3n de amor por la artesan\u00eda, el estilo y la pasi\u00f3n.<\/p>\n\n\n\n<div style=\"height:50px\" aria-hidden=\"true\" class=\"wp-block-spacer\"><\/div>\n\n\n\n<h2 class=\"wp-block-heading\" id=\"h-was-meinst-du-dazu\">\u00bfQu\u00e9 le parece?<\/h2>\n\n\n\n<p><a href=\"https:\/\/www.zigarren.zone\/de\/forum\/topic\/feria-del-tabaco-24-die-magie-hinter-casa-cuevas-und-valentino-siesto\/\">Esperamos tu opini\u00f3n. \u00a1Comenta esta entrada de blog con nosotros en el foro!<\/a><\/p>\n\n\n\n<div style=\"height:50px\" aria-hidden=\"true\" class=\"wp-block-spacer\"><\/div>\n\n\n\n<figure class=\"wp-block-image size-full\"><img decoding=\"async\" width=\"1000\" height=\"667\" src=\"https:\/\/www.zigarren.zone\/wp-content\/uploads\/2024\/09\/feria_del_tobac0_24_stock_8.jpg\" alt=\"Impresi\u00f3n de la Feria del Tabaco 2024 en MANUEL&#039;S.\" class=\"wp-image-71732\" srcset=\"https:\/\/www.zigarren.zone\/wp-content\/uploads\/2024\/09\/feria_del_tobac0_24_stock_8.jpg 1000w, https:\/\/www.zigarren.zone\/wp-content\/uploads\/2024\/09\/feria_del_tobac0_24_stock_8-768x512.jpg 768w, https:\/\/www.zigarren.zone\/wp-content\/uploads\/2024\/09\/feria_del_tobac0_24_stock_8-18x12.jpg 18w\" sizes=\"(max-width: 1000px) 100vw, 1000px\" \/><\/figure>\n\n\n\n<p>Impresi\u00f3n de la Feria del Tabaco 2024 en MANUEL'S.<\/p>\n\n\n\n<div style=\"height:50px\" aria-hidden=\"true\" class=\"wp-block-spacer\"><\/div>\n\n\n\n<p>Fotos: Alexa Moram (MANUEL'S) \/ Vasilij Ratej (Zigarren.Zone)<\/p>\n\n\n\n<h2 class=\"wp-block-heading\" id=\"ressourcen-zum-thema\">Recursos sobre el tema<\/h2>\n\n\n\n<p><a href=\"https:\/\/manuels.ch\/fdt2024\" target=\"_blank\" rel=\"noopener\">MANUEL'S Feria del Tabaco 2024<\/a><\/p>\n\n\n\n<div style=\"height:50px\" aria-hidden=\"true\" class=\"wp-block-spacer\"><\/div>\n\n\n\n<figure class=\"wp-block-image size-full is-resized\"><img decoding=\"async\" width=\"472\" height=\"708\" src=\"https:\/\/www.zigarren.zone\/wp-content\/uploads\/2024\/05\/vasilij_100_csf54279.jpg\" alt=\"\" class=\"wp-image-73395\" style=\"aspect-ratio:1;object-fit:contain;width:359px;height:auto\" srcset=\"https:\/\/www.zigarren.zone\/wp-content\/uploads\/2024\/05\/vasilij_100_csf54279.jpg 472w, https:\/\/www.zigarren.zone\/wp-content\/uploads\/2024\/05\/vasilij_100_csf54279-8x12.jpg 8w\" sizes=\"(max-width: 472px) 100vw, 472px\" \/><\/figure>\n\n\n\n<p><strong><strong>M\u00e1s humo. Conmigo.<\/strong><\/strong><\/p>\n\n\n\n<p>YOUTUBE \ud83d\udcfa <a href=\"https:\/\/www.youtube.com\/@genussmitvasilij\" target=\"_blank\" rel=\"noreferrer noopener\">@genussmitvasilij\u00a0<\/a>\u00a0<\/p>\n\n\n\n<p>INSTAGRAM \ud83d\udcf8 <a href=\"https:\/\/www.instagram.com\/v4silij\/\" target=\"_blank\" rel=\"noreferrer noopener\">@v4silij\u00a0<\/a>\u00a0<\/p>\n\n\n\n<p>INSTAGRAM \ud83d\udcf8 <a href=\"https:\/\/www.instagram.com\/zigarrenzone\/\" target=\"_blank\" rel=\"noreferrer noopener\">@zigarrenzone\u00a0<\/a>\u00a0<\/p>\n\n\n\n<div style=\"height:50px\" aria-hidden=\"true\" class=\"wp-block-spacer\"><\/div>","protected":false},"excerpt":{"rendered":"<p>Aqu\u00ed, en el stand de Uniportis, percibo inmediatamente que no se trata s\u00f3lo de puros. Aqu\u00ed se respira la cultura del puro. Es como si la...<\/p>","protected":false},"author":2,"featured_media":71776,"comment_status":"closed","ping_status":"closed","sticky":false,"template":"","format":"standard","meta":{"jetpack_post_was_ever_published":false,"_jetpack_newsletter_access":"","_jetpack_dont_email_post_to_subs":false,"_jetpack_newsletter_tier_id":0,"_jetpack_memberships_contains_paywalled_content":false,"_jetpack_memberships_contains_paid_content":false,"footnotes":""},"categories":[6291,662],"tags":[6601,6595,6596,6342,6603,6602],"class_list":["post-71724","post","type-post","status-publish","format-standard","has-post-thumbnail","hentry","category-event","category-marktplatz","tag-casa-cuevas","tag-feria-del-tabaco","tag-feria-del-tabaco-2024","tag-manuels","tag-uniportis","tag-valentino-siesto",""],"jetpack_featured_media_url":"https:\/\/www.zigarren.zone\/wp-content\/uploads\/2024\/09\/uniportis_3.jpg","jetpack_sharing_enabled":true,"_links":{"self":[{"href":"https:\/\/www.zigarren.zone\/es\/wp-json\/wp\/v2\/posts\/71724","targetHints":{"allow":["GET"]}}],"collection":[{"href":"https:\/\/www.zigarren.zone\/es\/wp-json\/wp\/v2\/posts"}],"about":[{"href":"https:\/\/www.zigarren.zone\/es\/wp-json\/wp\/v2\/types\/post"}],"author":[{"embeddable":true,"href":"https:\/\/www.zigarren.zone\/es\/wp-json\/wp\/v2\/users\/2"}],"replies":[{"embeddable":true,"href":"https:\/\/www.zigarren.zone\/es\/wp-json\/wp\/v2\/comments?post=71724"}],"version-history":[{"count":0,"href":"https:\/\/www.zigarren.zone\/es\/wp-json\/wp\/v2\/posts\/71724\/revisions"}],"wp:featuredmedia":[{"embeddable":true,"href":"https:\/\/www.zigarren.zone\/es\/wp-json\/wp\/v2\/media\/71776"}],"wp:attachment":[{"href":"https:\/\/www.zigarren.zone\/es\/wp-json\/wp\/v2\/media?parent=71724"}],"wp:term":[{"taxonomy":"category","embeddable":true,"href":"https:\/\/www.zigarren.zone\/es\/wp-json\/wp\/v2\/categories?post=71724"},{"taxonomy":"post_tag","embeddable":true,"href":"https:\/\/www.zigarren.zone\/es\/wp-json\/wp\/v2\/tags?post=71724"}],"curies":[{"name":"wp","href":"https:\/\/api.w.org\/{rel}","templated":true}]}}