{"id":71716,"date":"2024-09-30T13:45:22","date_gmt":"2024-09-30T11:45:22","guid":{"rendered":"https:\/\/www.zigarren.zone\/?p=71716"},"modified":"2025-08-21T22:48:53","modified_gmt":"2025-08-21T20:48:53","slug":"feria-del-tabaco-24-davidoff-la-banda-blanca-es-la-diferencia-comentarios-exclusivos-con-agron-ramadani","status":"publish","type":"post","link":"https:\/\/www.zigarren.zone\/es\/feria-del-tabaco-24-davidoff-the-white-band-is-the-difference-exklusive-einblicke-mit-agron-ramadani\/","title":{"rendered":"Feria del Tabaco 24: Davidoff - The White Band is The Difference - Impresiones exclusivas con Agron Ramadani"},"content":{"rendered":"<p><strong>Es un d\u00eda ajetreado en la Feria del Tabaco de MANUEL'S cuando me encuentro con el stand de Davidoff. Inmediatamente me recibe la energ\u00eda vibrante y la sonrisa entusiasta de Agron Ramadani. Se nota que el coraz\u00f3n de Davidoff late m\u00e1s r\u00e1pido aqu\u00ed. Y nada m\u00e1s estrecharnos la mano nos encontramos en plena conversaci\u00f3n sobre su campa\u00f1a \"La Diferencia\", en marcha desde 2023.<\/strong><\/p>\n\n\n\n<p class=\"yoast-reading-time__wrapper\"><span class=\"yoast-reading-time__icon\"><svg aria-hidden=\"true\" focusable=\"false\" data-icon=\"clock\" width=\"20\" height=\"20\" fill=\"none\" stroke=\"currentColor\" style=\"display:inline-block;vertical-align:-0.1em\" role=\"img\" xmlns=\"http:\/\/www.w3.org\/2000\/svg\" viewbox=\"0 0 24 24\"><path stroke-linecap=\"round\" stroke-linejoin=\"round\" stroke-width=\"2\" d=\"M12 8v4l3 3m6-3a9 9 0 11-18 0 9 9 0 0118 0z\"><\/path><\/svg><\/span><span class=\"yoast-reading-time__spacer\" style=\"display:inline-block;width:1em\"><\/span><span class=\"yoast-reading-time__reading-time\">5<\/span><span class=\"yoast-reading-time__time-unit\"> Actas<\/span><\/p>\n\n\n\n<div class=\"wp-block-yoast-seo-table-of-contents yoast-table-of-contents\"><h2>\u00cdndice<\/h2><ul><li><a href=\"#h-davidoff-s-meisterwerke-ein-blick-hinter-die-white-band-kampagne-und-die-neue-maduro\" data-level=\"2\">Las obras maestras de Davidoff: una mirada a la campa\u00f1a White Band y al nuevo Maduro<\/a><\/li><li><a href=\"#h-von-kalkstein-und-genuss-agron-ramadani-uber-davidoff-und-den-perfekten-zigarrengenuss\" data-level=\"2\">De piedra caliza y placer: Agron Ramadani sobre Davidoff y el disfrute perfecto del puro<\/a><\/li><li><a href=\"#h-was-meinst-du-dazu\" data-level=\"2\">\u00bfQu\u00e9 le parece?<\/a><\/li><li><a href=\"#ressourcen-zum-thema\" data-level=\"2\">Recursos sobre el tema<\/a><\/li><\/ul><\/div>\n\n\n\n<hr class=\"wp-block-separator has-css-opacity is-style-default\"\/>\n\n\n\n<figure class=\"wp-block-image size-full\"><img decoding=\"async\" width=\"1000\" height=\"648\" src=\"https:\/\/www.zigarren.zone\/wp-content\/uploads\/2024\/09\/fdt_header_WEB.jpg\" alt=\"\" class=\"wp-image-71706\" srcset=\"https:\/\/www.zigarren.zone\/wp-content\/uploads\/2024\/09\/fdt_header_WEB.jpg 1000w, https:\/\/www.zigarren.zone\/wp-content\/uploads\/2024\/09\/fdt_header_WEB-768x498.jpg 768w, https:\/\/www.zigarren.zone\/wp-content\/uploads\/2024\/09\/fdt_header_WEB-18x12.jpg 18w\" sizes=\"(max-width: 1000px) 100vw, 1000px\" \/><\/figure>\n\n\n\n<p>Una exposici\u00f3n interna \u00fanica en Z\u00farich: MANUEL'S re\u00fane a importadores y aficionados a los puros durante dos agradables d\u00edas en su Feria del Tabaco.<\/p>\n\n\n\n<p>MANUEL'S Feria del Tabaco de Z\u00farich invita a los amantes de los puros a descubrir el mundo del puro en una exclusiva exposici\u00f3n interna. Numerosos importadores de puros presentan sus tesoros durante dos d\u00edas, un evento que tiene lugar todos los a\u00f1os justo despu\u00e9s de InterTabac.<\/p>\n\n\n\n<hr class=\"wp-block-separator has-css-opacity is-style-default\"\/>\n\n\n\n<div style=\"height:50px\" aria-hidden=\"true\" class=\"wp-block-spacer\"><\/div>\n\n\n\n<h2 class=\"wp-block-heading\" id=\"h-davidoff-s-meisterwerke-ein-blick-hinter-die-white-band-kampagne-und-die-neue-maduro\">Las obras maestras de Davidoff: una mirada a la campa\u00f1a White Band y al nuevo Maduro<\/h2>\n\n\n\n<div style=\"height:50px\" aria-hidden=\"true\" class=\"wp-block-spacer\"><\/div>\n\n\n\n<figure class=\"wp-block-image size-full\"><img decoding=\"async\" width=\"1000\" height=\"667\" src=\"https:\/\/www.zigarren.zone\/wp-content\/uploads\/2024\/09\/davidoff_1.jpg\" alt=\"\" class=\"wp-image-71755\" srcset=\"https:\/\/www.zigarren.zone\/wp-content\/uploads\/2024\/09\/davidoff_1.jpg 1000w, https:\/\/www.zigarren.zone\/wp-content\/uploads\/2024\/09\/davidoff_1-768x512.jpg 768w, https:\/\/www.zigarren.zone\/wp-content\/uploads\/2024\/09\/davidoff_1-18x12.jpg 18w\" sizes=\"(max-width: 1000px) 100vw, 1000px\" \/><\/figure>\n\n\n\n<p>Agron Ramadani de Davidoff.<\/p>\n\n\n\n<div style=\"height:50px\" aria-hidden=\"true\" class=\"wp-block-spacer\"><\/div>\n\n\n\n<p>\"Agron, \u00bfqu\u00e9 hay detr\u00e1s del eslogan 'La banda blanca es la diferencia'?\", pregunto con curiosidad. Agron sonr\u00ede y dice: \"\u00a1Hola Vasilij, me alegro de verte! Exacto, nuestra campa\u00f1a 'La diferencia' lleva en marcha desde 2023, \u00a1y a la gente le entusiasma! Hoy estoy aqu\u00ed para presentar nuestra famosa Banda Blanca y tengo conmigo dos puros muy especiales. En primer lugar, presentamos el Grand Cru Diadema Finas Edici\u00f3n Limitada en Burdeos este a\u00f1o. Fue un megaevento: gente de primera clase, los mejores puros y un ambiente sencillamente fant\u00e1stico. \u00bfY el puro? Una obra maestra\".<\/p>\n\n\n\n<p>\"\u00bfY qu\u00e9 me dice del nuevo Maduro que ha presentado? \u00bfQu\u00e9 lo hace tan especial?\", pregunto. - \"Oh, el nuevo Davidoff Maduro es una aut\u00e9ntica maravilla\", explica Agron con entusiasmo. \"Hemos perfeccionado el Maduro original. Lo especial es el envoltorio: procede de hojas de tabaco del grado Corte #7. Estas hojas crecen en la parte superior de la planta, donde reciben mucho sol. \u00bfEl resultado? Un sabor r\u00fastico e intenso que no deja de ser maravillosamente elegante: t\u00edpico de Davidoff, pero con un toque nuevo y atrevido\".<\/p>\n\n\n\n<div style=\"height:50px\" aria-hidden=\"true\" class=\"wp-block-spacer\"><\/div>\n\n\n\n<figure class=\"wp-block-image size-full\"><img decoding=\"async\" width=\"1000\" height=\"667\" src=\"https:\/\/www.zigarren.zone\/wp-content\/uploads\/2024\/09\/davidoff_2.jpg\" alt=\"\" class=\"wp-image-71756\" srcset=\"https:\/\/www.zigarren.zone\/wp-content\/uploads\/2024\/09\/davidoff_2.jpg 1000w, https:\/\/www.zigarren.zone\/wp-content\/uploads\/2024\/09\/davidoff_2-768x512.jpg 768w, https:\/\/www.zigarren.zone\/wp-content\/uploads\/2024\/09\/davidoff_2-18x12.jpg 18w\" sizes=\"(max-width: 1000px) 100vw, 1000px\" \/><\/figure>\n\n\n\n<div style=\"height:50px\" aria-hidden=\"true\" class=\"wp-block-spacer\"><\/div>\n\n\n\n<h2 class=\"wp-block-heading\" id=\"h-von-kalkstein-und-genuss-agron-ramadani-uber-davidoff-und-den-perfekten-zigarrengenuss\">De piedra caliza y placer: Agron Ramadani sobre Davidoff y el disfrute perfecto del puro<\/h2>\n\n\n\n<p>Mientras Agron me cuenta m\u00e1s detalles emocionantes sobre la Banda Blanca, me fijo en algo que llama especialmente la atenci\u00f3n: Un impresionante humidor que literalmente me ilumina desde la esquina del puesto. \"Agron, \u00bfeso es... piedra?\", pregunto incr\u00e9dulo. \"\u00a1Por supuesto! Es nuestro exclusivo humidor de piedra caliza\", explica con orgullo, dando golpecitos a la enorme pieza. \"Est\u00e1 hecho a mano en Italia, pesa m\u00e1s de 25 kilos y no s\u00f3lo tiene buen aspecto, sino que mantiene los puros perfectamente frescos. Todo el que lo ve se queda alucinado\".<\/p>\n\n\n\n<div style=\"height:50px\" aria-hidden=\"true\" class=\"wp-block-spacer\"><\/div>\n\n\n\n<figure class=\"wp-block-image size-full\"><img decoding=\"async\" width=\"1000\" height=\"667\" src=\"https:\/\/www.zigarren.zone\/wp-content\/uploads\/2024\/09\/davidoff_4.jpg\" alt=\"\" class=\"wp-image-71758\" srcset=\"https:\/\/www.zigarren.zone\/wp-content\/uploads\/2024\/09\/davidoff_4.jpg 1000w, https:\/\/www.zigarren.zone\/wp-content\/uploads\/2024\/09\/davidoff_4-768x512.jpg 768w, https:\/\/www.zigarren.zone\/wp-content\/uploads\/2024\/09\/davidoff_4-18x12.jpg 18w\" sizes=\"(max-width: 1000px) 100vw, 1000px\" \/><\/figure>\n\n\n\n<div style=\"height:50px\" aria-hidden=\"true\" class=\"wp-block-spacer\"><\/div>\n\n\n\n<p>Por \u00faltimo, le pregunto a Agron qu\u00e9 consejo tiene para los amantes de los puros. Se echa hacia atr\u00e1s y dice con una sonrisa p\u00edcara: \"Chicos, disfrutad de vuestros puros Davidoff, pero no teng\u00e1is miedo de probar otras marcas. Y mantened los ojos bien abiertos: el a\u00f1o que viene nos guardamos aut\u00e9nticos \u00e9xitos en la manga\".<\/p>\n\n\n\n<p style=\"font-size:1em\">Una conversaci\u00f3n inspiradora llena de energ\u00eda y conocimientos sobre el mundo de Davidoff. Muchas gracias a Agron por su tiempo y su pasi\u00f3n.<\/p>\n\n\n\n<div style=\"height:50px\" aria-hidden=\"true\" class=\"wp-block-spacer\"><\/div>\n\n\n\n<h2 class=\"wp-block-heading\" id=\"h-was-meinst-du-dazu\">\u00bfQu\u00e9 le parece?<\/h2>\n\n\n\n<p><a href=\"https:\/\/www.zigarren.zone\/de\/forum\/topic\/feria-del-tabaco-24-davidoff-the-white-band-is-the-difference-exklusive-einblicke-mit-agron-ramadani\/\">Esperamos tu opini\u00f3n. \u00a1Comenta esta entrada de blog con nosotros en el foro!<\/a><\/p>\n\n\n\n<div style=\"height:50px\" aria-hidden=\"true\" class=\"wp-block-spacer\"><\/div>\n\n\n\n<figure class=\"wp-block-image size-full\"><img decoding=\"async\" width=\"1000\" height=\"667\" src=\"https:\/\/www.zigarren.zone\/wp-content\/uploads\/2024\/09\/feria_del_tobac0_24_stock_4.jpg\" alt=\"Impresi\u00f3n de la Feria del Tabaco 2024 en MANUEL&#039;S.\" class=\"wp-image-71728\" srcset=\"https:\/\/www.zigarren.zone\/wp-content\/uploads\/2024\/09\/feria_del_tobac0_24_stock_4.jpg 1000w, https:\/\/www.zigarren.zone\/wp-content\/uploads\/2024\/09\/feria_del_tobac0_24_stock_4-768x512.jpg 768w, https:\/\/www.zigarren.zone\/wp-content\/uploads\/2024\/09\/feria_del_tobac0_24_stock_4-18x12.jpg 18w\" sizes=\"(max-width: 1000px) 100vw, 1000px\" \/><\/figure>\n\n\n\n<p>Impresi\u00f3n de la Feria del Tabaco 2024 en MANUEL'S.<\/p>\n\n\n\n<div style=\"height:50px\" aria-hidden=\"true\" class=\"wp-block-spacer\"><\/div>\n\n\n\n<p>Fotos: Alexa Moram (MANUEL'S)<\/p>\n\n\n\n<h2 class=\"wp-block-heading\" id=\"ressourcen-zum-thema\">Recursos sobre el tema<\/h2>\n\n\n\n<p><a href=\"https:\/\/manuels.ch\/fdt2024\" target=\"_blank\" rel=\"noopener\">MANUEL'S Feria del Tabaco 2024<\/a><\/p>\n\n\n\n<div style=\"height:50px\" aria-hidden=\"true\" class=\"wp-block-spacer\"><\/div>\n\n\n\n<figure class=\"wp-block-image size-full is-resized\"><img decoding=\"async\" width=\"472\" height=\"708\" src=\"https:\/\/www.zigarren.zone\/wp-content\/uploads\/2024\/05\/vasilij_100_csf54279.jpg\" alt=\"\" class=\"wp-image-73395\" style=\"aspect-ratio:1;object-fit:contain;width:359px;height:auto\" srcset=\"https:\/\/www.zigarren.zone\/wp-content\/uploads\/2024\/05\/vasilij_100_csf54279.jpg 472w, https:\/\/www.zigarren.zone\/wp-content\/uploads\/2024\/05\/vasilij_100_csf54279-8x12.jpg 8w\" sizes=\"(max-width: 472px) 100vw, 472px\" \/><\/figure>\n\n\n\n<p><strong><strong>M\u00e1s humo. Conmigo.<\/strong><\/strong><\/p>\n\n\n\n<p>YOUTUBE \ud83d\udcfa <a href=\"https:\/\/www.youtube.com\/@genussmitvasilij\" target=\"_blank\" rel=\"noreferrer noopener\">@genussmitvasilij\u00a0<\/a>\u00a0<\/p>\n\n\n\n<p>INSTAGRAM \ud83d\udcf8 <a href=\"https:\/\/www.instagram.com\/v4silij\/\" target=\"_blank\" rel=\"noreferrer noopener\">@v4silij\u00a0<\/a>\u00a0<\/p>\n\n\n\n<p>INSTAGRAM \ud83d\udcf8 <a href=\"https:\/\/www.instagram.com\/zigarrenzone\/\" target=\"_blank\" rel=\"noreferrer noopener\">@zigarrenzone\u00a0<\/a>\u00a0<\/p>\n\n\n\n<div style=\"height:50px\" aria-hidden=\"true\" class=\"wp-block-spacer\"><\/div>","protected":false},"excerpt":{"rendered":"<p>Es un d\u00eda ajetreado en la Feria del Tabaco de MANUEL'S cuando me encuentro con el stand de Davidoff. Inmediatamente me atrapa la vibrante energ\u00eda del...<\/p>","protected":false},"author":2,"featured_media":71757,"comment_status":"closed","ping_status":"closed","sticky":false,"template":"","format":"standard","meta":{"jetpack_post_was_ever_published":false,"_jetpack_newsletter_access":"","_jetpack_dont_email_post_to_subs":false,"_jetpack_newsletter_tier_id":0,"_jetpack_memberships_contains_paywalled_content":false,"_jetpack_memberships_contains_paid_content":false,"footnotes":""},"categories":[6291,662],"tags":[147,6347,6595,6596,6342],"class_list":["post-71716","post","type-post","status-publish","format-standard","has-post-thumbnail","hentry","category-event","category-marktplatz","tag-davidoff","tag-davidoff-the-difference","tag-feria-del-tabaco","tag-feria-del-tabaco-2024","tag-manuels",""],"jetpack_featured_media_url":"https:\/\/www.zigarren.zone\/wp-content\/uploads\/2024\/09\/davidoff_3.jpg","jetpack_sharing_enabled":true,"_links":{"self":[{"href":"https:\/\/www.zigarren.zone\/es\/wp-json\/wp\/v2\/posts\/71716","targetHints":{"allow":["GET"]}}],"collection":[{"href":"https:\/\/www.zigarren.zone\/es\/wp-json\/wp\/v2\/posts"}],"about":[{"href":"https:\/\/www.zigarren.zone\/es\/wp-json\/wp\/v2\/types\/post"}],"author":[{"embeddable":true,"href":"https:\/\/www.zigarren.zone\/es\/wp-json\/wp\/v2\/users\/2"}],"replies":[{"embeddable":true,"href":"https:\/\/www.zigarren.zone\/es\/wp-json\/wp\/v2\/comments?post=71716"}],"version-history":[{"count":0,"href":"https:\/\/www.zigarren.zone\/es\/wp-json\/wp\/v2\/posts\/71716\/revisions"}],"wp:featuredmedia":[{"embeddable":true,"href":"https:\/\/www.zigarren.zone\/es\/wp-json\/wp\/v2\/media\/71757"}],"wp:attachment":[{"href":"https:\/\/www.zigarren.zone\/es\/wp-json\/wp\/v2\/media?parent=71716"}],"wp:term":[{"taxonomy":"category","embeddable":true,"href":"https:\/\/www.zigarren.zone\/es\/wp-json\/wp\/v2\/categories?post=71716"},{"taxonomy":"post_tag","embeddable":true,"href":"https:\/\/www.zigarren.zone\/es\/wp-json\/wp\/v2\/tags?post=71716"}],"curies":[{"name":"wp","href":"https:\/\/api.w.org\/{rel}","templated":true}]}}