{"id":71579,"date":"2024-09-24T14:45:28","date_gmt":"2024-09-24T12:45:28","guid":{"rendered":"https:\/\/www.zigarren.zone\/?p=71579"},"modified":"2025-08-21T22:49:09","modified_gmt":"2025-08-21T20:49:09","slug":"intertabac-24-en-exclusiva-una-navaja-suiza-en-el-negocio-familiar-mi-vida-en-padron","status":"publish","type":"post","link":"https:\/\/www.zigarren.zone\/es\/intertabac-24-exklusiv-ein-schweizer-taschenmesser-im-familienunternehmen-mein-leben-bei-padron\/","title":{"rendered":"Exclusiva InterTabac 24: Una navaja suiza en el negocio familiar - Mi vida en Padr\u00f3n"},"content":{"rendered":"<p><strong>Visito Jorge Padr\u00f3n Jr. me saluda amistosamente. En cuanto nos sentamos y la c\u00e1mara empieza a rodar, empieza a hablar.<\/strong><\/p>\n\n\n\n<p class=\"yoast-reading-time__wrapper\"><span class=\"yoast-reading-time__icon\"><svg aria-hidden=\"true\" focusable=\"false\" data-icon=\"clock\" width=\"20\" height=\"20\" fill=\"none\" stroke=\"currentColor\" style=\"display:inline-block;vertical-align:-0.1em\" role=\"img\" xmlns=\"http:\/\/www.w3.org\/2000\/svg\" viewbox=\"0 0 24 24\"><path stroke-linecap=\"round\" stroke-linejoin=\"round\" stroke-width=\"2\" d=\"M12 8v4l3 3m6-3a9 9 0 11-18 0 9 9 0 0118 0z\"><\/path><\/svg><\/span><span class=\"yoast-reading-time__spacer\" style=\"display:inline-block;width:1em\"><\/span><span class=\"yoast-reading-time__reading-time\">5<\/span><span class=\"yoast-reading-time__time-unit\"> Actas<\/span><\/p>\n\n\n\n<div class=\"wp-block-yoast-seo-table-of-contents yoast-table-of-contents\"><h2>\u00cdndice<\/h2><ul><li><a href=\"#titel-1\" data-level=\"2\">Soy la navaja suiza.<\/a><\/li><li><a href=\"#h-wir-haben-keine-typischen-buros\" data-level=\"2\">No tenemos oficinas t\u00edpicas<\/a><\/li><li><a href=\"#h-ich-will-alles-uber-track-amp-trace-lernen\" data-level=\"2\">Quiero saberlo todo sobre Track &amp; Trace<\/a><\/li><li><a href=\"#h-60th-aniversary-von-padron-spezialkreationen\" data-level=\"2\">60 aniversario de Padr\u00f3n: creaciones especiales<\/a><\/li><li><a href=\"#h-was-meinst-du-dazu\" data-level=\"2\">\u00bfQu\u00e9 le parece?<\/a><\/li><li><a href=\"#ressourcen-zum-thema\" data-level=\"2\">Recursos sobre el tema y la compra de puros<\/a><\/li><\/ul><\/div>\n\n\n\n<hr class=\"wp-block-separator has-css-opacity is-style-default\"\/>\n\n\n<div class=\"wp-block-image is-style-rounded\">\n<figure class=\"aligncenter size-full is-resized\"><img decoding=\"async\" width=\"362\" height=\"332\" src=\"https:\/\/www.zigarren.zone\/wp-content\/uploads\/2024\/09\/00-Pic-Oliver-Lampe.png\" alt=\"\" class=\"wp-image-71534\" style=\"width:150px;height:150px\" srcset=\"https:\/\/www.zigarren.zone\/wp-content\/uploads\/2024\/09\/00-Pic-Oliver-Lampe.png 362w, https:\/\/www.zigarren.zone\/wp-content\/uploads\/2024\/09\/00-Pic-Oliver-Lampe-13x12.png 13w\" sizes=\"(max-width: 362px) 100vw, 362px\" \/><\/figure>\n<\/div>\n\n\n<blockquote class=\"wp-block-quote has-text-align-center is-style-large has-small-font-size is-layout-flow wp-block-quote-is-layout-flow\">\n<p class=\"has-small-font-size\">El autor de estos art\u00edculos es Oliver, superviviente, parrillero de invierno y teleadicto de Bonn. Fracasa constantemente en su intento de seguir siendo deportista, le encantan los puros, el rock'n'roll, las barbacoas, los chistes malos y el whisky de malta. Ya es demasiado mayor para crecer.<\/p>\n<cite>- <a href=\"https:\/\/www.instagram.com\/broadleafjunkie\/\" target=\"_blank\" rel=\"noreferrer noopener\">Contacto v\u00eda instagram<\/a><\/cite><\/blockquote>\n\n\n\n<hr class=\"wp-block-separator has-css-opacity is-style-default\"\/>\n\n\n\n<h2 class=\"wp-block-heading\" id=\"titel-1\">Soy la navaja suiza.<\/h2>\n\n\n\n<p style=\"font-size:1em\">\"Hola a todos. Me llamo Jorge Padr\u00f3n Jr. y pertenezco a la familia Padr\u00f3n, concretamente a la tercera generaci\u00f3n. Estoy aqu\u00ed en Dortmund, en InterTabac, representando a nuestra marca en el mercado internacional. Es un placer estar aqu\u00ed, as\u00ed que en primer lugar: \u00a1Hola!<\/p>\n\n\n\n<p>Si se pregunta qu\u00e9 hago todo el d\u00eda, \u00a1es una historia divertida! En una empresa familiar, no siempre hay t\u00edtulos claros. Una vez le pregunt\u00e9 a mi padre: \"Oye, \u00bfqu\u00e9 escribo realmente en mi tarjeta de visita?\". Y me contest\u00f3: \"Eres una navaja suiza. Te necesito en todas partes: ya sean pegatinas en las cajas o hablar con los clientes en Alemania, \u00a1haces de todo!\".<\/p>\n\n\n\n<div style=\"height:50px\" aria-hidden=\"true\" class=\"wp-block-spacer\"><\/div>\n\n\n\n<figure class=\"wp-block-image size-full\"><img decoding=\"async\" width=\"1000\" height=\"563\" src=\"https:\/\/www.zigarren.zone\/wp-content\/uploads\/2024\/09\/jorge_louis_padro_n_jr.jpg\" alt=\"\" class=\"wp-image-71576\" srcset=\"https:\/\/www.zigarren.zone\/wp-content\/uploads\/2024\/09\/jorge_louis_padro_n_jr.jpg 1000w, https:\/\/www.zigarren.zone\/wp-content\/uploads\/2024\/09\/jorge_louis_padro_n_jr-768x432.jpg 768w, https:\/\/www.zigarren.zone\/wp-content\/uploads\/2024\/09\/jorge_louis_padro_n_jr-18x10.jpg 18w\" sizes=\"(max-width: 1000px) 100vw, 1000px\" \/><\/figure>\n\n\n\n<p>Jorge Louis Padr\u00f3n.<\/p>\n\n\n\n<div style=\"height:50px\" aria-hidden=\"true\" class=\"wp-block-spacer\"><\/div>\n\n\n\n<h2 class=\"wp-block-heading\" id=\"h-wir-haben-keine-typischen-buros\">No tenemos oficinas t\u00edpicas<\/h2>\n\n\n\n<p>Desde que se gradu\u00f3 en la universidad en 2020, ha trabajado oficialmente en la empresa familiar. Pero extraoficialmente, siempre ha estado all\u00ed, trabajando en la f\u00e1brica todos los veranos. As\u00ed que s\u00ed, pr\u00e1cticamente lleva en el negocio desde que naci\u00f3. \"\u00bfY c\u00f3mo es trabajar con la familia?\", le pregunto. Me responde sin rodeos: \"Sinceramente, \u00a1es una bendici\u00f3n! No tenemos las t\u00edpicas oficinas, nos sentamos todos juntos en una habitaci\u00f3n y hablamos de todo. Es personal, intenso y muy especial\".<\/p>\n\n\n\n<p>Este a\u00f1o vuelve a InterTabac, en Dortmund, su tercera feria. Siempre hay mucho que hacer, una reuni\u00f3n tras otra. \"Pero me parece estupendo\", dice, \"porque as\u00ed conozco el mercado internacional. Y adem\u00e1s, sigo disfrutando porque los puros son mi pasi\u00f3n\".<\/p>\n\n\n\n<h2 class=\"wp-block-heading\" id=\"h-ich-will-alles-uber-track-amp-trace-lernen\">Quiero saberlo todo sobre Track &amp; Trace<\/h2>\n\n\n\n<p>Uno de los objetivos de Jorge este a\u00f1o era aprender m\u00e1s sobre \"Track &amp; Trace\", un sistema del que antes no sab\u00eda mucho. Ahora se siente mejor preparado para el futuro. Y a\u00f1ade: \"Y, por supuesto, InterTabac tambi\u00e9n sirve para mantener viejos contactos y hacer otros nuevos. Mis notas son largas, \u00a1cr\u00e9eme!\".<\/p>\n\n\n\n<div style=\"height:50px\" aria-hidden=\"true\" class=\"wp-block-spacer\"><\/div>\n\n\n\n<figure class=\"wp-block-image size-full\"><img decoding=\"async\" width=\"1000\" height=\"563\" src=\"https:\/\/www.zigarren.zone\/wp-content\/uploads\/2024\/09\/padron_.jpg\" alt=\"\" class=\"wp-image-71577\" srcset=\"https:\/\/www.zigarren.zone\/wp-content\/uploads\/2024\/09\/padron_.jpg 1000w, https:\/\/www.zigarren.zone\/wp-content\/uploads\/2024\/09\/padron_-768x432.jpg 768w, https:\/\/www.zigarren.zone\/wp-content\/uploads\/2024\/09\/padron_-18x10.jpg 18w\" sizes=\"(max-width: 1000px) 100vw, 1000px\" \/><\/figure>\n\n\n\n<div style=\"height:50px\" aria-hidden=\"true\" class=\"wp-block-spacer\"><\/div>\n\n\n\n<p>La InterTabac de este a\u00f1o ha sido todo un \u00e9xito para Padr\u00f3n. Sobre todo porque recientemente fueron galardonados en Cigar Journal como el mejor cigarro de Nicaragua 2024 con el 2000 Maduro. Jorge remacha: \"\u00a1Un enorme agradecimiento a Cigar Journal y a todos los que votaron por nosotros!\".<\/p>\n\n\n\n<div style=\"height:50px\" aria-hidden=\"true\" class=\"wp-block-spacer\"><\/div>\n\n\n\n<figure class=\"wp-block-image size-full\"><img decoding=\"async\" width=\"1000\" height=\"563\" src=\"https:\/\/www.zigarren.zone\/wp-content\/uploads\/2024\/09\/cigar_trophy_best_brand_nicaragua_padron.jpg\" alt=\"\" class=\"wp-image-71575\" srcset=\"https:\/\/www.zigarren.zone\/wp-content\/uploads\/2024\/09\/cigar_trophy_best_brand_nicaragua_padron.jpg 1000w, https:\/\/www.zigarren.zone\/wp-content\/uploads\/2024\/09\/cigar_trophy_best_brand_nicaragua_padron-768x432.jpg 768w, https:\/\/www.zigarren.zone\/wp-content\/uploads\/2024\/09\/cigar_trophy_best_brand_nicaragua_padron-18x10.jpg 18w\" sizes=\"(max-width: 1000px) 100vw, 1000px\" \/><\/figure>\n\n\n\n<p>Cigar Journal Anwards: Mejor Cigarro de Nicaragua 2024 es el Padr\u00f3n Cl\u00e1sico Maduro 2000.<\/p>\n\n\n\n<div style=\"height:50px\" aria-hidden=\"true\" class=\"wp-block-spacer\"><\/div>\n\n\n\n<h2 class=\"wp-block-heading\" id=\"h-60th-aniversary-von-padron-spezialkreationen\">60 aniversario de Padr\u00f3n: creaciones especiales<\/h2>\n\n\n\n<p>Otro hito: 2024 es un a\u00f1o especial para Padr\u00f3n porque es el 60 aniversario de la empresa. Jorge se entusiasma: \"Mi abuelo fund\u00f3 nuestra empresa en 1964 cuando huy\u00f3 de Cuba. Su sue\u00f1o era hacer los puros que \u00e9l mismo quer\u00eda fumar. Hoy, mi padre dirige la empresa y nos transmite sus conocimientos a m\u00ed y a mi primo Alfonso\".<\/p>\n\n\n\n<p>\"\u00bfTiene que haber un puro especial?\", le pregunto. - \"Por supuesto, tambi\u00e9n hemos sacado un puro de aniversario para la ocasi\u00f3n\", me dice, \"el puro del 60 aniversario en formato Salomon, \u00a1una aut\u00e9ntica obra de arte! Mide 48 x 56 x 6,5 pulgadas y se presenta en una elegante caja. Ya lo hemos lanzado en el mercado estadounidense y estamos trabajando para comercializarlo a escala internacional.<\/p>\n\n\n\n<div style=\"height:50px\" aria-hidden=\"true\" class=\"wp-block-spacer\"><\/div>\n\n\n\n<figure class=\"wp-block-image size-full\"><img decoding=\"async\" width=\"1000\" height=\"753\" src=\"https:\/\/www.zigarren.zone\/wp-content\/uploads\/2024\/09\/s.t._dupont_padron_60_feuerzeug.jpg\" alt=\"\" class=\"wp-image-71578\" srcset=\"https:\/\/www.zigarren.zone\/wp-content\/uploads\/2024\/09\/s.t._dupont_padron_60_feuerzeug.jpg 1000w, https:\/\/www.zigarren.zone\/wp-content\/uploads\/2024\/09\/s.t._dupont_padron_60_feuerzeug-768x578.jpg 768w, https:\/\/www.zigarren.zone\/wp-content\/uploads\/2024\/09\/s.t._dupont_padron_60_feuerzeug-16x12.jpg 16w\" sizes=\"(max-width: 1000px) 100vw, 1000px\" \/><\/figure>\n\n\n\n<div style=\"height:50px\" aria-hidden=\"true\" class=\"wp-block-spacer\"><\/div>\n\n\n\n<p>Y s\u00ed, \u00a1ya estoy deseando que llegue la pr\u00f3xima InterTabac 2025! Ha sido estupendo conocer a tanta gente y forjar nuevas alianzas. Gracias por hablar con nosotros: \u00a1hasta el a\u00f1o que viene!\".<\/p>\n\n\n\n<p>Salud,&nbsp;<\/p>\n\n\n\n<p style=\"font-size:1em\">Jorge Padr\u00f3n Jr.<\/p>\n\n\n\n<div style=\"height:50px\" aria-hidden=\"true\" class=\"wp-block-spacer\"><\/div>\n\n\n\n<h2 class=\"wp-block-heading\" id=\"h-was-meinst-du-dazu\">\u00bfQu\u00e9 le parece?<\/h2>\n\n\n\n<p><a href=\"https:\/\/www.zigarren.zone\/de\/forum\/topic\/intertabac-24-exklusiv-ein-schweizer-taschenmesser-im-familienunternehmen-mein-leben-bei-padron\/\">Esperamos tu opini\u00f3n. \u00a1Comenta esta entrada de blog con nosotros en el foro!<\/a><\/p>\n\n\n\n<div style=\"height:50px\" aria-hidden=\"true\" class=\"wp-block-spacer\"><\/div>\n\n\n\n<h2 class=\"wp-block-heading\" id=\"ressourcen-zum-thema\">Recursos sobre el tema y la compra de puros<\/h2>\n\n\n\n<p><a href=\"https:\/\/www.google.com\/search?q=padron+cigars\" target=\"_blank\" rel=\"noreferrer noopener\">Comprar puros Padr\u00f3n<\/a><\/p>\n\n\n\n<div style=\"height:50px\" aria-hidden=\"true\" class=\"wp-block-spacer\"><\/div>\n\n\n\n<div style=\"height:50px\" aria-hidden=\"true\" class=\"wp-block-spacer\"><\/div>\n\n\n\n<figure class=\"wp-block-image size-full is-resized\"><img decoding=\"async\" width=\"472\" height=\"708\" src=\"https:\/\/www.zigarren.zone\/wp-content\/uploads\/2024\/05\/vasilij_100_csf54279.jpg\" alt=\"\" class=\"wp-image-73395\" style=\"aspect-ratio:1;object-fit:contain;width:359px;height:auto\" srcset=\"https:\/\/www.zigarren.zone\/wp-content\/uploads\/2024\/05\/vasilij_100_csf54279.jpg 472w, https:\/\/www.zigarren.zone\/wp-content\/uploads\/2024\/05\/vasilij_100_csf54279-8x12.jpg 8w\" sizes=\"(max-width: 472px) 100vw, 472px\" \/><\/figure>\n\n\n\n<p><strong><strong>M\u00e1s humo. Conmigo.<\/strong><\/strong><\/p>\n\n\n\n<p>YOUTUBE \ud83d\udcfa <a href=\"https:\/\/www.youtube.com\/@genussmitvasilij\" target=\"_blank\" rel=\"noreferrer noopener\">@genussmitvasilij\u00a0<\/a>\u00a0<\/p>\n\n\n\n<p>INSTAGRAM \ud83d\udcf8 <a href=\"https:\/\/www.instagram.com\/v4silij\/\" target=\"_blank\" rel=\"noreferrer noopener\">@v4silij\u00a0<\/a>\u00a0<\/p>\n\n\n\n<p>INSTAGRAM \ud83d\udcf8 <a href=\"https:\/\/www.instagram.com\/zigarrenzone\/\" target=\"_blank\" rel=\"noreferrer noopener\">@zigarrenzone\u00a0<\/a>\u00a0<\/p>\n\n\n\n<div style=\"height:50px\" aria-hidden=\"true\" class=\"wp-block-spacer\"><\/div>","protected":false},"excerpt":{"rendered":"<p>Visito a Jorge Padr\u00f3n Jr. que me saluda amistosamente. En cuanto nos sentamos y la c\u00e1mara empieza a rodar, comienza a hablar. El autor detr\u00e1s de estos...<\/p>","protected":false},"author":2,"featured_media":71578,"comment_status":"closed","ping_status":"closed","sticky":false,"template":"","format":"standard","meta":{"jetpack_post_was_ever_published":false,"_jetpack_newsletter_access":"","_jetpack_dont_email_post_to_subs":false,"_jetpack_newsletter_tier_id":0,"_jetpack_memberships_contains_paywalled_content":false,"_jetpack_memberships_contains_paid_content":false,"footnotes":""},"categories":[6291,662],"tags":[6577,6576,6580],"class_list":["post-71579","post","type-post","status-publish","format-standard","has-post-thumbnail","hentry","category-event","category-marktplatz","tag-intertabac","tag-intertabac-24","tag-padron",""],"jetpack_featured_media_url":"https:\/\/www.zigarren.zone\/wp-content\/uploads\/2024\/09\/s.t._dupont_padron_60_feuerzeug.jpg","jetpack_sharing_enabled":true,"_links":{"self":[{"href":"https:\/\/www.zigarren.zone\/es\/wp-json\/wp\/v2\/posts\/71579","targetHints":{"allow":["GET"]}}],"collection":[{"href":"https:\/\/www.zigarren.zone\/es\/wp-json\/wp\/v2\/posts"}],"about":[{"href":"https:\/\/www.zigarren.zone\/es\/wp-json\/wp\/v2\/types\/post"}],"author":[{"embeddable":true,"href":"https:\/\/www.zigarren.zone\/es\/wp-json\/wp\/v2\/users\/2"}],"replies":[{"embeddable":true,"href":"https:\/\/www.zigarren.zone\/es\/wp-json\/wp\/v2\/comments?post=71579"}],"version-history":[{"count":0,"href":"https:\/\/www.zigarren.zone\/es\/wp-json\/wp\/v2\/posts\/71579\/revisions"}],"wp:featuredmedia":[{"embeddable":true,"href":"https:\/\/www.zigarren.zone\/es\/wp-json\/wp\/v2\/media\/71578"}],"wp:attachment":[{"href":"https:\/\/www.zigarren.zone\/es\/wp-json\/wp\/v2\/media?parent=71579"}],"wp:term":[{"taxonomy":"category","embeddable":true,"href":"https:\/\/www.zigarren.zone\/es\/wp-json\/wp\/v2\/categories?post=71579"},{"taxonomy":"post_tag","embeddable":true,"href":"https:\/\/www.zigarren.zone\/es\/wp-json\/wp\/v2\/tags?post=71579"}],"curies":[{"name":"wp","href":"https:\/\/api.w.org\/{rel}","templated":true}]}}