{"id":69851,"date":"2024-05-07T10:47:58","date_gmt":"2024-05-07T08:47:58","guid":{"rendered":"https:\/\/www.zigarren.zone\/?p=69851"},"modified":"2025-08-09T22:52:26","modified_gmt":"2025-08-09T20:52:26","slug":"el-tribunal-federal-de-justicia-no-admite-a-tramite-el-recurso-contra-la-sentencia-del-tribunal-regional-superior-de-munich-sobre-el-uso-de-nombres-como-cuba-y-la-habana-ahora-juridicamente-vinculante","status":"publish","type":"post","link":"https:\/\/www.zigarren.zone\/es\/bundesgerichtshof-laesst-revision-nicht-zuurteil-des-oberlandesgerichts-muenchen-zur-verwendung-von-bezeichnungen-wie-kuba-und-havanna-nun-rechtskraeftig\/","title":{"rendered":"El Tribunal Federal de Justicia no admite recurso: la sentencia del Tribunal Regional Superior de M\u00fanich sobre el uso de denominaciones como \"Cuba\" y \"La Habana\" ya es jur\u00eddicamente vinculante"},"content":{"rendered":"<p class=\"has-medium-font-size\"><strong>El fabricante cubano de cigarros Corporaci\u00f3n Habanos, S.A. hab\u00eda interpuesto un recurso contra el etiquetado de cigarros elaborados con tabaco no cubano con \"Cuba\" y otras denominaciones de origen cubanas. Despu\u00e9s de que el Tribunal Regional de Munich I estimara \u00edntegramente la demanda y de que el Tribunal Regional Superior de Munich desestimara el recurso de apelaci\u00f3n interpuesto por la demandada en segunda instancia, el Tribunal Federal de Justicia ha desestimado ahora el recurso de apelaci\u00f3n interpuesto por la demandada contra el recurso de apelaci\u00f3n no autorizado por el Tribunal Regional Superior de Munich. Por tanto, la sentencia del Tribunal Regional Superior de M\u00fanich es firme.<\/strong><\/p>\n\n\n\n<p class=\"yoast-reading-time__wrapper\"><span class=\"yoast-reading-time__icon\"><\/span><span class=\"yoast-reading-time__reading-time\">6<\/span><span class=\"yoast-reading-time__time-unit\"> Actas<\/span><\/p>\n\n\n\n<div class=\"wp-block-yoast-seo-table-of-contents yoast-table-of-contents\"><h2>\u00cdndice<\/h2><ul><li><a href=\"#titel-1\" data-level=\"2\">Indicaciones geogr\u00e1ficas de origen<\/a><\/li><li><a href=\"#h-solche-angaben-sind-unzulassig\" data-level=\"2\">Dicha informaci\u00f3n es inadmisible<\/a><\/li><li><a href=\"#h-die-vorinstanz\" data-level=\"2\">El tribunal inferior<\/a><\/li><li><a href=\"#h-das-oberlandgericht\" data-level=\"2\">Tribunal Regional Superior<\/a><\/li><li><a href=\"#h-die-argumente-der-beklagten-wurden-nicht-anerkannt\" data-level=\"2\">No se reconocieron los argumentos de la demandada<\/a><\/li><li><a href=\"#h-beide-instanzen\" data-level=\"2\">Ambos casos<\/a><\/li><li><a href=\"#h-revision-nicht-zugelassen\" data-level=\"2\">Recurso no autorizado<\/a><\/li><li><a href=\"#h-uber-den-sachverhaolt\" data-level=\"2\">Sobre el tema<\/a><\/li><li><a href=\"#ressourcen-zum-thema\" data-level=\"2\">Recursos sobre el tema<\/a><\/li><li><a href=\"#h-gemeinsam-diskutieren-uber-zigarrenbewertungen-zigarrenpreise-zigarrensammlungen-teile-deine-gedanken-und-meinungen-mit-der-community\" data-level=\"2\">Discutamos juntos sobre rese\u00f1as de puros, precios de puros, colecciones de puros: Comparta sus pensamientos y opiniones con la comunidad<\/a><\/li><\/ul><\/div>\n\n\n\n<h2 class=\"wp-block-heading\" id=\"titel-1\">Indicaciones geogr\u00e1ficas de origen<\/h2>\n\n\n\n<p>El motivo y objeto de la disputa legal era el uso de t\u00e9rminos como \"Semilla de Habano\", \"Piloto Cubano\", \"Capa de Habano\", \"Capa de Habano de Ecuador\", \"Capa de semilla de Habano de Ecuador\", \"Cubra - el fuego noble del Criollo Cubano\" o \"Binder Habano Jalapa - Nicaragua\" para cigarros \/ cigarritos elaborados con tabacos no cubanos. El n\u00facleo del litigio era, por tanto, la cuesti\u00f3n de si las indicaciones geogr\u00e1ficas de origen \"Cuba\" o \"Habano\" -o las indicaciones derivadas de ellas- pueden utilizarse para tabacos no cubanos, especialmente si tambi\u00e9n se utilizan indicaciones \"deslocalizadoras\" como Ecuador o Nicaragua para el pa\u00eds de fabricaci\u00f3n de los tabacos etiquetados de este modo.<\/p>\n\n\n\n<h2 class=\"wp-block-heading\" id=\"h-solche-angaben-sind-unzulassig\">Dicha informaci\u00f3n es inadmisible<\/h2>\n\n\n\n<p>El Tribunal Regional Superior de Munich (caso n\u00famero 6 U 120\/22) hab\u00eda confirmado que tales reclamaciones son inadmisibles, incluso si el tabaco cultivado fuera de Cuba se hab\u00eda originado en Cuba porque las semillas hab\u00edan sido llevadas desde all\u00ed a otros pa\u00edses despu\u00e9s de la revoluci\u00f3n cubana. El tribunal hab\u00eda dejado abierta la cuesti\u00f3n de si tales reclamaciones eran ciertas, ya que, a su juicio, una semilla cultivada originalmente en Cuba, que se propag\u00f3 en otro lugar a lo largo de varios ciclos de vegetaci\u00f3n, no puede equipararse sin m\u00e1s al tabaco cultivado en territorio cubano. M\u00e1s bien, adem\u00e1s de las caracter\u00edsticas gen\u00e9ticas, las condiciones del suelo y del clima -el \"terroir\" respectivo- tambi\u00e9n pueden influir en las caracter\u00edsticas y la calidad del tabaco, sobre todo porque la planta anual de tabaco tiene que volver a sembrarse cada temporada de cosecha.<\/p>\n\n\n\n<div style=\"height:50px\" aria-hidden=\"true\" class=\"wp-block-spacer\"><\/div>\n\n\n\n<h2 class=\"wp-block-heading\" id=\"h-die-vorinstanz\">El tribunal inferior<\/h2>\n\n\n\n<div style=\"height:50px\" aria-hidden=\"true\" class=\"wp-block-spacer\"><\/div>\n\n\n\n<figure class=\"wp-block-image size-full\"><img decoding=\"async\" width=\"2000\" height=\"1173\" src=\"https:\/\/www.zigarren.zone\/wp-content\/uploads\/2023\/03\/Kuba-2018-quer.jpg\" alt=\"\" class=\"wp-image-60168\" srcset=\"https:\/\/www.zigarren.zone\/wp-content\/uploads\/2023\/03\/Kuba-2018-quer.jpg 2000w, https:\/\/www.zigarren.zone\/wp-content\/uploads\/2023\/03\/Kuba-2018-quer-1000x587.jpg 1000w, https:\/\/www.zigarren.zone\/wp-content\/uploads\/2023\/03\/Kuba-2018-quer-768x450.jpg 768w, https:\/\/www.zigarren.zone\/wp-content\/uploads\/2023\/03\/Kuba-2018-quer-1536x901.jpg 1536w, https:\/\/www.zigarren.zone\/wp-content\/uploads\/2023\/03\/Kuba-2018-quer-624x366.jpg 624w\" sizes=\"(max-width: 2000px) 100vw, 2000px\" \/><\/figure>\n\n\n\n<div style=\"height:10px\" aria-hidden=\"true\" class=\"wp-block-spacer\"><\/div>\n\n\n\n<p style=\"font-size:1em\"><strong>Descripci\u00f3n del v\u00eddeo.<\/strong><\/p>\n\n\n\n<div style=\"height:50px\" aria-hidden=\"true\" class=\"wp-block-spacer\"><\/div>\n\n\n\n<p>En cuanto a la especial reputaci\u00f3n de \"Cuba\" y \"Havana\", el tribunal inferior, el Tribunal Regional de M\u00fanich (asunto n\u00ba 33 O 9392\/20), ya hab\u00eda declarado que la isla de Cuba y su capital, La Habana, representan una actitud ante la vida, pero tambi\u00e9n el disfrute de los puros. Por tanto, en opini\u00f3n del Tribunal Regional de M\u00fanich I, las denominaciones \"La Habana\" y \"Cuba\" en relaci\u00f3n con los puros y sus componentes tienen la correspondiente reputaci\u00f3n en t\u00e9rminos de calidad debido a la calidad y selecci\u00f3n de los tabacos procesados y debido al m\u00e9todo de producci\u00f3n. El comprador de estos cigarros -as\u00ed como una parte considerable de los no fumadores- asocia un prestigio especial a las denominaciones.<\/p>\n\n\n\n<h2 class=\"wp-block-heading\" id=\"h-das-oberlandgericht\">Tribunal Regional Superior<\/h2>\n\n\n\n<p>El Tribunal Regional Superior de Munich confirm\u00f3 esta conclusi\u00f3n y declar\u00f3 que el consumidor respectivo ni siquiera tiene que ser consciente de la calidad espec\u00edfica de los productos de tabaco cubanos, sino que basta con la percepci\u00f3n general -realmente existente- de que tales productos originarios de Cuba tienen una calidad especial. De este modo, el Tribunal Regional Superior de M\u00fanich ha confirmado expresa y reiteradamente la especial reputaci\u00f3n de las indicaciones geogr\u00e1ficas de origen \"Cuba\" y \"La Habana\".<\/p>\n\n\n\n<h2 class=\"wp-block-heading\" id=\"h-die-argumente-der-beklagten-wurden-nicht-anerkannt\">No se reconocieron los argumentos de la demandada<\/h2>\n\n\n\n<p>Adem\u00e1s, la demandada intent\u00f3 defenderse con el argumento de que las indicaciones geogr\u00e1ficas de origen se hab\u00edan convertido en nombres gen\u00e9ricos no protegidos o en denominaciones de variedades. Al igual que el Tribunal Regional, el Tribunal Regional Superior de M\u00fanich tambi\u00e9n consider\u00f3 en cuanto al fondo que tal desnaturalizaci\u00f3n con el correspondiente entendimiento como denominaci\u00f3n gen\u00e9rica no existe en el p\u00fablico relevante, a saber, en particular los fumadores -ocasionales- de puros o los no fumadores que compran puros como regalo.<\/p>\n\n\n\n<h2 class=\"wp-block-heading\" id=\"h-beide-instanzen\">Ambos casos<\/h2>\n\n\n\n<p>En opini\u00f3n de ambas instancias, denominaciones como \"Semilla de Habano\", \"Piloto Cubano\" u \"Hoja de envoltorio de Habano\" menoscaban injustamente la reputaci\u00f3n especial de las indicaciones geogr\u00e1ficas de origen \"Cuba\" y \"La Habana\" sin una raz\u00f3n justificable. Indicaciones adicionales como \"de Ecuador\" o \"Jalapa - Nicaragua\" no modificaron este resultado. En palabras del Tribunal Regional Superior de M\u00fanich: al utilizar las denominaciones controvertidas, la demandada act\u00faa en la estela de las indicaciones geogr\u00e1ficas de origen protegidas \"Cuba\" y \"La Habana\" para beneficiarse de su atractivo, su reputaci\u00f3n y su prestigio y as\u00ed, mediante una transferencia de imagen, trasladar las expectativas de calidad asociadas a sus propios productos.<\/p>\n\n\n\n<h2 class=\"wp-block-heading\" id=\"h-revision-nicht-zugelassen\">Recurso no autorizado<\/h2>\n\n\n\n<p>El Tribunal Regional Superior de Munich no admiti\u00f3 un recurso contra su sentencia ante el Tribunal Federal de Justicia. El demandado interpuso un recurso contra esta decisi\u00f3n y declar\u00f3 que era necesaria una decisi\u00f3n del Tribunal Federal de Justicia sobre las objeciones planteadas por el demandado. Las objeciones se refer\u00edan a las cuestiones de si el supuesto comportamiento anticompetitivo del demandante imped\u00eda el \u00e9xito de la acci\u00f3n, si las denominaciones de origen en cuesti\u00f3n hab\u00edan degenerado en una denominaci\u00f3n gen\u00e9rica, si exist\u00eda una necesidad fundamental de mantenerlas disponibles para su uso en tabacos no cubanos y si las adiciones explicativas -como un asterisco con una referencia al cultivo de tabaco fuera de Cuba- eran pertinentes. El Tribunal Regional Superior de Munich consider\u00f3 que todas estas objeciones eran irrelevantes.<\/p>\n\n\n\n<p>El Tribunal Federal de Justicia ha dictaminado ahora que las objeciones formuladas por la demandada no prevalecen y que el desarrollo ulterior del Derecho o la salvaguardia de una jurisprudencia uniforme tampoco requieren una decisi\u00f3n del Tribunal Federal de Justicia en otros aspectos (asunto de referencia I ZR 74\/23).<\/p>\n\n\n\n<p><strong>Por lo tanto, la sentencia del Tribunal Regional Superior de M\u00fanich es firme.<\/strong><\/p>\n\n\n\n<h2 class=\"wp-block-heading\" id=\"h-uber-den-sachverhaolt\">Sobre el tema<\/h2>\n\n\n\n<p>Corporac\u00edon Habanos, S.A., con sede en Cuba, se encarga en exclusiva de la distribuci\u00f3n y comercializaci\u00f3n de puros cubanos de primera calidad hechos a mano -los \"Havannas\" o \"Habanos\"- en todo el mundo.<\/p>\n\n\n\n<p>Los 5<sup>TH<\/sup>AVENUE Products Trading-GmbH es el \u00fanico importador oficial de Habanos y Mini Cubanos en Alemania. Distribuye las 27 marcas de Habanos en unos 350 formatos diferentes.<\/p>\n\n\n\n<p>Ambos est\u00e1n convencidos desde hace tiempo de que las referencias a supuestas o supuestamente originales \"semillas cubanas\" son de poca ayuda para los fumadores de puros. Los tabacos son plantas anuales y se adaptan en gran medida a los suelos y a las condiciones clim\u00e1ticas; a partir de una misma semilla se desarrollan caracter\u00edsticas muy diferentes en distintas zonas de cultivo en un corto periodo de tiempo.<\/p>\n\n\n\n<p>Las aut\u00e9nticas semillas cubanas se cultivan exclusivamente para la producci\u00f3n de tabaco cubano desde hace muchas d\u00e9cadas y no se exportan. A esto se a\u00f1ade una tradici\u00f3n artesanal \u00fanica y un conocimiento inigualable de los secretos de los mejores puros.<\/p>\n\n\n\n<h2 class=\"wp-block-heading\" id=\"ressourcen-zum-thema\">Recursos sobre el tema<\/h2>\n\n\n\n<div style=\"height:50px\" aria-hidden=\"true\" class=\"wp-block-spacer\"><\/div>\n\n\n\n<div class=\"wp-block-buttons is-layout-flex wp-block-buttons-is-layout-flex\">\n<div class=\"wp-block-button\"><a class=\"wp-block-button__link has-white-color has-text-color has-background has-link-color wp-element-button\" href=\"https:\/\/www.google.com\/search?q=kubanische+Zigarren+kaufen\" style=\"background-color:#a80000\" target=\"_blank\" rel=\"noreferrer noopener\">Comprar puros cubanos<\/a><\/div>\n<\/div>\n\n\n\n<div style=\"height:50px\" aria-hidden=\"true\" class=\"wp-block-spacer\"><\/div>\n\n\n\n<h2 class=\"wp-block-heading\" id=\"h-gemeinsam-diskutieren-uber-zigarrenbewertungen-zigarrenpreise-zigarrensammlungen-teile-deine-gedanken-und-meinungen-mit-der-community\">Discutamos juntos sobre rese\u00f1as de puros, precios de puros, colecciones de puros: Comparta sus pensamientos y opiniones con la comunidad<\/h2>\n\n\n\n<p class=\"has-black-color has-text-color\" style=\"font-size:1em\">Espero que os haya gustado mi \u00faltimo art\u00edculo y que la informaci\u00f3n que contiene os haya parecido interesante. Me hace mucha ilusi\u00f3n conocer vuestras opiniones y espero leer vuestros comentarios \ud83e\udd17.<\/p>","protected":false},"excerpt":{"rendered":"<p>El fabricante cubano de puros Corporaci\u00f3n Habanos, S.A. hab\u00eda presentado una demanda contra el etiquetado de puros elaborados con tabaco no cubano con \"Cuba\" y otras denominaciones de origen cubanas. Despu\u00e9s de que el tribunal regional...<\/p>","protected":false},"author":2,"featured_media":62800,"comment_status":"open","ping_status":"closed","sticky":false,"template":"","format":"standard","meta":{"jetpack_post_was_ever_published":false,"_jetpack_newsletter_access":"","_jetpack_dont_email_post_to_subs":false,"_jetpack_newsletter_tier_id":0,"_jetpack_memberships_contains_paywalled_content":false,"_jetpack_memberships_contains_paid_content":false,"footnotes":""},"categories":[6301],"tags":[6387,666],"class_list":["post-69851","post","type-post","status-publish","format-standard","has-post-thumbnail","hentry","category-gesetz","tag-open-access","tag-world-of-habanos",""],"jetpack_featured_media_url":"https:\/\/www.zigarren.zone\/wp-content\/uploads\/2023\/05\/Kuba-2018-quer.jpg","jetpack_sharing_enabled":true,"_links":{"self":[{"href":"https:\/\/www.zigarren.zone\/es\/wp-json\/wp\/v2\/posts\/69851","targetHints":{"allow":["GET"]}}],"collection":[{"href":"https:\/\/www.zigarren.zone\/es\/wp-json\/wp\/v2\/posts"}],"about":[{"href":"https:\/\/www.zigarren.zone\/es\/wp-json\/wp\/v2\/types\/post"}],"author":[{"embeddable":true,"href":"https:\/\/www.zigarren.zone\/es\/wp-json\/wp\/v2\/users\/2"}],"replies":[{"embeddable":true,"href":"https:\/\/www.zigarren.zone\/es\/wp-json\/wp\/v2\/comments?post=69851"}],"version-history":[{"count":0,"href":"https:\/\/www.zigarren.zone\/es\/wp-json\/wp\/v2\/posts\/69851\/revisions"}],"wp:featuredmedia":[{"embeddable":true,"href":"https:\/\/www.zigarren.zone\/es\/wp-json\/wp\/v2\/media\/62800"}],"wp:attachment":[{"href":"https:\/\/www.zigarren.zone\/es\/wp-json\/wp\/v2\/media?parent=69851"}],"wp:term":[{"taxonomy":"category","embeddable":true,"href":"https:\/\/www.zigarren.zone\/es\/wp-json\/wp\/v2\/categories?post=69851"},{"taxonomy":"post_tag","embeddable":true,"href":"https:\/\/www.zigarren.zone\/es\/wp-json\/wp\/v2\/tags?post=69851"}],"curies":[{"name":"wp","href":"https:\/\/api.w.org\/{rel}","templated":true}]}}