{"id":69434,"date":"2024-04-14T17:49:17","date_gmt":"2024-04-14T15:49:17","guid":{"rendered":"https:\/\/www.zigarren.zone\/?p=69434"},"modified":"2025-08-21T22:51:28","modified_gmt":"2025-08-21T20:51:28","slug":"documental-en-pleno-festival-habanos-24-con-claudia-y-vasilij","status":"publish","type":"post","link":"https:\/\/www.zigarren.zone\/es\/dokumentarfilm-inmitten-des-habanos-festivals-24-mit-claudia-und-vasilij\/","title":{"rendered":"Documental: En medio del Festival del Habano 24 con Claudia y Vasilij"},"content":{"rendered":"<p class=\"has-medium-font-size\"><strong>Festival del Habano 24 - el documental. Usted se encuentra en el palpitante coraz\u00f3n de La Habana, rodeado por el aroma de los puros. Ve a m\u00e1s de un centenar de amantes de los puros col\u00e1ndose por una estrecha puerta en una sala. Aqu\u00ed se celebra el seminario del 50 aniversario del Quay D'Orsay. No es un d\u00eda cualquiera y es una de las escenas del documental sobre el 24\u00ba Festival del Habano. El documental nos lleva por un fascinante viaje a trav\u00e9s del mundo del festival y de los puros, acompa\u00f1ados por dos amantes de los puros: Claudia, historiadora de los puros cubanos, y Vasilij, editor de Cigars.Zone.<\/strong><\/p>\n\n\n\n<h2 class=\"wp-block-heading\" id=\"h-der-dokumentarfilm\">El documental<\/h2>\n\n\n\n<div style=\"height:50px\" aria-hidden=\"true\" class=\"wp-block-spacer\"><\/div>\n\n\n\n<figure class=\"wp-block-embed is-type-video is-provider-youtube wp-block-embed-youtube wp-embed-aspect-16-9 wp-has-aspect-ratio\"><div class=\"wp-block-embed__wrapper\">\n<iframe title=\"Festival del Habano 2024: Lo que realmente se vive\" width=\"640\" height=\"360\" src=\"https:\/\/www.youtube.com\/embed\/r0AdMkEDZaU?feature=oembed\" frameborder=\"0\" allow=\"accelerometer; autoplay; clipboard-write; encrypted-media; gyroscope; picture-in-picture; web-share\" referrerpolicy=\"strict-origin-when-cross-origin\" allowfullscreen><\/iframe>\n<\/div><\/figure>\n\n\n\n<div style=\"height:10px\" aria-hidden=\"true\" class=\"wp-block-spacer\"><\/div>\n\n\n\n<p style=\"font-size:1em\"><strong>Vea el documental en YouTube. Emb\u00e1rcate en un viaje con Claudia y Vasilij y visita este festival.<\/strong><\/p>\n\n\n\n<div style=\"height:50px\" aria-hidden=\"true\" class=\"wp-block-spacer\"><\/div>\n\n\n\n<div class=\"forminator-guttenberg\"><\/div>\n\n\n\n<div style=\"height:50px\" aria-hidden=\"true\" class=\"wp-block-spacer\"><\/div>\n\n\n\n<h2 class=\"wp-block-heading\" id=\"h-exlusive-einladung-live-vorpremiere-mit-live-chat\">Invitaci\u00f3n exclusiva: vista previa en directo con chat en vivo<\/h2>\n\n\n\n<p>El preestreno con chat en directo en YouTube tuvo lugar el 14.04.24 a las 17.00 horas. Un evento exclusivo reservado \u00fanicamente a los miembros de la lista de correo \"Insider\" de Zigarren.Zone. S\u00f3lo entonces se puso la pel\u00edcula a disposici\u00f3n del p\u00fablico. Si usted tambi\u00e9n desea ser invitado a eventos exclusivos, inscr\u00edbase en la lista de correo (v\u00e9ase m\u00e1s arriba).<\/p>\n\n\n\n<p>XX aficionados a los puros participaron en el evento en l\u00ednea y mantuvieron animadas conversaciones en el chat en directo.<\/p>\n\n\n\n<div style=\"height:50px\" aria-hidden=\"true\" class=\"wp-block-spacer\"><\/div>\n\n\n\n<figure class=\"wp-block-image size-full\"><img decoding=\"async\" width=\"1000\" height=\"667\" src=\"https:\/\/www.zigarren.zone\/wp-content\/uploads\/2024\/04\/Inmitten-Habanos-Festival-24-Vasilij.jpg\" alt=\"El preestreno comenz\u00f3 a las 17.00 horas con un chat en directo. \u00bfQuiere participar en estos eventos exclusivos? Entonces inscr\u00edbase en la lista de correo &quot;Insider&quot; (v\u00e9ase m\u00e1s arriba).\" class=\"wp-image-69457\" srcset=\"https:\/\/www.zigarren.zone\/wp-content\/uploads\/2024\/04\/Inmitten-Habanos-Festival-24-Vasilij.jpg 1000w, https:\/\/www.zigarren.zone\/wp-content\/uploads\/2024\/04\/Inmitten-Habanos-Festival-24-Vasilij-768x512.jpg 768w, https:\/\/www.zigarren.zone\/wp-content\/uploads\/2024\/04\/Inmitten-Habanos-Festival-24-Vasilij-18x12.jpg 18w, https:\/\/www.zigarren.zone\/wp-content\/uploads\/2024\/04\/Inmitten-Habanos-Festival-24-Vasilij-624x416.jpg 624w\" sizes=\"(max-width: 1000px) 100vw, 1000px\" \/><\/figure>\n\n\n\n<div style=\"height:10px\" aria-hidden=\"true\" class=\"wp-block-spacer\"><\/div>\n\n\n\n<p style=\"font-size:1em\"><strong>El preestreno comenz\u00f3 a las 17.00 horas con un chat en directo. \u00bfQuiere participar en estos eventos exclusivos? Entonces inscr\u00edbase en la lista de correo \"Insider\" (v\u00e9ase m\u00e1s arriba).<\/strong><\/p>\n\n\n\n<div style=\"height:50px\" aria-hidden=\"true\" class=\"wp-block-spacer\"><\/div>\n\n\n\n<div style=\"height:50px\" aria-hidden=\"true\" class=\"wp-block-spacer\"><\/div>\n\n\n\n<figure class=\"wp-block-image size-full\"><img decoding=\"async\" width=\"1000\" height=\"421\" src=\"https:\/\/www.zigarren.zone\/wp-content\/uploads\/2024\/04\/Inmitten-Habanos-Festival-24_2.jpg\" alt=\"\" class=\"wp-image-69463\" srcset=\"https:\/\/www.zigarren.zone\/wp-content\/uploads\/2024\/04\/Inmitten-Habanos-Festival-24_2.jpg 1000w, https:\/\/www.zigarren.zone\/wp-content\/uploads\/2024\/04\/Inmitten-Habanos-Festival-24_2-768x323.jpg 768w, https:\/\/www.zigarren.zone\/wp-content\/uploads\/2024\/04\/Inmitten-Habanos-Festival-24_2-18x8.jpg 18w, https:\/\/www.zigarren.zone\/wp-content\/uploads\/2024\/04\/Inmitten-Habanos-Festival-24_2-624x263.jpg 624w\" sizes=\"(max-width: 1000px) 100vw, 1000px\" \/><\/figure>\n\n\n\n<div style=\"height:10px\" aria-hidden=\"true\" class=\"wp-block-spacer\"><\/div>\n\n\n\n<p style=\"font-size:1em\"><strong>Un total de 69 espectadores asistieron al preestreno en directo.<\/strong><\/p>\n\n\n\n<div style=\"height:50px\" aria-hidden=\"true\" class=\"wp-block-spacer\"><\/div>\n\n\n\n<h2 class=\"wp-block-heading\" id=\"titel-1\">El programa completo<\/h2>\n\n\n\n<p>Claudia y Vasilij han reservado el programa completo: Todas las veladas, todos los seminarios posibles y un viaje a Pinar del R\u00edo. Adem\u00e1s de las experiencias personales de Claudia y Vasilij, el documental tambi\u00e9n incluye entrevistas con otros participantes en el festival que comparten su afici\u00f3n por los puros.<\/p>\n\n\n\n<h2 class=\"wp-block-heading\" id=\"h-ein-fest-der-sinne\">Una fiesta para los sentidos<\/h2>\n\n\n\n<p>Descubrir\u00e1 de primera mano lo que experimenta un participante en un festival. Hay cr\u00edticas, pero tambi\u00e9n muchos elogios para las numerosas personas que participan en el festival. A trav\u00e9s de los ojos de Claudia y Vasilij, experimentar\u00e1 el aprecio por la artesan\u00eda y la comunidad que rodea a cada puro.<\/p>\n\n\n\n<h2 class=\"wp-block-heading\" id=\"h-rezensionen-zum-film\">Cr\u00edticas de la pel\u00edcula<\/h2>\n\n\n\n<p>Algunos amigos seleccionados de Zigarren.Zone pudieron ver la pel\u00edcula con antelaci\u00f3n. He aqu\u00ed sus opiniones:<\/p>\n\n\n\n<div style=\"height:50px\" aria-hidden=\"true\" class=\"wp-block-spacer\"><\/div>\n\n\n\n<hr class=\"wp-block-separator has-css-opacity is-style-default\"\/>\n\n\n<div class=\"wp-block-image is-style-rounded\">\n<figure class=\"aligncenter size-full is-resized\"><img decoding=\"async\" width=\"500\" height=\"460\" src=\"https:\/\/www.zigarren.zone\/wp-content\/uploads\/2024\/04\/Benno-und-Marion.jpg\" alt=\"\" class=\"wp-image-69444\" style=\"aspect-ratio:1;object-fit:cover;width:150px;height:auto\" srcset=\"https:\/\/www.zigarren.zone\/wp-content\/uploads\/2024\/04\/Benno-und-Marion.jpg 500w, https:\/\/www.zigarren.zone\/wp-content\/uploads\/2024\/04\/Benno-und-Marion-13x12.jpg 13w\" sizes=\"(max-width: 500px) 100vw, 500px\" \/><\/figure>\n<\/div>\n\n\n<blockquote class=\"wp-block-quote has-text-align-center is-style-large has-small-font-size is-layout-flow wp-block-quote-is-layout-flow\">\n<p>\"Muchas gracias por su estupendo v\u00eddeo con los pormenores del 24 Festival del Habano 2024. Marion y yo lo esper\u00e1bamos con impaciencia y lo vimos con gran placer.<br>Es una buena mezcla de documental con informaci\u00f3n de fondo importante e interesante, as\u00ed como de cr\u00edtica ingeniosamente empaquetada, con humor reconocible y un gui\u00f1o \u00e1 la Vasilij.<\/p>\n\n\n\n<p>La calidad de las fotograf\u00edas, el colorido de los reportajes y la variedad de cursos y veladas que se ofrecen hacen que apetezca vivirlo en primera persona.<\/p>\n\n\n\n<p>Gracias por el refrescante informe al final del invierno\".<\/p>\n<cite>- Benno y Marion<\/cite><\/blockquote>\n\n\n\n<hr class=\"wp-block-separator has-css-opacity is-style-default\"\/>\n\n\n\n<div style=\"height:50px\" aria-hidden=\"true\" class=\"wp-block-spacer\"><\/div>\n\n\n\n<hr class=\"wp-block-separator has-css-opacity is-style-default\"\/>\n\n\n<div class=\"wp-block-image is-style-rounded\">\n<figure class=\"aligncenter size-full is-resized\"><img decoding=\"async\" width=\"500\" height=\"587\" src=\"https:\/\/www.zigarren.zone\/wp-content\/uploads\/2024\/04\/Thomas-Kobel.jpg\" alt=\"\" class=\"wp-image-69439\" style=\"aspect-ratio:1;object-fit:cover;width:150px;height:auto\" srcset=\"https:\/\/www.zigarren.zone\/wp-content\/uploads\/2024\/04\/Thomas-Kobel.jpg 500w, https:\/\/www.zigarren.zone\/wp-content\/uploads\/2024\/04\/Thomas-Kobel-10x12.jpg 10w\" sizes=\"(max-width: 500px) 100vw, 500px\" \/><\/figure>\n<\/div>\n\n\n<blockquote class=\"wp-block-quote has-text-align-center is-style-large has-small-font-size is-layout-flow wp-block-quote-is-layout-flow\">\n<p class=\"has-medium-font-size\">\"Acabo de ver su pel\u00edcula -acompa\u00f1ada de un puro- y me han dado ganas de viajar a Cuba.<br>Qu\u00e9 m\u00e1s puedo escribir sobre esto...<\/p>\n\n\n\n<p class=\"has-medium-font-size\">Sinceramente, \u00a1he disfrutado mucho de su pel\u00edcula durante todo el trayecto! \u00a1Bravo!<\/p>\n\n\n\n<p class=\"has-medium-font-size\"><br>Entretenida sin ser aburrida, llena de humor (en las dosis adecuadas) e informativa, dando ganas de visitar el festival. Todo ello presentado de forma muy simp\u00e1tica y cre\u00edble, sin adornos, por su copresentador y por usted mismo\".<\/p>\n<cite>- Thomas Kobel<\/cite><\/blockquote>\n\n\n\n<hr class=\"wp-block-separator has-css-opacity is-style-default\"\/>\n\n\n\n<div style=\"height:50px\" aria-hidden=\"true\" class=\"wp-block-spacer\"><\/div>\n\n\n\n<hr class=\"wp-block-separator has-css-opacity is-style-default\"\/>\n\n\n<div class=\"wp-block-image is-style-rounded\">\n<figure class=\"aligncenter size-full is-resized\"><img decoding=\"async\" width=\"300\" height=\"355\" src=\"https:\/\/www.zigarren.zone\/wp-content\/uploads\/2023\/07\/Im-Herzen-Havannas-Testimonial-Roland-Andregg-WEB.jpg\" alt=\"En el coraz\u00f3n de La Habana Testimonio Roland Andregg\" class=\"wp-image-63666\" style=\"aspect-ratio:1;object-fit:cover;width:150px;height:auto\"\/><\/figure>\n<\/div>\n\n\n<blockquote class=\"wp-block-quote has-text-align-center is-style-large has-small-font-size is-layout-flow wp-block-quote-is-layout-flow\">\n<p>\"\u00a1Ingenioso, aut\u00e9ntico, humor\u00edstico!<\/p>\n\n\n\n<p>Un recorrido por la que quiz\u00e1 sea la ocasi\u00f3n m\u00e1s importante para los amantes de uno de los placeres m\u00e1s arom\u00e1ticos del mundo: el tabaco.<\/p>\n\n\n\n<p>Muchas gracias a Claudia y a ti por compartirlo. Siempre es refrescante disfrutar de vuestra actitud despreocupada.<\/p>\n\n\n\n<p>Lo \u00fanico negativo es, bueno, no poder estar all\u00ed f\u00edsicamente...\".<\/p>\n<cite>- Roland Anderegg<\/cite><\/blockquote>\n\n\n\n<hr class=\"wp-block-separator has-css-opacity is-style-default\"\/>\n\n\n\n<div style=\"height:50px\" aria-hidden=\"true\" class=\"wp-block-spacer\"><\/div>\n\n\n\n<hr class=\"wp-block-separator has-css-opacity is-style-default\"\/>\n\n\n<div class=\"wp-block-image is-style-rounded\">\n<figure class=\"aligncenter size-full is-resized\"><img decoding=\"async\" width=\"400\" height=\"435\" src=\"https:\/\/www.zigarren.zone\/wp-content\/uploads\/2023\/07\/Im-Herzen-Havannas-Testimonial-Maribel-Fonseca-1-WEB.jpg\" alt=\"\" class=\"wp-image-63739\" style=\"aspect-ratio:1;object-fit:cover;width:150px;height:auto\"\/><\/figure>\n<\/div>\n\n\n<blockquote class=\"wp-block-quote has-text-align-center is-style-large has-small-font-size is-layout-flow wp-block-quote-is-layout-flow\">\n<p>\"Me parece fenomenal porque consigue condensar un gran evento de 5 d\u00edas en unos 40 minutos y presentarlo con suficiente detalle y gran sentido del humor. Disfrut\u00e9 mucho viendo tantas caras conocidas de antiguos compa\u00f1eros, clientes y distribuidores.\"<\/p>\n<cite>- Maribel Fonseca<\/cite><\/blockquote>\n\n\n\n<hr class=\"wp-block-separator has-css-opacity is-style-default\"\/>\n\n\n\n<div style=\"height:50px\" aria-hidden=\"true\" class=\"wp-block-spacer\"><\/div>\n\n\n\n<hr class=\"wp-block-separator has-css-opacity is-style-default\"\/>\n\n\n<div class=\"wp-block-image is-style-rounded\">\n<figure class=\"aligncenter size-full is-resized\"><img decoding=\"async\" width=\"851\" height=\"873\" src=\"https:\/\/www.zigarren.zone\/wp-content\/uploads\/2023\/07\/Im-Herzen-Havannas-Testimonial-Heino-Nohrden-1-WEB.jpg\" alt=\"\" class=\"wp-image-64781\" style=\"aspect-ratio:1;object-fit:cover;width:150px;height:auto\" srcset=\"https:\/\/www.zigarren.zone\/wp-content\/uploads\/2023\/07\/Im-Herzen-Havannas-Testimonial-Heino-Nohrden-1-WEB.jpg 851w, https:\/\/www.zigarren.zone\/wp-content\/uploads\/2023\/07\/Im-Herzen-Havannas-Testimonial-Heino-Nohrden-1-WEB-768x788.jpg 768w, https:\/\/www.zigarren.zone\/wp-content\/uploads\/2023\/07\/Im-Herzen-Havannas-Testimonial-Heino-Nohrden-1-WEB-12x12.jpg 12w, https:\/\/www.zigarren.zone\/wp-content\/uploads\/2023\/07\/Im-Herzen-Havannas-Testimonial-Heino-Nohrden-1-WEB-624x640.jpg 624w\" sizes=\"(max-width: 851px) 100vw, 851px\" \/><\/figure>\n<\/div>\n\n\n<blockquote class=\"wp-block-quote has-text-align-center is-style-large has-small-font-size is-layout-flow wp-block-quote-is-layout-flow\">\n<p>\"Vaya, qu\u00e9 puedo decir... por un lado, el festival contrasta totalmente con la situaci\u00f3n econ\u00f3mica actual de la mayor\u00eda de los cubanos, pero se trata del festival. Este documental me da una gran impresi\u00f3n de lo que se puede esperar all\u00ed. <\/p>\n\n\n\n<p>Es una mezcla de programa agotador, anhelo y pasi\u00f3n por los puros cubanos y tambi\u00e9n un poco de decadencia. No lo digo en sentido negativo. Creo que despu\u00e9s del programa uno se va a casa agotado, pero tambi\u00e9n satisfecho.<\/p>\n\n\n\n<p>El documental me da una gran impresi\u00f3n del festival. Soy consciente de la cantidad de trabajo que supone editar el material. S\u00f3lo puedo darte las gracias por esta gran visi\u00f3n, \u00a1bien hecho, Chapeau Vasilij!\".<\/p>\n<cite>- Heino Nohrden<\/cite><\/blockquote>\n\n\n\n<hr class=\"wp-block-separator has-css-opacity is-style-default\"\/>\n\n\n\n<div style=\"height:50px\" aria-hidden=\"true\" class=\"wp-block-spacer\"><\/div>\n\n\n\n<h2 class=\"wp-block-heading\" id=\"ressourcen-zum-thema\">Recursos sobre el tema<\/h2>\n\n\n\n<div style=\"height:50px\" aria-hidden=\"true\" class=\"wp-block-spacer\"><\/div>\n\n\n\n<div class=\"wp-block-buttons is-layout-flex wp-block-buttons-is-layout-flex\">\n<div class=\"wp-block-button\"><a class=\"wp-block-button__link has-white-color has-text-color has-background has-link-color wp-element-button\" href=\"https:\/\/www.zigarren.zone\/de\/historische-habanos-manufakturen-der-film\/\" style=\"background-color:#a80000\">Documental \"F\u00e1bricas hist\u00f3ricas de Habanos\" (en ingl\u00e9s)<\/a><\/div>\n<\/div>\n\n\n\n<div style=\"height:50px\" aria-hidden=\"true\" class=\"wp-block-spacer\"><\/div>\n\n\n\n<h2 class=\"wp-block-heading\" id=\"h-gemeinsam-diskutieren-uber-zigarrenbewertungen-zigarrenpreise-zigarrensammlungen-teile-deine-gedanken-und-meinungen-mit-der-community\">Discutamos juntos sobre rese\u00f1as de puros, precios de puros, colecciones de puros: Comparta sus pensamientos y opiniones con la comunidad<\/h2>\n\n\n\n<p class=\"has-black-color has-text-color\" style=\"font-size:1em\">Espero que os haya gustado mi \u00faltimo art\u00edculo y que la informaci\u00f3n que contiene os haya parecido interesante. Me hace mucha ilusi\u00f3n conocer vuestras opiniones y espero leer vuestros comentarios \ud83e\udd17.<\/p>","protected":false},"excerpt":{"rendered":"<p>Festival del Habano 24 - el documental. Usted se encuentra en el palpitante coraz\u00f3n de La Habana, rodeado del aroma de los puros. Ves c\u00f3mo m\u00e1s de un centenar de amantes de los puros...<\/p>","protected":false},"author":2,"featured_media":69452,"comment_status":"open","ping_status":"closed","sticky":false,"template":"","format":"standard","meta":{"jetpack_post_was_ever_published":false,"_jetpack_newsletter_access":"","_jetpack_dont_email_post_to_subs":false,"_jetpack_newsletter_tier_id":0,"_jetpack_memberships_contains_paywalled_content":false,"_jetpack_memberships_contains_paid_content":false,"footnotes":""},"categories":[6291,662,6665],"tags":[6459,892,666],"class_list":["post-69434","post","type-post","status-publish","format-standard","has-post-thumbnail","hentry","category-event","category-marktplatz","category-video","tag-dokumentarfilm","tag-habanos-festival","tag-world-of-habanos",""],"jetpack_featured_media_url":"https:\/\/www.zigarren.zone\/wp-content\/uploads\/2024\/04\/Cover-Inmitten-Habanos-Festival-24.jpg","jetpack_sharing_enabled":true,"_links":{"self":[{"href":"https:\/\/www.zigarren.zone\/es\/wp-json\/wp\/v2\/posts\/69434","targetHints":{"allow":["GET"]}}],"collection":[{"href":"https:\/\/www.zigarren.zone\/es\/wp-json\/wp\/v2\/posts"}],"about":[{"href":"https:\/\/www.zigarren.zone\/es\/wp-json\/wp\/v2\/types\/post"}],"author":[{"embeddable":true,"href":"https:\/\/www.zigarren.zone\/es\/wp-json\/wp\/v2\/users\/2"}],"replies":[{"embeddable":true,"href":"https:\/\/www.zigarren.zone\/es\/wp-json\/wp\/v2\/comments?post=69434"}],"version-history":[{"count":0,"href":"https:\/\/www.zigarren.zone\/es\/wp-json\/wp\/v2\/posts\/69434\/revisions"}],"wp:featuredmedia":[{"embeddable":true,"href":"https:\/\/www.zigarren.zone\/es\/wp-json\/wp\/v2\/media\/69452"}],"wp:attachment":[{"href":"https:\/\/www.zigarren.zone\/es\/wp-json\/wp\/v2\/media?parent=69434"}],"wp:term":[{"taxonomy":"category","embeddable":true,"href":"https:\/\/www.zigarren.zone\/es\/wp-json\/wp\/v2\/categories?post=69434"},{"taxonomy":"post_tag","embeddable":true,"href":"https:\/\/www.zigarren.zone\/es\/wp-json\/wp\/v2\/tags?post=69434"}],"curies":[{"name":"wp","href":"https:\/\/api.w.org\/{rel}","templated":true}]}}