{"id":69006,"date":"2024-02-17T11:15:53","date_gmt":"2024-02-17T10:15:53","guid":{"rendered":"https:\/\/www.zigarren.zone\/?p=69006"},"modified":"2024-02-19T14:34:35","modified_gmt":"2024-02-19T13:34:35","slug":"documental-habanos-festival-2024","status":"publish","type":"post","link":"https:\/\/www.zigarren.zone\/es\/dokufilm-habanos-festival-2024\/","title":{"rendered":"Del caos del ch\u00f3fer al rodaje de un documental: el Festival del Habano 2024"},"content":{"rendered":"<p class=\"has-medium-font-size\"><strong>Imagina el Festival del Habano 2024: Haces la maleta y vuelas a La Habana, Cuba, para vivir el legendario Festival del Habano 24. Parece un sue\u00f1o, \u00bfverdad? Para m\u00ed y Claudia Puszkar, este sue\u00f1o pronto se har\u00e1 realidad. Tenemos el honor de rodar un documental sobre el festival y tengo muchas ganas de acompa\u00f1arles en este viaje lleno de aventuras. \u00bfLas maletas hechas? Pronto. \u00bfEl equipo fotogr\u00e1fico? Creo que lo tengo todo, \u00bfverdad? Pero, \u00bfel transporte hasta el lugar de rodaje? Ah\u00ed es donde empieza la aventura antes incluso de empezar.  <\/strong><\/p>\n\n\n\n<p class=\"has-medium-font-size\"><strong>Aventura, humor y sabor cubano: \u00a1s\u00e9 el primero en enterarte del estreno de nuestro documental! La postproducci\u00f3n del Festival del Habano 2024 nos mantendr\u00e1 ocupados durante todo el mes de marzo. As\u00ed que si quieres ser el primero en saber cu\u00e1ndo tendr\u00e1 lugar el estreno en directo en YouTube, inscr\u00edbete en la lista de correo. <\/strong><\/p>\n\n\n\n<p class=\"yoast-reading-time__wrapper\"><span class=\"yoast-reading-time__icon\"><\/span><span class=\"yoast-reading-time__reading-time\">5<\/span><span class=\"yoast-reading-time__time-unit\"> Actas<\/span><\/p>\n\n\n\n<div class=\"wp-block-yoast-seo-table-of-contents yoast-table-of-contents\"><h2>\u00cdndice<\/h2><ul><li><a href=\"#titel-1\" data-level=\"2\">El caos de los conductores: Cuba en directo \u2764\ufe0f<\/a><\/li><li><a href=\"#h-auf-entdeckungstour-in-havanna-ein-dokufilm-bringt-das-habanos-festival-2024-zu-dir-nach-hause\" data-level=\"2\">De excursi\u00f3n por La Habana: un documental lleva el Festival del Habano 2024 a tu casa<\/a><\/li><li><a href=\"#h-abenteuer-humor-und-kubanisches-flair-sei-der-erste-der-von-unserer-dokufilm-premiere-erfahrt\" data-level=\"2\">Aventura, humor y sabor cubano: \u00a1sea el primero en enterarse del estreno de nuestro documental!<\/a><\/li><li><a href=\"#h-ach-ja-da-ist-noch-etwas-ich-durfte-heinrich-villiger-fur-habanos-s-a-interviewen\" data-level=\"2\">Ah, s\u00ed, una cosa m\u00e1s: tuve el honor de entrevistar a Heinrich Villiger para HABANOS S.A.<\/a><\/li><li><a href=\"#ressourcen-zum-thema\" data-level=\"2\">Recursos sobre el tema y la compra de puros<\/a><\/li><li><a href=\"#h-das-konnte-dich-auch-interessieren\" data-level=\"2\">Esto tambi\u00e9n podr\u00eda interesarle<\/a><\/li><li><a href=\"#h-gemeinsam-diskutieren-uber-zigarrenbewertungen-zigarrenpreise-zigarrensammlungen-teile-deine-gedanken-und-meinungen-mit-der-community\" data-level=\"2\">Discutamos juntos sobre rese\u00f1as de puros, precios de puros, colecciones de puros: Comparta sus pensamientos y opiniones con la comunidad<\/a><\/li><\/ul><\/div>\n\n\n\n<div style=\"height:50px\" aria-hidden=\"true\" class=\"wp-block-spacer\"><\/div>\n\n\n\n<figure class=\"wp-block-image size-full\"><img decoding=\"async\" width=\"1000\" height=\"558\" src=\"https:\/\/www.zigarren.zone\/wp-content\/uploads\/2024\/02\/Heinrich-Villiger-Interview-01.jpg\" alt=\"De izquierda a derecha: Vasilij Ratej comenta la escena con Heinrich Villiger.\" class=\"wp-image-69009\" srcset=\"https:\/\/www.zigarren.zone\/wp-content\/uploads\/2024\/02\/Heinrich-Villiger-Interview-01.jpg 1000w, https:\/\/www.zigarren.zone\/wp-content\/uploads\/2024\/02\/Heinrich-Villiger-Interview-01-768x429.jpg 768w, https:\/\/www.zigarren.zone\/wp-content\/uploads\/2024\/02\/Heinrich-Villiger-Interview-01-18x10.jpg 18w, https:\/\/www.zigarren.zone\/wp-content\/uploads\/2024\/02\/Heinrich-Villiger-Interview-01-624x348.jpg 624w\" sizes=\"(max-width: 1000px) 100vw, 1000px\" \/><\/figure>\n\n\n\n<div style=\"height:10px\" aria-hidden=\"true\" class=\"wp-block-spacer\"><\/div>\n\n\n\n<p><strong>De izquierda a derecha: comento la escena de la pel\u00edcula entrevista con Heinrich Villiger con motivo del 30 aniversario de Habanos S.A., que se celebrar\u00e1 en el Festival del Habano 2024. Las declaraciones de Heinrich Villiger se emitir\u00e1n en el Festival del Habano.<\/strong><\/p>\n\n\n\n<div style=\"height:50px\" aria-hidden=\"true\" class=\"wp-block-spacer\"><\/div>\n\n\n\n<h2 class=\"wp-block-heading\" id=\"titel-1\">El caos de los conductores: Cuba en directo \u2764\ufe0f<\/h2>\n\n\n\n<p>Pensamos: \"Es f\u00e1cil, organizaremos un ch\u00f3fer que nos lleve por las calles de La Habana\". Dicho y hecho. El primer conductor al que preguntamos nos hizo una oferta tan tentadora que hasta el ron cubano parec\u00eda viejo en comparaci\u00f3n. Tuve que preguntar dos veces: \"\u00bfHas le\u00eddo siquiera nuestro programa?\". En cuanto pregunt\u00e9, el precio se dispar\u00f3. Segu\u00eda siendo razonable, \u00bfpero mi confianza? Se esfum\u00f3 como el humo de un buen Cohiba.<\/p>\n\n\n\n<p>Justo cuando pensaba que todo estaba resuelto, lleg\u00f3 un mensaje: \"\u00bfCu\u00e1ndo y d\u00f3nde debo recogerte el pr\u00f3ximo lunes?\". Pens\u00e9 que no hab\u00eda le\u00eddo bien. \u00a1Nuestro vuelo a Cuba no sale hasta dentro de seis semanas! \ud83e\udd2f Obviamente, el programa no era tan interesante para \u00e9l despu\u00e9s de todo, porque no lo ley\u00f3 en absoluto. As\u00ed que, proceso corto: nos vamos y volvemos al principio.<\/p>\n\n\n\n<p>Un enorme agradecimiento a Thomas Portmann (La Casa del Habano St. Gallen by Urs Portmann), que estuvo a nuestro lado en esta ca\u00f3tica situaci\u00f3n. Con su ayuda, finalmente encontramos un segundo conductor que no s\u00f3lo parec\u00eda fiable, sino que tambi\u00e9n fue capaz de mantener nuestra apretada agenda.<\/p>\n\n\n\n<h2 class=\"wp-block-heading\" id=\"h-auf-entdeckungstour-in-havanna-ein-dokufilm-bringt-das-habanos-festival-2024-zu-dir-nach-hause\">De excursi\u00f3n por La Habana: un documental lleva el Festival del Habano 2024 a tu casa<\/h2>\n\n\n\n<p>Una vez resuelto el problema del transporte, es hora de ultimar los detalles t\u00e9cnicos. Del 26 de febrero al 1 de marzo, Claudia y yo exploraremos todos los rincones del festival, asistiremos a seminarios y descubriremos uno o dos trucos para usted. \u00bfNuestro objetivo? Un documental tan colorido y vivo como la propia Cuba. \u00bfEl estreno en directo? En YouTube, por supuesto, para que pueda verlo c\u00f3modamente desde su casa.<\/p>\n\n\n\n<h2 class=\"wp-block-heading\" id=\"h-abenteuer-humor-und-kubanisches-flair-sei-der-erste-der-von-unserer-dokufilm-premiere-erfahrt\">Aventura, humor y sabor cubano: \u00a1sea el primero en enterarse del estreno de nuestro documental!<\/h2>\n\n\n\n<p>La postproducci\u00f3n del Festival del Habano 2024 nos mantendr\u00e1 ocupados durante todo el mes de marzo. As\u00ed que si quieres ser el primero en saber cu\u00e1ndo tendr\u00e1 lugar el estreno en directo, inscr\u00edbete en la lista de correo. <\/p>\n\n\n\n<p>Espera, \u00bfme he olvidado de algo? Oh s\u00ed, \u00a1las pastillas de viaje! Para no ponerme malo en el avi\u00f3n. \u00bfQui\u00e9n iba a pensar que la mayor aventura empieza antes de despegar?<\/p>\n\n\n\n<p>As\u00ed que si te apetece una pizca de sabor cubano, un pu\u00f1ado de aventuras y una buena dosis de humor, permanece atento y suscr\u00edbete a mi lista de correo.<\/p>\n\n\n\n<h2 class=\"wp-block-heading\" id=\"h-ach-ja-da-ist-noch-etwas-ich-durfte-heinrich-villiger-fur-habanos-s-a-interviewen\">Ah, s\u00ed, una cosa m\u00e1s: tuve el honor de entrevistar a Heinrich Villiger para HABANOS S.A.<\/h2>\n\n\n\n<p>Con motivo del 30 aniversario de HABANOS S.A., tuve el placer y el honor de entrevistar a Heinrich Villiger. Sus declaraciones se mostrar\u00e1n en el Habanos Festival 24 y en mi pel\u00edcula documental sobre el festival. Para ver el ESTRENO EN DIRECTO de la pel\u00edcula en YouTube, suscr\u00edbase a la lista de correo.<\/p>\n\n\n\n<figure class=\"wp-block-image size-full\"><img decoding=\"async\" width=\"1000\" height=\"550\" src=\"https:\/\/www.zigarren.zone\/wp-content\/uploads\/2024\/02\/Heinrich-Villiger-Interview-03.jpg\" alt=\"Un poco de peluquer\u00eda y \u00a1a rodar!\" class=\"wp-image-69010\" srcset=\"https:\/\/www.zigarren.zone\/wp-content\/uploads\/2024\/02\/Heinrich-Villiger-Interview-03.jpg 1000w, https:\/\/www.zigarren.zone\/wp-content\/uploads\/2024\/02\/Heinrich-Villiger-Interview-03-768x422.jpg 768w, https:\/\/www.zigarren.zone\/wp-content\/uploads\/2024\/02\/Heinrich-Villiger-Interview-03-18x10.jpg 18w, https:\/\/www.zigarren.zone\/wp-content\/uploads\/2024\/02\/Heinrich-Villiger-Interview-03-624x343.jpg 624w\" sizes=\"(max-width: 1000px) 100vw, 1000px\" \/><\/figure>\n\n\n\n<div style=\"height:10px\" aria-hidden=\"true\" class=\"wp-block-spacer\"><\/div>\n\n\n\n<p><strong>Un poco de peluquer\u00eda y \u00a1a rodar!<\/strong><\/p>\n\n\n\n<div style=\"height:50px\" aria-hidden=\"true\" class=\"wp-block-spacer\"><\/div>\n\n\n\n<figure class=\"wp-block-image size-full\"><img decoding=\"async\" width=\"1000\" height=\"553\" src=\"https:\/\/www.zigarren.zone\/wp-content\/uploads\/2024\/02\/Heinrich-Villiger-Interview-04.jpg\" alt=\"Heinrich Villiger habla del 30 aniversario de Habanos S.A. en breves declaraciones.\" class=\"wp-image-69011\" srcset=\"https:\/\/www.zigarren.zone\/wp-content\/uploads\/2024\/02\/Heinrich-Villiger-Interview-04.jpg 1000w, https:\/\/www.zigarren.zone\/wp-content\/uploads\/2024\/02\/Heinrich-Villiger-Interview-04-768x425.jpg 768w, https:\/\/www.zigarren.zone\/wp-content\/uploads\/2024\/02\/Heinrich-Villiger-Interview-04-18x10.jpg 18w, https:\/\/www.zigarren.zone\/wp-content\/uploads\/2024\/02\/Heinrich-Villiger-Interview-04-624x345.jpg 624w\" sizes=\"(max-width: 1000px) 100vw, 1000px\" \/><\/figure>\n\n\n\n<div style=\"height:10px\" aria-hidden=\"true\" class=\"wp-block-spacer\"><\/div>\n\n\n\n<p><strong>Heinrich Villiger hace unas breves declaraciones con motivo del 30 aniversario de Habanos S.A.<\/strong><\/p>\n\n\n\n<div style=\"height:50px\" aria-hidden=\"true\" class=\"wp-block-spacer\"><\/div>\n\n\n\n<h2 class=\"wp-block-heading\" id=\"ressourcen-zum-thema\">Recursos sobre el tema y la compra de puros<\/h2>\n\n\n\n<div style=\"height:50px\" aria-hidden=\"true\" class=\"wp-block-spacer\"><\/div>\n\n\n\n<div class=\"wp-block-buttons is-layout-flex wp-block-buttons-is-layout-flex\">\n<div class=\"wp-block-button\"><a class=\"wp-block-button__link has-white-color has-text-color has-background has-link-color wp-element-button\" href=\"https:\/\/www.google.com\/search?q=habanos+festival+2024\" style=\"background-color:#a80000\" target=\"_blank\" rel=\"noreferrer noopener\">Comprar Habanos Festival 2024 y puros cubanos<\/a><\/div>\n<\/div>\n\n\n\n<div style=\"height:50px\" aria-hidden=\"true\" class=\"wp-block-spacer\"><\/div>\n\n\n\n<div class=\"wp-block-buttons is-layout-flex wp-block-buttons-is-layout-flex\">\n<div class=\"wp-block-button\"><a class=\"wp-block-button__link has-white-color has-text-color has-background has-link-color wp-element-button\" href=\"https:\/\/www.portmanntabak.ch\/3-zigarren?q=Provenienzen-Cuba\" style=\"background-color:#a80000\" target=\"_blank\" rel=\"noreferrer noopener\">La Casa del Habano St. Gallen de Urs Portmann comprar puros online, ofertas de puros<\/a><\/div>\n<\/div>\n\n\n\n<div style=\"height:50px\" aria-hidden=\"true\" class=\"wp-block-spacer\"><\/div>\n\n\n\n<h2 class=\"wp-block-heading\" id=\"h-das-konnte-dich-auch-interessieren\">Esto tambi\u00e9n podr\u00eda interesarle<\/h2>\n\n\n\n<p style=\"font-size:1em\"><a href=\"https:\/\/www.zigarren.zone\/de\/tag\/world-of-habanos\/\">El mundo de los Habanos en Zigarren.Zone<\/a><\/p>\n\n\n\n<div style=\"height:50px\" aria-hidden=\"true\" class=\"wp-block-spacer\"><\/div>\n\n\n\n<h2 class=\"wp-block-heading\" id=\"h-gemeinsam-diskutieren-uber-zigarrenbewertungen-zigarrenpreise-zigarrensammlungen-teile-deine-gedanken-und-meinungen-mit-der-community\">Discutamos juntos sobre rese\u00f1as de puros, precios de puros, colecciones de puros: Comparta sus pensamientos y opiniones con la comunidad<\/h2>\n\n\n\n<p class=\"has-black-color has-text-color\" style=\"font-size:1em\">Espero que os haya gustado mi \u00faltimo art\u00edculo y que la informaci\u00f3n que contiene os haya parecido interesante. Me hace mucha ilusi\u00f3n conocer vuestras opiniones y espero leer vuestros comentarios \ud83e\udd17.<\/p>","protected":false},"excerpt":{"rendered":"<p>Imagina el Festival del Habano 2024: Haces la maleta y vuelas a La Habana, Cuba, para vivir el legendario Festival del Habano 24. Suena...<\/p>","protected":false},"author":2,"featured_media":69014,"comment_status":"open","ping_status":"closed","sticky":false,"template":"","format":"standard","meta":{"jetpack_post_was_ever_published":false,"_jetpack_newsletter_access":"","_jetpack_dont_email_post_to_subs":false,"_jetpack_newsletter_tier_id":0,"_jetpack_memberships_contains_paywalled_content":false,"_jetpack_memberships_contains_paid_content":false,"footnotes":""},"categories":[662],"tags":[6387],"class_list":["post-69006","post","type-post","status-publish","format-standard","has-post-thumbnail","hentry","category-marktplatz","tag-open-access",""],"jetpack_featured_media_url":"https:\/\/www.zigarren.zone\/wp-content\/uploads\/2024\/02\/Habanos-Festival-2-Blog-Mailingliste.jpg","jetpack_sharing_enabled":true,"_links":{"self":[{"href":"https:\/\/www.zigarren.zone\/es\/wp-json\/wp\/v2\/posts\/69006","targetHints":{"allow":["GET"]}}],"collection":[{"href":"https:\/\/www.zigarren.zone\/es\/wp-json\/wp\/v2\/posts"}],"about":[{"href":"https:\/\/www.zigarren.zone\/es\/wp-json\/wp\/v2\/types\/post"}],"author":[{"embeddable":true,"href":"https:\/\/www.zigarren.zone\/es\/wp-json\/wp\/v2\/users\/2"}],"replies":[{"embeddable":true,"href":"https:\/\/www.zigarren.zone\/es\/wp-json\/wp\/v2\/comments?post=69006"}],"version-history":[{"count":0,"href":"https:\/\/www.zigarren.zone\/es\/wp-json\/wp\/v2\/posts\/69006\/revisions"}],"wp:featuredmedia":[{"embeddable":true,"href":"https:\/\/www.zigarren.zone\/es\/wp-json\/wp\/v2\/media\/69014"}],"wp:attachment":[{"href":"https:\/\/www.zigarren.zone\/es\/wp-json\/wp\/v2\/media?parent=69006"}],"wp:term":[{"taxonomy":"category","embeddable":true,"href":"https:\/\/www.zigarren.zone\/es\/wp-json\/wp\/v2\/categories?post=69006"},{"taxonomy":"post_tag","embeddable":true,"href":"https:\/\/www.zigarren.zone\/es\/wp-json\/wp\/v2\/tags?post=69006"}],"curies":[{"name":"wp","href":"https:\/\/api.w.org\/{rel}","templated":true}]}}