{"id":68866,"date":"2024-02-08T15:20:47","date_gmt":"2024-02-08T14:20:47","guid":{"rendered":"https:\/\/www.zigarren.zone\/?p=68866"},"modified":"2025-08-21T22:49:25","modified_gmt":"2025-08-21T20:49:25","slug":"descubre-la-fiesta-de-los-habanos-como-nunca-antes-la-habias-visto","status":"publish","type":"post","link":"https:\/\/www.zigarren.zone\/es\/enthuellt-das-habanos-festival-wie-du-es-noch-nie-gesehen-hast\/","title":{"rendered":"Revelado: El Festival del Habano como nunca antes lo hab\u00edas visto"},"content":{"rendered":"<p class=\"has-medium-font-size\">Est\u00e9 all\u00ed en exclusiva cuando levantemos el tel\u00f3n del estreno en DIRECTO de mi documental sobre el Festival del Habano de este a\u00f1o en YouTube. <\/p>\n\n\n\n<p class=\"has-medium-font-size\">Reg\u00edstrese ahora y aseg\u00farese la oportunidad de ser el primero en conocer la fecha oficial del estreno. <\/p>\n\n\n\n<p class=\"has-medium-font-size\">No pierdas la oportunidad de formar parte de este viaje \u00fanico. \u00danete a mi lista de correo y forma parte de una comunidad que celebra el arte y la cultura del Habano. El Festival del Habano se celebra del 26.02.24 al 01.03.24. Te enterar\u00e1s del estreno en VIVO del documental EXCLUSIVAMENTE si te suscribes a mi lista de correo.<\/p>\n\n\n\n<div style=\"height:50px\" aria-hidden=\"true\" class=\"wp-block-spacer\"><\/div>\n\n\n\n<figure class=\"wp-block-image size-full\"><img decoding=\"async\" width=\"1000\" height=\"667\" src=\"https:\/\/www.zigarren.zone\/wp-content\/uploads\/2023\/07\/Im-Herzen-Havannas-Vasilij-Vorpremiere.jpg\" alt=\"Festival del Habano\" class=\"wp-image-65473\" srcset=\"https:\/\/www.zigarren.zone\/wp-content\/uploads\/2023\/07\/Im-Herzen-Havannas-Vasilij-Vorpremiere.jpg 1000w, https:\/\/www.zigarren.zone\/wp-content\/uploads\/2023\/07\/Im-Herzen-Havannas-Vasilij-Vorpremiere-768x512.jpg 768w, https:\/\/www.zigarren.zone\/wp-content\/uploads\/2023\/07\/Im-Herzen-Havannas-Vasilij-Vorpremiere-18x12.jpg 18w, https:\/\/www.zigarren.zone\/wp-content\/uploads\/2023\/07\/Im-Herzen-Havannas-Vasilij-Vorpremiere-624x416.jpg 624w\" sizes=\"(max-width: 1000px) 100vw, 1000px\" \/><\/figure>\n\n\n\n<div style=\"height:10px\" aria-hidden=\"true\" class=\"wp-block-spacer\"><\/div>\n\n\n\n<p style=\"font-size:1em\"><strong>He aqu\u00ed una foto del \u00faltimo estreno en VIVO en YouTube de mi documental \"En el coraz\u00f3n de La Habana: Fabricantes hist\u00f3ricos de Habanos\". <a href=\"https:\/\/youtu.be\/Tv0W_jfk7Iw\" target=\"_blank\" rel=\"noreferrer noopener\">Puede verlo en YouTube.<\/a> <\/strong><\/p>\n\n\n\n<p style=\"font-size:1em\"><strong>En <a href=\"https:\/\/www.zigarren.zone\/de\/historische-habanos-manufakturen-der-film\/\">Lea el informe, incluidas las direcciones de las antiguas f\u00e1bricas, aqu\u00ed<\/a>.<\/strong><\/p>\n\n\n\n<div style=\"height:50px\" aria-hidden=\"true\" class=\"wp-block-spacer\"><\/div>","protected":false},"excerpt":{"rendered":"<p>Est\u00e9 all\u00ed en exclusiva cuando levantemos el tel\u00f3n del estreno en DIRECTO de mi documental sobre el Festival del Habano de este a\u00f1o en YouTube. Reg\u00edstrese ahora y aseg\u00farese...<\/p>","protected":false},"author":2,"featured_media":68870,"comment_status":"open","ping_status":"closed","sticky":false,"template":"","format":"standard","meta":{"jetpack_post_was_ever_published":false,"_jetpack_newsletter_access":"","_jetpack_dont_email_post_to_subs":false,"_jetpack_newsletter_tier_id":0,"_jetpack_memberships_contains_paywalled_content":false,"_jetpack_memberships_contains_paid_content":false,"footnotes":""},"categories":[6291,662],"tags":[6330,666],"class_list":["post-68866","post","type-post","status-publish","format-standard","has-post-thumbnail","hentry","category-event","category-marktplatz","tag-habano-festival","tag-world-of-habanos",""],"jetpack_featured_media_url":"https:\/\/www.zigarren.zone\/wp-content\/uploads\/2024\/02\/Habanos-Festival-1-Blog-Mailingliste.jpg","jetpack_sharing_enabled":true,"_links":{"self":[{"href":"https:\/\/www.zigarren.zone\/es\/wp-json\/wp\/v2\/posts\/68866","targetHints":{"allow":["GET"]}}],"collection":[{"href":"https:\/\/www.zigarren.zone\/es\/wp-json\/wp\/v2\/posts"}],"about":[{"href":"https:\/\/www.zigarren.zone\/es\/wp-json\/wp\/v2\/types\/post"}],"author":[{"embeddable":true,"href":"https:\/\/www.zigarren.zone\/es\/wp-json\/wp\/v2\/users\/2"}],"replies":[{"embeddable":true,"href":"https:\/\/www.zigarren.zone\/es\/wp-json\/wp\/v2\/comments?post=68866"}],"version-history":[{"count":0,"href":"https:\/\/www.zigarren.zone\/es\/wp-json\/wp\/v2\/posts\/68866\/revisions"}],"wp:featuredmedia":[{"embeddable":true,"href":"https:\/\/www.zigarren.zone\/es\/wp-json\/wp\/v2\/media\/68870"}],"wp:attachment":[{"href":"https:\/\/www.zigarren.zone\/es\/wp-json\/wp\/v2\/media?parent=68866"}],"wp:term":[{"taxonomy":"category","embeddable":true,"href":"https:\/\/www.zigarren.zone\/es\/wp-json\/wp\/v2\/categories?post=68866"},{"taxonomy":"post_tag","embeddable":true,"href":"https:\/\/www.zigarren.zone\/es\/wp-json\/wp\/v2\/tags?post=68866"}],"curies":[{"name":"wp","href":"https:\/\/api.w.org\/{rel}","templated":true}]}}