{"id":65485,"date":"2023-07-30T09:29:01","date_gmt":"2023-07-30T07:29:01","guid":{"rendered":"https:\/\/www.zigarren.zone\/?p=65485"},"modified":"2023-07-30T09:29:04","modified_gmt":"2023-07-30T07:29:04","slug":"el-secreto-de-la-reina-del-cigar","status":"publish","type":"post","link":"https:\/\/www.zigarren.zone\/es\/das-geheimnis-der-zigarrenkoenigin\/","title":{"rendered":"El secreto de la Reina del Cigarro"},"content":{"rendered":"<p class=\"has-medium-font-size\"><strong>El secreto de la Reina del Cigarro es el nuevo libro de Annette Meisl. Ha dedicado mucho tiempo a la investigaci\u00f3n. En conversaci\u00f3n conmigo, nos permite echar un vistazo entre bastidores. Me atrevo a decir que esta novela es una obra maestra y que todo amante de los puros debe tener este libro cerca de su humidor.<\/strong><\/p>\n\n\n\n<p class=\"yoast-reading-time__wrapper\"><span class=\"yoast-reading-time__icon\"><\/span><span class=\"yoast-reading-time__reading-time\">5<\/span><span class=\"yoast-reading-time__time-unit\"> Actas<\/span><\/p>\n\n\n\n<div class=\"wp-block-yoast-seo-table-of-contents yoast-table-of-contents\"><h2>\u00cdndice<\/h2><ul><li><a href=\"#titel-1\" data-level=\"2\">La entrevista con la reina del puro<\/a><\/li><li><a href=\"#h-la-galana-zigarrensalon-von-weltruf\" data-level=\"2\">La Galana, sal\u00f3n de puros de renombre mundial<\/a><\/li><li><a href=\"#ressourcen-zum-thema\" data-level=\"2\">Recursos sobre el tema<\/a><\/li><li><a href=\"#h-das-konnte-dich-auch-interessieren\" data-level=\"2\">Esto tambi\u00e9n podr\u00eda interesarle<\/a><\/li><\/ul><\/div>\n\n\n\n<div style=\"height:50px\" aria-hidden=\"true\" class=\"wp-block-spacer\"><\/div>\n\n\n\n<figure class=\"wp-block-image size-full\"><img decoding=\"async\" width=\"1000\" height=\"492\" src=\"https:\/\/www.zigarren.zone\/wp-content\/uploads\/2023\/07\/Annette-Meisl-Die-Zigarrenkoenigin.jpg\" alt=\"\" class=\"wp-image-65488\" srcset=\"https:\/\/www.zigarren.zone\/wp-content\/uploads\/2023\/07\/Annette-Meisl-Die-Zigarrenkoenigin.jpg 1000w, https:\/\/www.zigarren.zone\/wp-content\/uploads\/2023\/07\/Annette-Meisl-Die-Zigarrenkoenigin-768x378.jpg 768w, https:\/\/www.zigarren.zone\/wp-content\/uploads\/2023\/07\/Annette-Meisl-Die-Zigarrenkoenigin-18x9.jpg 18w, https:\/\/www.zigarren.zone\/wp-content\/uploads\/2023\/07\/Annette-Meisl-Die-Zigarrenkoenigin-624x307.jpg 624w\" sizes=\"(max-width: 1000px) 100vw, 1000px\" \/><\/figure>\n\n\n\n<div style=\"height:10px\" aria-hidden=\"true\" class=\"wp-block-spacer\"><\/div>\n\n\n\n<p style=\"font-size:1em\"><strong>Ya estoy muy ilusionada con esta novela.<\/strong><\/p>\n\n\n\n<div style=\"height:50px\" aria-hidden=\"true\" class=\"wp-block-spacer\"><\/div>\n\n\n\n<h2 class=\"wp-block-heading\" id=\"titel-1\">La entrevista con la reina del puro<\/h2>\n\n\n\n<h3 class=\"wp-block-heading\" id=\"h-du-hast-sehr-viel-zeit-in-die-recherche-gesteckt-welche-erkenntnisse-hast-du-dabei-entdeckt-ich-meine-nicht-nur-fur-die-entwicklung-der-charaktere-der-protagonisten-sondern-auch-fur-dich-personlich\">Dedic\u00f3 mucho tiempo a la investigaci\u00f3n. \u00bfQu\u00e9 ideas descubri\u00f3 en el proceso? Quiero decir, \u00bfno s\u00f3lo para el desarrollo de los personajes protagonistas, sino tambi\u00e9n para usted personalmente?<\/h3>\n\n\n\n<p style=\"font-size:1em\">Una pregunta maravillosa. La protagonista, Anna, no es s\u00f3lo mi bisabuela, sino mi alter-ego. Descubr\u00ed paralelismos en su car\u00e1cter y en su trayectoria vital, as\u00ed que no importa que viviera a mediados del siglo XIX. En todos los a\u00f1os de intensa investigaci\u00f3n, en parte en la propia Cuba, me sumerg\u00ed cada vez m\u00e1s en el tema del tabaco, los puros, Cuba, Am\u00e9rica Latina, el colonialismo, etc\u00e9tera. As\u00ed me convert\u00ed en el experto que soy hoy y me dej\u00e9 seducir cada vez m\u00e1s por el tabaco. Para m\u00ed, se trata de toda la cultura que rodea a esta planta, a la que los pueblos ind\u00edgenas siguen llamando la \"planta maestra\". Para m\u00ed fue sin duda eso: mi maestro y mi La Galana.<\/p>\n\n\n\n<h3 class=\"wp-block-heading\" id=\"h-welche-schlusselszene-im-buch-ist-diejenige-die-dein-herz-am-meisten-beruhrt\">\u00bfQu\u00e9 escena clave del libro es la que m\u00e1s le llega al coraz\u00f3n?<\/h3>\n\n\n\n<p style=\"font-size:1em\">Cuando Anna conoce a su padre en alg\u00fan momento. Eso tiene un gran significado para m\u00ed. Por eso dediqu\u00e9 el libro a mi t\u00edo, que emigr\u00f3 a Estados Unidos en los a\u00f1os 50 y al que llamo el \"padre de mi coraz\u00f3n\". La vida est\u00e1 llena de giros inesperados y es hermosa cuando estamos dispuestos a aceptarlos.<\/p>\n\n\n\n<div style=\"height:50px\" aria-hidden=\"true\" class=\"wp-block-spacer\"><\/div>\n\n\n\n<figure class=\"wp-block-image size-full\"><img decoding=\"async\" width=\"336\" height=\"400\" src=\"https:\/\/www.zigarren.zone\/wp-content\/uploads\/2023\/07\/Im-Herzen-Havannas-Testimonial-Annette-Meisl-WEB.jpg\" alt=\"\" class=\"wp-image-65289\" srcset=\"https:\/\/www.zigarren.zone\/wp-content\/uploads\/2023\/07\/Im-Herzen-Havannas-Testimonial-Annette-Meisl-WEB.jpg 336w, https:\/\/www.zigarren.zone\/wp-content\/uploads\/2023\/07\/Im-Herzen-Havannas-Testimonial-Annette-Meisl-WEB-10x12.jpg 10w\" sizes=\"(max-width: 336px) 100vw, 336px\" \/><\/figure>\n\n\n\n<div style=\"height:10px\" aria-hidden=\"true\" class=\"wp-block-spacer\"><\/div>\n\n\n\n<p style=\"font-size:1em\"><strong>Annette Meisl es la reina del puro de Colonia. Su sal\u00f3n del puro <a href=\"https:\/\/lagalana.de\" target=\"_blank\" rel=\"noreferrer noopener\">LA GALANA<\/a> \u00a1goza de fama mundial!<\/strong><\/p>\n\n\n\n<div style=\"height:50px\" aria-hidden=\"true\" class=\"wp-block-spacer\"><\/div>\n\n\n\n<h3 class=\"wp-block-heading\" id=\"h-dein-neues-buch-das-geheimnis-der-zigarrenkonigin-ist-wirklich-ein-buch-also-so-etwas-zum-anfassen-und-blattern-werden-bucher-heute-im-zeitalter-der-kunstlichen-intelligenz-uberhaupt-noch-produziert\">\u00bfSu nuevo libro \"El secreto de la reina del puro\" es realmente un libro? \u00bfAlgo que se puede tocar y pasar las p\u00e1ginas? \u00bfSe siguen produciendo libros en la era de la inteligencia artificial?<\/h3>\n\n\n\n<p style=\"font-size:1em\">Como persona sensual, un libro como \u00e9ste tiene que ser t\u00e1ctil para m\u00ed, \u00a1por supuesto! Me encanta cuando los libros huelen a impresi\u00f3n fresca, entonces meto la nariz y respiro hondo. Luego me fumo un buen puro con \u00e9l, \u00bfqu\u00e9 m\u00e1s se puede pedir?<\/p>\n\n\n\n<h3 class=\"wp-block-heading\" id=\"h-gibt-s-das-auch-als-ebook\">\u00bfEst\u00e1 tambi\u00e9n disponible como libro electr\u00f3nico?<\/h3>\n\n\n\n<p style=\"font-size:1em\">El libro electr\u00f3nico es imprescindible hoy en d\u00eda, por supuesto. La gente viaja en avi\u00f3n por todo el mundo y se descarga una novela en el aeropuerto, que luego devora en la cola.<\/p>\n\n\n\n<h3 class=\"wp-block-heading\" id=\"h-wo-kann-man-es-kaufen\">\u00bfD\u00f3nde se puede comprar?<\/h3>\n\n\n\n<p style=\"font-size:1em\"><a href=\"https:\/\/www.amazon.de\/Das-Geheimnis-Zigarrenk\u00f6nigin-Historischer-Roman-ebook\/dp\/B0C8ZMQQZ5\" target=\"_blank\" rel=\"noreferrer noopener\">En Amazon<\/a> puedes <strong>Libro electr\u00f3nico<\/strong> pre-order.<\/p>\n\n\n\n<p style=\"font-size:1em\"><a href=\"https:\/\/lagalana.de\/products\/annette-meisl-das-geheimnis-der-zigarrenkonigin-historischer-roman-aus-kuba\" target=\"_blank\" rel=\"noreferrer noopener\">En La Galana<\/a> puedes <strong>Libro impreso<\/strong> pre-order.<\/p>\n\n\n\n<h3 class=\"wp-block-heading\" id=\"h-am-17-08-23-findet-ein-einzigartiges-event-statt-um-was-geht-es\">El 17.08.23 tendr\u00e1 lugar un acontecimiento \u00fanico. \u00bfDe qu\u00e9 se trata?<\/h3>\n\n\n\n<p style=\"font-size:1em\">La direcci\u00f3n del renombrado Volksb\u00fchne am Rudolfplatz de Colonia (antiguo teatro Millowitsch) me ha invitado a desvelar el secreto de mi Cigar Queen sobre las tablas de su escenario. La fant\u00e1stica cantante y multiinstrumentista cubana Ney Portales aportar\u00e1 calientes ritmos caribe\u00f1os. Nicholas von der Nahmer, joven pianista de jazz de gran talento cuyo bisabuelo fue en su d\u00eda el primer director musical de Colonia, me acompa\u00f1ar\u00e1 al piano de cola. Despu\u00e9s de todo, no s\u00f3lo l\u00edo puros, dirijo un negocio y viajo por el mundo... Tambi\u00e9n canto con entusiasmo y he compuesto algunas de las canciones especialmente para la ocasi\u00f3n.<\/p>\n\n\n\n<h3 class=\"wp-block-heading\" id=\"h-welchen-tipp-mochtest-du-den-lesern-dieses-interviews-mit-auf-den-weg-geben\">\u00bfQu\u00e9 consejo le gustar\u00eda dar a los lectores de esta entrevista?<\/h3>\n\n\n\n<p style=\"font-size:1em\">Por muy mal que vayan las cosas a veces en la vida, nunca debemos perder la esperanza. He perdido muchas cosas en mi vida. El amor de mi vida, la confianza en personas que eran importantes para m\u00ed, mi existencia. El camino hacia la mujer que soy hoy fue largo y pedregoso. Y, sin embargo, siempre he cre\u00eddo que en cada cat\u00e1strofe se esconde un regalo, aunque a veces se tarde mucho en descubrirlo. Mi novela pretende darles esperanza. Y si se siente perdido, encienda un buen puro y reflexione sobre las nubes de humo antes de que se desvanezcan en el cielo...<\/p>\n\n\n\n<h3 class=\"wp-block-heading\" id=\"h-ist-das-nicht-schon-liebe-annette-herzlichen-dank-fur-deine-zeit\">\u00bfNo es precioso? Querida Annette, muchas gracias por tu tiempo \u2764\ufe0f<\/h3>\n\n\n\n<h2 class=\"wp-block-heading\" id=\"h-la-galana-zigarrensalon-von-weltruf\">La Galana, sal\u00f3n de puros de renombre mundial<\/h2>\n\n\n\n<div style=\"height:50px\" aria-hidden=\"true\" class=\"wp-block-spacer\"><\/div>\n\n\n\n<iframe src=\"https:\/\/www.google.com\/maps\/embed?pb=!1m18!1m12!1m3!1d2513.7825228898623!2d6.922449677235936!3d50.9462348716911!2m3!1f0!2f0!3f0!3m2!1i1024!2i768!4f13.1!3m3!1m2!1s0x47bf2516db41890b%3A0x6c9e47bc1afe57d1!2sLa%20Galana%20Zigarrenmanufaktur%20und%20Salon!5e0!3m2!1sde!2sch!4v1690701109194!5m2!1sde!2sch\" width=\"600\" height=\"450\" style=\"border:0;\" allowfullscreen=\"\" loading=\"lazy\" referrerpolicy=\"no-referrer-when-downgrade\"><\/iframe>\n\n\n\n<div style=\"height:50px\" aria-hidden=\"true\" class=\"wp-block-spacer\"><\/div>\n\n\n\n<h2 class=\"wp-block-heading\" id=\"ressourcen-zum-thema\">Recursos sobre el tema<\/h2>\n\n\n\n<p style=\"font-size:1em\"><a href=\"https:\/\/www.amazon.de\/Das-Geheimnis-Zigarrenk\u00f6nigin-Historischer-Roman-ebook\/dp\/B0C8ZMQQZ5\" target=\"_blank\" rel=\"noreferrer noopener\">En Amazon<\/a> puedes <strong>Libro electr\u00f3nico<\/strong> pre-order<\/p>\n\n\n\n<p style=\"font-size:1em\"><a href=\"https:\/\/lagalana.de\/products\/annette-meisl-das-geheimnis-der-zigarrenkonigin-historischer-roman-aus-kuba\" target=\"_blank\" rel=\"noreferrer noopener\">En La Galana<\/a> puedes <strong>Libro impreso<\/strong> pre-order<\/p>\n\n\n\n<p style=\"font-size:1em\"><a href=\"https:\/\/lagalana.de\" target=\"_blank\" rel=\"noreferrer noopener\">Sal\u00f3n del Cigarro La Galana en Colonia<\/a><\/p>\n\n\n\n<h2 class=\"wp-block-heading\" id=\"h-das-konnte-dich-auch-interessieren\">Esto tambi\u00e9n podr\u00eda interesarle<\/h2>\n\n\n\n<p style=\"font-size:1em\"><a href=\"https:\/\/www.zigarren.zone\/de\/live-vor-premiere-auf-youtube-die-dich-begeistern-wird\/\">Annette Meisl y su cr\u00edtica de la pel\u00edcula \"En el coraz\u00f3n de La Habana<\/a><\/p>\n\n\n\n<p class=\"has-black-color has-text-color\" style=\"font-size:1em\">Espero que os haya gustado mi \u00faltimo art\u00edculo y que la informaci\u00f3n que contiene os haya parecido interesante. Me hace mucha ilusi\u00f3n conocer vuestras opiniones y espero leer vuestros comentarios \ud83e\udd17.<\/p>\n\n\n\n\n\n<p><\/p>","protected":false},"excerpt":{"rendered":"<p>El secreto de la Reina del Cigarro es el nuevo libro de Annette Meisl. Pas\u00f3 mucho tiempo investig\u00e1ndolo. En una conversaci\u00f3n conmigo...<\/p>","protected":false},"author":2,"featured_media":65486,"comment_status":"open","ping_status":"closed","sticky":false,"template":"","format":"standard","meta":{"jetpack_post_was_ever_published":false,"_jetpack_newsletter_access":"","_jetpack_dont_email_post_to_subs":false,"_jetpack_newsletter_tier_id":0,"_jetpack_memberships_contains_paywalled_content":false,"_jetpack_memberships_contains_paid_content":false,"footnotes":""},"categories":[662],"tags":[378,6387],"class_list":["post-65485","post","type-post","status-publish","format-standard","has-post-thumbnail","hentry","category-marktplatz","tag-annette-meisl","tag-open-access",""],"jetpack_featured_media_url":"https:\/\/www.zigarren.zone\/wp-content\/uploads\/2023\/07\/Annette-Meisl.jpg","jetpack_sharing_enabled":true,"_links":{"self":[{"href":"https:\/\/www.zigarren.zone\/es\/wp-json\/wp\/v2\/posts\/65485","targetHints":{"allow":["GET"]}}],"collection":[{"href":"https:\/\/www.zigarren.zone\/es\/wp-json\/wp\/v2\/posts"}],"about":[{"href":"https:\/\/www.zigarren.zone\/es\/wp-json\/wp\/v2\/types\/post"}],"author":[{"embeddable":true,"href":"https:\/\/www.zigarren.zone\/es\/wp-json\/wp\/v2\/users\/2"}],"replies":[{"embeddable":true,"href":"https:\/\/www.zigarren.zone\/es\/wp-json\/wp\/v2\/comments?post=65485"}],"version-history":[{"count":0,"href":"https:\/\/www.zigarren.zone\/es\/wp-json\/wp\/v2\/posts\/65485\/revisions"}],"wp:featuredmedia":[{"embeddable":true,"href":"https:\/\/www.zigarren.zone\/es\/wp-json\/wp\/v2\/media\/65486"}],"wp:attachment":[{"href":"https:\/\/www.zigarren.zone\/es\/wp-json\/wp\/v2\/media?parent=65485"}],"wp:term":[{"taxonomy":"category","embeddable":true,"href":"https:\/\/www.zigarren.zone\/es\/wp-json\/wp\/v2\/categories?post=65485"},{"taxonomy":"post_tag","embeddable":true,"href":"https:\/\/www.zigarren.zone\/es\/wp-json\/wp\/v2\/tags?post=65485"}],"curies":[{"name":"wp","href":"https:\/\/api.w.org\/{rel}","templated":true}]}}