{"id":60255,"date":"2023-03-19T09:38:36","date_gmt":"2023-03-19T08:38:36","guid":{"rendered":"https:\/\/www.zigarren.zone\/?p=60255"},"modified":"2023-09-05T09:55:20","modified_gmt":"2023-09-05T07:55:20","slug":"vegafina-25-anos-de-aniversario-ebook","status":"publish","type":"post","link":"https:\/\/www.zigarren.zone\/es\/vegafina-25-jahre-jubilaeum-das-ebook\/","title":{"rendered":"VegaFina 25 aniversario - el eBook"},"content":{"rendered":"<p class=\"has-medium-font-size\"><strong><strong>VegaFina significa \"noble plantaci\u00f3n de tabaco\" y es un homenaje a la importancia del terru\u00f1o. La marca se lanz\u00f3 en 1998 y celebra su 25 aniversario en 2023.<\/strong><\/strong><\/p>\n\n\n\n\n\n<h2 class=\"wp-block-heading\" id=\"titel-1\">Leer el eBook gratis<\/h2>\n\n\n\n<p style=\"font-size:18px\">Aqu\u00ed tiene su libro electr\u00f3nico. Lo mejor es leerlo en vista completa (ordenador de sobremesa y tableta). Tambi\u00e9n puede descargarlo en formato PDF. Encontrar\u00e1s las teclas de funci\u00f3n en la l\u00ednea inferior. <\/p>\n\n\n\n<figure class=\"wp-block-table\"><table><tbody><tr><td><div class=\"_df_book df-container df-loading\"  data-slug=\"60248\" data-_slug=\"60248\" _slug=\"60248\" data-title=\"vegafina-25-jahre-jubilaeum-das-ebook\" id=\"df_60248\" data-df-option=\"df_option_60248\" ><\/div><script class=\"df-shortcode-script\" nowprocket type=\"application\/javascript\">window.df_option_60248 = {\"source\":\"https:\\\/\\\/www.zigarren.zone\\\/wp-content\\\/uploads\\\/2023\\\/08\\\/eBook-VegaFina-V15.pdf\",\"outline\":[],\"autoEnableOutline\":false,\"autoEnableThumbnail\":false,\"overwritePDFOutline\":false,\"soundEnable\":false,\"pageSize\":\"0\",\"direction\":\"1\",\"slug\":\"60248\",\"wpOptions\":\"true\",\"id\":60248}; if(window.DFLIP && window.DFLIP.parseBooks){window.DFLIP.parseBooks();}<\/script><\/td><\/tr><\/tbody><\/table><\/figure>\n\n\n\n\n\n<p><\/p>","protected":false},"excerpt":{"rendered":"<p>VegaFina significa \"noble plantaci\u00f3n de tabaco\" y es un homenaje a la importancia del terru\u00f1o. La marca se lanz\u00f3 al mercado en 1998 y celebra su...<\/p>","protected":false},"author":2,"featured_media":58099,"comment_status":"open","ping_status":"closed","sticky":false,"template":"","format":"standard","meta":{"jetpack_post_was_ever_published":true,"_jetpack_newsletter_access":"","_jetpack_dont_email_post_to_subs":false,"_jetpack_newsletter_tier_id":0,"_jetpack_memberships_contains_paywalled_content":false,"_jetpack_memberships_contains_paid_content":false,"footnotes":""},"categories":[662],"tags":[],"class_list":["post-60255","post","type-post","status-publish","format-standard","has-post-thumbnail","hentry","category-marktplatz",""],"jetpack_featured_media_url":"https:\/\/www.zigarren.zone\/wp-content\/uploads\/2023\/01\/VegaFina-VF54-9-klein.jpg","jetpack_sharing_enabled":true,"_links":{"self":[{"href":"https:\/\/www.zigarren.zone\/es\/wp-json\/wp\/v2\/posts\/60255","targetHints":{"allow":["GET"]}}],"collection":[{"href":"https:\/\/www.zigarren.zone\/es\/wp-json\/wp\/v2\/posts"}],"about":[{"href":"https:\/\/www.zigarren.zone\/es\/wp-json\/wp\/v2\/types\/post"}],"author":[{"embeddable":true,"href":"https:\/\/www.zigarren.zone\/es\/wp-json\/wp\/v2\/users\/2"}],"replies":[{"embeddable":true,"href":"https:\/\/www.zigarren.zone\/es\/wp-json\/wp\/v2\/comments?post=60255"}],"version-history":[{"count":0,"href":"https:\/\/www.zigarren.zone\/es\/wp-json\/wp\/v2\/posts\/60255\/revisions"}],"wp:featuredmedia":[{"embeddable":true,"href":"https:\/\/www.zigarren.zone\/es\/wp-json\/wp\/v2\/media\/58099"}],"wp:attachment":[{"href":"https:\/\/www.zigarren.zone\/es\/wp-json\/wp\/v2\/media?parent=60255"}],"wp:term":[{"taxonomy":"category","embeddable":true,"href":"https:\/\/www.zigarren.zone\/es\/wp-json\/wp\/v2\/categories?post=60255"},{"taxonomy":"post_tag","embeddable":true,"href":"https:\/\/www.zigarren.zone\/es\/wp-json\/wp\/v2\/tags?post=60255"}],"curies":[{"name":"wp","href":"https:\/\/api.w.org\/{rel}","templated":true}]}}