{"id":58605,"date":"2023-01-19T15:01:14","date_gmt":"2023-01-19T14:01:14","guid":{"rendered":"https:\/\/www.zigarren.zone\/?p=58605"},"modified":"2023-01-19T15:23:31","modified_gmt":"2023-01-19T14:23:31","slug":"vegafina-tributo-dominicus-edicion-limitada","status":"publish","type":"post","link":"https:\/\/www.zigarren.zone\/es\/vegafina-tributo-dominicus-limited-edition\/","title":{"rendered":"VegaFina Tributo Dominicus Edici\u00f3n Limitada"},"content":{"rendered":"<p class=\"has-medium-font-size\"><strong>VegaFina Tributo Dominicus Edici\u00f3n Limitada. VegaFina lanza ahora una nueva edici\u00f3n limitada que rinde homenaje a la cuna de la marca, la Rep\u00fablica Dominicana.<\/strong><\/p>\n\n\n\n\n\n<h2 class=\"wp-block-heading\" id=\"titel-1\">Tabaco madurado durante al menos tres a\u00f1os<\/h2>\n\n\n\n<p style=\"font-size:18px\">El VegaFina Tributo Dominicus se elabora cuidadosamente a mano a partir de hojas de tabaco maduradas durante al menos tres a\u00f1os y procedentes exclusivamente de las mejores regiones tabaqueras de la Rep\u00fablica Dominicana. La combinaci\u00f3n \u00fanica de diferentes tipos de tabaco utilizados para la tripa, el capote y la capa, cada uno cultivado en una regi\u00f3n espec\u00edfica del pa\u00eds, confiere a este puro un car\u00e1cter muy especial. Se caracteriza por matices especiados y tostados y un agradable aroma amaderado y floral con notas ligeramente dulces.<\/p>\n\n\n\n<div style=\"height:50px\" aria-hidden=\"true\" class=\"wp-block-spacer\"><\/div>\n\n\n\n<figure class=\"wp-block-image size-full\"><img decoding=\"async\" width=\"1000\" height=\"706\" src=\"https:\/\/www.zigarren.zone\/wp-content\/uploads\/2023\/01\/VegaFina-Tributo-Dominicus-Limited-Edition-1.jpg\" alt=\"VegaFina Tributo Dominicus Edici\u00f3n Limitada\" class=\"wp-image-58614\" srcset=\"https:\/\/www.zigarren.zone\/wp-content\/uploads\/2023\/01\/VegaFina-Tributo-Dominicus-Limited-Edition-1.jpg 1000w, https:\/\/www.zigarren.zone\/wp-content\/uploads\/2023\/01\/VegaFina-Tributo-Dominicus-Limited-Edition-1-768x542.jpg 768w, https:\/\/www.zigarren.zone\/wp-content\/uploads\/2023\/01\/VegaFina-Tributo-Dominicus-Limited-Edition-1-624x441.jpg 624w\" sizes=\"(max-width: 1000px) 100vw, 1000px\" \/><\/figure>\n\n\n\n<div style=\"height:50px\" aria-hidden=\"true\" class=\"wp-block-spacer\"><\/div>\n\n\n\n<h2 class=\"wp-block-heading\">Vitola de nueva creaci\u00f3n<\/h2>\n\n\n\n<p style=\"font-size:18px\">La nueva vitola creada para esta ocasi\u00f3n, que recibe el nombre de \"Dominicus\" en referencia a la orden religiosa que en su d\u00eda dio nombre a la isla, tiene un calibre de anilla de 48 y una longitud de 120 mm. El formato, de tama\u00f1o medio, ofrece un tiempo de fumada de algo m\u00e1s de media hora, lo que lo hace id\u00f3neo para los reci\u00e9n iniciados en el mundo de los puros premium.<\/p>\n\n\n\n<h2 class=\"wp-block-heading\">De la l\u00ednea Classic<\/h2>\n\n\n\n<p style=\"font-size:18px\">El dise\u00f1o del VegaFina Classic Tributo combina elementos t\u00edpicos de la Rep\u00fablica Dominicana -como el sol, el mar, las palmeras y el ave nacional del pa\u00eds- con im\u00e1genes de la cultura tabacalera del pa\u00eds. Los puros, cuyo pie est\u00e1 adornado con una segunda vitola, descansan sobre una bandeja de madera con el logotipo de la marca en relieve.<\/p>\n\n\n\n<h2 class=\"wp-block-heading\">Formato y precio<\/h2>\n\n\n\n<p style=\"font-size:18px\"><strong>Formato<\/strong>Dominicus; Dimensiones: 120 mm x RM 48<\/p>\n\n\n\n<p style=\"font-size:18px\"><strong>Embalaje<\/strong>Cajas de 10 unidades<\/p>\n\n\n\n<p style=\"font-size:18px\">PIC\/unidad 7,50 euros<\/p>\n\n\n\n<h2 class=\"wp-block-heading\" id=\"ressourcen-zum-thema\">Recursos sobre el tema<\/h2>\n\n\n\n<p style=\"font-size:18px\"><a href=\"https:\/\/www.google.com\/search?q=VegaFina+Tributo+Dominicus+Limited+Edition\" target=\"_blank\" rel=\"noreferrer noopener\">Encuentra este cigarro en Google<\/a><\/p>","protected":false},"excerpt":{"rendered":"<p>VegaFina Tributo Dominicus Edici\u00f3n Limitada. VegaFina lanza ahora una nueva edici\u00f3n limitada que rinde homenaje a la cuna de la marca, la Rep\u00fablica Dominicana....<\/p>","protected":false},"author":2,"featured_media":58613,"comment_status":"open","ping_status":"closed","sticky":false,"template":"","format":"standard","meta":{"jetpack_post_was_ever_published":false,"_jetpack_newsletter_access":"","_jetpack_dont_email_post_to_subs":false,"_jetpack_newsletter_tier_id":0,"_jetpack_memberships_contains_paywalled_content":false,"_jetpack_memberships_contains_paid_content":false,"footnotes":""},"categories":[662],"tags":[103,6286],"class_list":["post-58605","post","type-post","status-publish","format-standard","has-post-thumbnail","hentry","category-marktplatz","tag-limited-edition","tag-vegafina",""],"jetpack_featured_media_url":"https:\/\/www.zigarren.zone\/wp-content\/uploads\/2023\/01\/VegaFina-Tributo-Dominicus-Limited-Edition-1-Cover.jpg","jetpack_sharing_enabled":true,"_links":{"self":[{"href":"https:\/\/www.zigarren.zone\/es\/wp-json\/wp\/v2\/posts\/58605","targetHints":{"allow":["GET"]}}],"collection":[{"href":"https:\/\/www.zigarren.zone\/es\/wp-json\/wp\/v2\/posts"}],"about":[{"href":"https:\/\/www.zigarren.zone\/es\/wp-json\/wp\/v2\/types\/post"}],"author":[{"embeddable":true,"href":"https:\/\/www.zigarren.zone\/es\/wp-json\/wp\/v2\/users\/2"}],"replies":[{"embeddable":true,"href":"https:\/\/www.zigarren.zone\/es\/wp-json\/wp\/v2\/comments?post=58605"}],"version-history":[{"count":0,"href":"https:\/\/www.zigarren.zone\/es\/wp-json\/wp\/v2\/posts\/58605\/revisions"}],"wp:featuredmedia":[{"embeddable":true,"href":"https:\/\/www.zigarren.zone\/es\/wp-json\/wp\/v2\/media\/58613"}],"wp:attachment":[{"href":"https:\/\/www.zigarren.zone\/es\/wp-json\/wp\/v2\/media?parent=58605"}],"wp:term":[{"taxonomy":"category","embeddable":true,"href":"https:\/\/www.zigarren.zone\/es\/wp-json\/wp\/v2\/categories?post=58605"},{"taxonomy":"post_tag","embeddable":true,"href":"https:\/\/www.zigarren.zone\/es\/wp-json\/wp\/v2\/tags?post=58605"}],"curies":[{"name":"wp","href":"https:\/\/api.w.org\/{rel}","templated":true}]}}