{"id":42959,"date":"2021-01-25T19:16:24","date_gmt":"2021-01-25T18:16:24","guid":{"rendered":"https:\/\/www.zigarren.zone\/?p=42959"},"modified":"2025-08-09T23:24:59","modified_gmt":"2025-08-09T21:24:59","slug":"puros-zen-1-akif-turan","status":"publish","type":"post","link":"https:\/\/www.zigarren.zone\/es\/zigarren-zen-1-akif-turan\/","title":{"rendered":"Puros ZEN 1 Akif Turan"},"content":{"rendered":"<p><strong>Puros ZEN 1 con Akif Turan<\/strong>. En el episodio 2 de la primera temporada, Akif Turan fue uno de los invitados. Es un gran aficionado a los puros y autor de relatos sangrientos. En el programa habla de su brutal infancia y de c\u00f3mo incorpora parte de ella a sus novelas y relatos cortos. <a href=\"https:\/\/www.zigarren.zone\/bart-1-mal-am-zigarren-jetflame-verbrannt\/\" class=\"rank-math-link\">Por cierto, puede leer una entrevista con Akif Turan aqu\u00ed &gt;<\/a><\/p>\n\n\n\n<p><a href=\"https:\/\/www.zigarren.zone\/tag\/zigarren-zen\/\">Puede encontrar m\u00e1s temporadas y episodios aqu\u00ed &gt;<\/a><\/p>\n\n\n\n<h2 class=\"wp-block-heading\">Puros ZEN<\/h2>\n\n\n\n<p>Este es un formato de la red social Zigarren.Zone. \u00bfQu\u00e9 significa ZEN en el contexto de este formato? A menudo se dice que ZEN no ofrece nada. Ni una ense\u00f1anza, ni un secreto, ni respuestas. Significa vivir la vida en toda su plenitud. Puedes encontrar un art\u00edculo al respecto en <a href=\"https:\/\/de.wikipedia.org\/wiki\/Zen\" class=\"rank-math-link\" target=\"_blank\" rel=\"noopener\">Wikipedia<\/a>. Aqu\u00ed se trata de celebrar el placer de un puro, una copa y una conversaci\u00f3n. Simplemente desconectar y tomarse tiempo para uno mismo. Simplemente estar y desacelerar sin perseguir un objetivo concreto.<\/p>\n\n\n\n<h2 class=\"wp-block-heading\">Aqu\u00ed est\u00e1 el v\u00eddeo, temporada 1 \/ episodio 2<\/h2>\n\n\n\n<p>La mejor manera de ver el v\u00eddeo es con un buen puro y una buena copa.<\/p>\n\n\n\n<p>Disfrutamos de los siguientes puros: <a href=\"https:\/\/www.google.com\/search?q=fernando+leon+belicoso\" class=\"rank-math-link\" target=\"_blank\" rel=\"noopener\">Fernando Le\u00f3n Belicoso<\/a> y <a href=\"https:\/\/www.google.com\/search?q=villa+zamorano+intenso\" class=\"rank-math-link\" target=\"_blank\" rel=\"noopener\">Villa Zamorano Intenso<\/a>. <\/p>\n\n\n\n<div style=\"height:50px\" aria-hidden=\"true\" class=\"wp-block-spacer\"><\/div>\n\n\n\n<figure class=\"wp-block-video wp-block-embed is-type-video is-provider-videopress wp-embed-aspect-4-3 wp-has-aspect-ratio\"><div class=\"wp-block-embed__wrapper\">\n<iframe title=\"VideoPress Reproductor de v\u00eddeo\" aria-label='VideoPress Reproductor de v\u00eddeo' width='640' height='360' src='https:\/\/videopress.com\/embed\/soFrlGNN?preloadContent=metadata&amp;hd=0&amp;cover=1' frameborder='0' allowfullscreen allow='clipboard-write'><\/iframe><script src='https:\/\/v0.wordpress.com\/js\/next\/videopress-iframe.js?m=1674852142'><\/script>\n<\/div><\/figure>\n\n\n\n<div style=\"height:50px\" aria-hidden=\"true\" class=\"wp-block-spacer\"><\/div>\n\n\n\n<h2 class=\"wp-block-heading\">Una conversaci\u00f3n entre amigos y puedes escuchar a escondidas<\/h2>\n\n\n\n<p>Lunes, 25.01.2021. Estamos en otro bloqueo (parcial) en Suiza. COVID-19 sigue haciendo estragos. Han comenzado las primeras vacunaciones. Una reuni\u00f3n para un acogedor humo es bastante indeseable. Por lo tanto, Akif y yo hemos decidido disfrutar de un acogedor humo virtualmente.<\/p>\n\n\n\n<h2 class=\"wp-block-heading\">Puede comprar los libros comentados en el programa en Amazon, tambi\u00e9n como libros electr\u00f3nicos. Haga clic en la portada.<\/h2>\n\n\n\n<figure class=\"wp-block-image size-large is-resized\"><a href=\"https:\/\/amzn.to\/36ahvGX\" target=\"_blank\" rel=\"noopener\"><img decoding=\"async\" src=\"https:\/\/www.zigarren.zone\/wp-content\/uploads\/2021\/01\/Zigarren-TEN-mit-Akif-Turan-Tote-Nacht-Geschichten.jpg\" alt=\"Historias de la noche muerta\" class=\"wp-image-42964\" width=\"248\" height=\"350\" srcset=\"https:\/\/www.zigarren.zone\/wp-content\/uploads\/2021\/01\/Zigarren-TEN-mit-Akif-Turan-Tote-Nacht-Geschichten.jpg 496w, https:\/\/www.zigarren.zone\/wp-content\/uploads\/2021\/01\/Zigarren-TEN-mit-Akif-Turan-Tote-Nacht-Geschichten-213x300.jpg 213w\" sizes=\"(max-width: 248px) 100vw, 248px\" \/><\/a><figcaption>Historias de la noche muerta<\/figcaption><\/figure>\n\n\n\n<div style=\"height:50px\" aria-hidden=\"true\" class=\"wp-block-spacer\"><\/div>\n\n\n\n<figure class=\"wp-block-image size-large is-resized\"><a href=\"https:\/\/amzn.to\/3qRqwN2\" target=\"_blank\" rel=\"noopener\"><img decoding=\"async\" src=\"https:\/\/www.zigarren.zone\/wp-content\/uploads\/2021\/01\/Zigarren-TEN-mit-Akif-Turan-Sophies-Rache.jpg\" alt=\"Akif Turan, Puros ZEN\" class=\"wp-image-42961\" width=\"248\" height=\"350\" srcset=\"https:\/\/www.zigarren.zone\/wp-content\/uploads\/2021\/01\/Zigarren-TEN-mit-Akif-Turan-Sophies-Rache.jpg 496w, https:\/\/www.zigarren.zone\/wp-content\/uploads\/2021\/01\/Zigarren-TEN-mit-Akif-Turan-Sophies-Rache-213x300.jpg 213w\" sizes=\"(max-width: 248px) 100vw, 248px\" \/><\/a><figcaption>La venganza de Sophie<\/figcaption><\/figure>\n\n\n\n<div style=\"height:50px\" aria-hidden=\"true\" class=\"wp-block-spacer\"><\/div>\n\n\n\n<figure class=\"wp-block-image size-large is-resized\"><a href=\"https:\/\/amzn.to\/36bTA9Z\" target=\"_blank\" rel=\"noopener\"><img decoding=\"async\" src=\"https:\/\/www.zigarren.zone\/wp-content\/uploads\/2021\/01\/Zigarren-TEN-mit-Akif-Turan-Der-Erlo\u0308ser.jpg\" alt=\"El Redentor\" class=\"wp-image-42966\" width=\"248\" height=\"350\" srcset=\"https:\/\/www.zigarren.zone\/wp-content\/uploads\/2021\/01\/Zigarren-TEN-mit-Akif-Turan-Der-Erlo\u0308ser.jpg 496w, https:\/\/www.zigarren.zone\/wp-content\/uploads\/2021\/01\/Zigarren-TEN-mit-Akif-Turan-Der-Erlo\u0308ser-213x300.jpg 213w\" sizes=\"(max-width: 248px) 100vw, 248px\" \/><\/a><figcaption>El Redentor<\/figcaption><\/figure>\n\n\n\n<div style=\"height:50px\" aria-hidden=\"true\" class=\"wp-block-spacer\"><\/div>\n\n\n\n<figure class=\"wp-block-image size-large is-resized\"><a href=\"https:\/\/amzn.to\/3sUBcMC\" target=\"_blank\" rel=\"noopener\"><img decoding=\"async\" src=\"https:\/\/www.zigarren.zone\/wp-content\/uploads\/2021\/01\/Zigarren-TEN-mit-Akif-Turan-Auf-der-Jagd.jpg\" alt=\"A la caza\" class=\"wp-image-42967\" width=\"248\" height=\"350\" srcset=\"https:\/\/www.zigarren.zone\/wp-content\/uploads\/2021\/01\/Zigarren-TEN-mit-Akif-Turan-Auf-der-Jagd.jpg 496w, https:\/\/www.zigarren.zone\/wp-content\/uploads\/2021\/01\/Zigarren-TEN-mit-Akif-Turan-Auf-der-Jagd-213x300.jpg 213w\" sizes=\"(max-width: 248px) 100vw, 248px\" \/><\/a><figcaption>Memorias de un vengador<\/figcaption><\/figure>\n\n\n\n<div style=\"height:50px\" aria-hidden=\"true\" class=\"wp-block-spacer\"><\/div>\n\n\n\n<figure class=\"wp-block-image size-large\"><img decoding=\"async\" width=\"1000\" height=\"750\" src=\"https:\/\/www.zigarren.zone\/wp-content\/uploads\/2021\/01\/Zigarren-Zen-mit-Akif-Turan-Fernando-Leon-Belicoso-2.jpg\" alt=\"Fernando Le\u00f3n Belicoso\" class=\"wp-image-42972\" srcset=\"https:\/\/www.zigarren.zone\/wp-content\/uploads\/2021\/01\/Zigarren-Zen-mit-Akif-Turan-Fernando-Leon-Belicoso-2.jpg 1000w, https:\/\/www.zigarren.zone\/wp-content\/uploads\/2021\/01\/Zigarren-Zen-mit-Akif-Turan-Fernando-Leon-Belicoso-2-300x225.jpg 300w, https:\/\/www.zigarren.zone\/wp-content\/uploads\/2021\/01\/Zigarren-Zen-mit-Akif-Turan-Fernando-Leon-Belicoso-2-768x576.jpg 768w, https:\/\/www.zigarren.zone\/wp-content\/uploads\/2021\/01\/Zigarren-Zen-mit-Akif-Turan-Fernando-Leon-Belicoso-2-624x468.jpg 624w\" sizes=\"(max-width: 1000px) 100vw, 1000px\" \/><figcaption>Bueno, eso encaja \ud83d\ude42 .<\/figcaption><\/figure>\n\n\n\n<div style=\"height:50px\" aria-hidden=\"true\" class=\"wp-block-spacer\"><\/div>\n\n\n\n<p>Estoy sentado en mi sal\u00f3n de Liestal. Akif est\u00e1 sentado en Viena. Nos cuenta su historia sobre su violento padre y las palizas que \u00e9l, sus hermanos y su madre tuvieron que soportar. Le deben mucho a su madre el no haber sido educados tambi\u00e9n para ser adultos violentos.<\/p>\n\n\n\n<div style=\"height:50px\" aria-hidden=\"true\" class=\"wp-block-spacer\"><\/div>\n\n\n\n<figure class=\"wp-block-image size-large\"><img decoding=\"async\" width=\"1000\" height=\"565\" src=\"https:\/\/www.zigarren.zone\/wp-content\/uploads\/2021\/01\/Zigarren-Zen-mit-Akif-Turan-Villa-Zamorano-Intenso.jpg\" alt=\"Puros Zen con Akif Turan Villa Zamorano Intenso\" class=\"wp-image-42973\" srcset=\"https:\/\/www.zigarren.zone\/wp-content\/uploads\/2021\/01\/Zigarren-Zen-mit-Akif-Turan-Villa-Zamorano-Intenso.jpg 1000w, https:\/\/www.zigarren.zone\/wp-content\/uploads\/2021\/01\/Zigarren-Zen-mit-Akif-Turan-Villa-Zamorano-Intenso-300x170.jpg 300w, https:\/\/www.zigarren.zone\/wp-content\/uploads\/2021\/01\/Zigarren-Zen-mit-Akif-Turan-Villa-Zamorano-Intenso-768x434.jpg 768w, https:\/\/www.zigarren.zone\/wp-content\/uploads\/2021\/01\/Zigarren-Zen-mit-Akif-Turan-Villa-Zamorano-Intenso-624x353.jpg 624w\" sizes=\"(max-width: 1000px) 100vw, 1000px\" \/><figcaption>Akif Turan con su puro Villa Zamorano Intenso<\/figcaption><\/figure>\n\n\n\n<div style=\"height:50px\" aria-hidden=\"true\" class=\"wp-block-spacer\"><\/div>\n\n\n\n<p><a class=\"rank-math-link\" href=\"https:\/\/www.zigarren.zone\/tag\/zigarren-zen\/\">Puede encontrar m\u00e1s temporadas y episodios aqu\u00ed &gt;<\/a><\/p>","protected":false},"excerpt":{"rendered":"<p>Cigarros ZEN 1 con Akif Turan. En el episodio 2 de la primera temporada, Akif Turan fue uno de los invitados. Es un gran aficionado a los puros y autor...<\/p>","protected":false},"author":2,"featured_media":42975,"comment_status":"open","ping_status":"closed","sticky":false,"template":"","format":"standard","meta":{"jetpack_post_was_ever_published":false,"_jetpack_newsletter_access":"","_jetpack_dont_email_post_to_subs":false,"_jetpack_newsletter_tier_id":0,"_jetpack_memberships_contains_paywalled_content":false,"_jetpack_memberships_contains_paid_content":false,"footnotes":""},"categories":[6297,662,6665],"tags":[1002,6053,6131,231,6130],"class_list":["post-42959","post","type-post","status-publish","format-standard","has-post-thumbnail","hentry","category-internet-talks","category-marktplatz","category-video","tag-belicoso","tag-lernvideo","tag-staffeln","tag-video","tag-zigarren-zen",""],"jetpack_featured_media_url":"https:\/\/www.zigarren.zone\/wp-content\/uploads\/2021\/01\/Zigarren-TEN-mit-Akif-Turan-Titelfoto.jpg","jetpack_sharing_enabled":true,"_links":{"self":[{"href":"https:\/\/www.zigarren.zone\/es\/wp-json\/wp\/v2\/posts\/42959","targetHints":{"allow":["GET"]}}],"collection":[{"href":"https:\/\/www.zigarren.zone\/es\/wp-json\/wp\/v2\/posts"}],"about":[{"href":"https:\/\/www.zigarren.zone\/es\/wp-json\/wp\/v2\/types\/post"}],"author":[{"embeddable":true,"href":"https:\/\/www.zigarren.zone\/es\/wp-json\/wp\/v2\/users\/2"}],"replies":[{"embeddable":true,"href":"https:\/\/www.zigarren.zone\/es\/wp-json\/wp\/v2\/comments?post=42959"}],"version-history":[{"count":0,"href":"https:\/\/www.zigarren.zone\/es\/wp-json\/wp\/v2\/posts\/42959\/revisions"}],"wp:featuredmedia":[{"embeddable":true,"href":"https:\/\/www.zigarren.zone\/es\/wp-json\/wp\/v2\/media\/42975"}],"wp:attachment":[{"href":"https:\/\/www.zigarren.zone\/es\/wp-json\/wp\/v2\/media?parent=42959"}],"wp:term":[{"taxonomy":"category","embeddable":true,"href":"https:\/\/www.zigarren.zone\/es\/wp-json\/wp\/v2\/categories?post=42959"},{"taxonomy":"post_tag","embeddable":true,"href":"https:\/\/www.zigarren.zone\/es\/wp-json\/wp\/v2\/tags?post=42959"}],"curies":[{"name":"wp","href":"https:\/\/api.w.org\/{rel}","templated":true}]}}