{"id":75853,"date":"2025-10-20T20:29:07","date_gmt":"2025-10-20T18:29:07","guid":{"rendered":"https:\/\/www.zigarren.zone\/?p=75853"},"modified":"2025-10-20T20:29:07","modified_gmt":"2025-10-20T18:29:07","slug":"matthieu-rebjock-davidoff","status":"publish","type":"post","link":"https:\/\/www.zigarren.zone\/en\/matthieu-rebjock-davidoff\/","title":{"rendered":"Three novelties, three worlds: Matthieu Rebjock on Davidoff, Macanudo and CAO"},"content":{"rendered":"<p>I am here at the stand of <strong>Oettinger-Davidoff<\/strong>, where <strong>Matthieu Rebjock<\/strong> receives. Friendly, calm, but full of enthusiasm for what he is presenting. His eyes light up and he shows me three new products that could hardly be more different but all have one thing in common - a genuine passion for cigars.<\/p>\n\n\n\n<div class=\"wp-block-rank-math-toc-block\" id=\"rank-math-toc\"><h2>Table of contents<\/h2><nav><ul><li><a href=\"#10-jahre-feria-del-tabaco-genuss-trifft-leidenschaft\">10 years Feria del Tabaco - pleasure meets passion<\/a><\/li><li><a href=\"#ein-traditionsunternehmen-in-neuen-handen\">Saka Sin Compromiso Torpedo - uncompromising enjoyment<\/a><\/li><li><a href=\"#das-waren-die-aussteller-der-feria-del-tabaco-2025\">These were the exhibitors at the Feria del Tabaco 2025<\/a><\/li><li><a href=\"#h-das-konnte-dich-auch-interessieren\">Resources on the topic<\/a><\/li><\/ul><\/nav><\/div>\n\n\n\n<div style=\"height:50px\" aria-hidden=\"true\" class=\"wp-block-spacer\"><\/div>\n\n\n\n<figure class=\"wp-block-image size-full\"><img decoding=\"async\" width=\"1000\" height=\"659\" src=\"https:\/\/www.zigarren.zone\/wp-content\/uploads\/2025\/10\/feria_del_tabaco_2025.jpg\" alt=\"\" class=\"wp-image-75844\" srcset=\"https:\/\/www.zigarren.zone\/wp-content\/uploads\/2025\/10\/feria_del_tabaco_2025.jpg 1000w, https:\/\/www.zigarren.zone\/wp-content\/uploads\/2025\/10\/feria_del_tabaco_2025-768x506.jpg 768w, https:\/\/www.zigarren.zone\/wp-content\/uploads\/2025\/10\/feria_del_tabaco_2025-18x12.jpg 18w, https:\/\/www.zigarren.zone\/wp-content\/uploads\/2025\/10\/feria_del_tabaco_2025-624x411.jpg 624w\" sizes=\"(max-width: 1000px) 100vw, 1000px\" \/><\/figure>\n\n\n\n<div style=\"height:50px\" aria-hidden=\"true\" class=\"wp-block-spacer\"><\/div>\n\n\n\n<h2 class=\"wp-block-heading\" id=\"10-jahre-feria-del-tabaco-genuss-trifft-leidenschaft\">10 years Feria del Tabaco - pleasure meets passion<\/h2>\n\n\n\n<p style=\"font-size:1em\">A unique in-house exhibition in Zurich: <strong>MANUEL'S<\/strong> brings together cigar importers, manufacturers and aficionados for an enjoyable meeting of a special kind. For ten years now, the <strong>Feria del Tabaco<\/strong> cigar lovers come together in Zurich. What once began as a small in-house exhibition is now a fixed date in the calendar of the Swiss cigar scene. Numerous importers present their exclusive cigars, accessories and new products. For two days, the city is transformed into <strong>MANUEL'S<\/strong> into a lively forum of enjoyment: talks, tastings, innovations and encounters - all centred around the cigar. An anniversary that is not only celebrated, but savoured.<\/p>\n\n\n\n<div style=\"height:50px\" aria-hidden=\"true\" class=\"wp-block-spacer\"><\/div>\n\n\n\n<figure class=\"wp-block-image size-full\"><img decoding=\"async\" width=\"1000\" height=\"667\" src=\"https:\/\/www.zigarren.zone\/wp-content\/uploads\/2025\/10\/davidoff-feria_del_tabaco_25_manuels-dscf2727.jpg\" alt=\"\" class=\"wp-image-75857\" srcset=\"https:\/\/www.zigarren.zone\/wp-content\/uploads\/2025\/10\/davidoff-feria_del_tabaco_25_manuels-dscf2727.jpg 1000w, https:\/\/www.zigarren.zone\/wp-content\/uploads\/2025\/10\/davidoff-feria_del_tabaco_25_manuels-dscf2727-768x512.jpg 768w, https:\/\/www.zigarren.zone\/wp-content\/uploads\/2025\/10\/davidoff-feria_del_tabaco_25_manuels-dscf2727-18x12.jpg 18w, https:\/\/www.zigarren.zone\/wp-content\/uploads\/2025\/10\/davidoff-feria_del_tabaco_25_manuels-dscf2727-624x416.jpg 624w\" sizes=\"(max-width: 1000px) 100vw, 1000px\" \/><\/figure>\n\n\n\n<div style=\"height:10px\" aria-hidden=\"true\" class=\"wp-block-spacer\"><\/div>\n\n\n\n<h4 class=\"wp-block-heading\" id=\"h-beschreibung-des-bildes\" style=\"font-size:1em\"><strong><strong>Matthieu Rebjock<\/strong><\/strong> (left) - His eyes light up and he shows me three new products.<\/h4>\n\n\n\n<div style=\"height:50px\" aria-hidden=\"true\" class=\"wp-block-spacer\"><\/div>\n\n\n\n<h2 class=\"wp-block-heading\" id=\"ein-traditionsunternehmen-in-neuen-handen\"><strong>Saka Sin Compromiso Torpedo - uncompromising enjoyment<\/strong><\/h2>\n\n\n\n<p>\u201eI have the honour of presenting three exciting new products today,\u201c begins Matthieu. The first: <strong>Saka Sin Compromiso<\/strong>, A typical Nicaraguan format - medium-bodied and full of flavour. \u201eVery nice draw, very aromatic - a cigar that is simply fun,\u201c says Matthieu. The torpedo format is not only visually elegant, but also has an excellent flavour: it concentrates the aromas and ensures a medium-bodied flow of smoke.<\/p>\n\n\n\n<div style=\"height:50px\" aria-hidden=\"true\" class=\"wp-block-spacer\"><\/div>\n\n\n\n<figure class=\"wp-block-image size-full\"><img decoding=\"async\" width=\"1000\" height=\"667\" src=\"https:\/\/www.zigarren.zone\/wp-content\/uploads\/2025\/10\/davidoff-feria_del_tabaco_25_manuels-dscf2682.jpg\" alt=\"\" class=\"wp-image-75855\" srcset=\"https:\/\/www.zigarren.zone\/wp-content\/uploads\/2025\/10\/davidoff-feria_del_tabaco_25_manuels-dscf2682.jpg 1000w, https:\/\/www.zigarren.zone\/wp-content\/uploads\/2025\/10\/davidoff-feria_del_tabaco_25_manuels-dscf2682-768x512.jpg 768w, https:\/\/www.zigarren.zone\/wp-content\/uploads\/2025\/10\/davidoff-feria_del_tabaco_25_manuels-dscf2682-18x12.jpg 18w, https:\/\/www.zigarren.zone\/wp-content\/uploads\/2025\/10\/davidoff-feria_del_tabaco_25_manuels-dscf2682-624x416.jpg 624w\" sizes=\"(max-width: 1000px) 100vw, 1000px\" \/><\/figure>\n\n\n\n<div style=\"height:50px\" aria-hidden=\"true\" class=\"wp-block-spacer\"><\/div>\n\n\n\n<p><strong>CAO Amazon Basin - the return of a rarity<\/strong><\/p>\n\n\n\n<p>The second novelty is a classic that rarely appears: <strong>CAO Amazon Basin<\/strong>. \u201eA very beautiful cigar that is only produced every three years,\u201c explains Matthieu. The tobacco comes from the Amazon region of Brazil - fermented, wrapped and rolled in the traditional way. \u201eIt always sells out immediately because it has something completely unique - a deep, almost earthy flavour that is hard to compare.\u201c<\/p>\n\n\n\n<div style=\"height:50px\" aria-hidden=\"true\" class=\"wp-block-spacer\"><\/div>\n\n\n\n<figure class=\"wp-block-image size-full\"><img decoding=\"async\" width=\"1000\" height=\"667\" src=\"https:\/\/www.zigarren.zone\/wp-content\/uploads\/2025\/10\/davidoff-feria_del_tabaco_25_manuels-dscf2723.jpg\" alt=\"\" class=\"wp-image-75856\" srcset=\"https:\/\/www.zigarren.zone\/wp-content\/uploads\/2025\/10\/davidoff-feria_del_tabaco_25_manuels-dscf2723.jpg 1000w, https:\/\/www.zigarren.zone\/wp-content\/uploads\/2025\/10\/davidoff-feria_del_tabaco_25_manuels-dscf2723-768x512.jpg 768w, https:\/\/www.zigarren.zone\/wp-content\/uploads\/2025\/10\/davidoff-feria_del_tabaco_25_manuels-dscf2723-18x12.jpg 18w, https:\/\/www.zigarren.zone\/wp-content\/uploads\/2025\/10\/davidoff-feria_del_tabaco_25_manuels-dscf2723-624x416.jpg 624w\" sizes=\"(max-width: 1000px) 100vw, 1000px\" \/><\/figure>\n\n\n\n<div style=\"height:50px\" aria-hidden=\"true\" class=\"wp-block-spacer\"><\/div>\n\n\n\n<p><strong>Macanudo Emissary Espa\u00f1a - Tobacco from Europe<\/strong><\/p>\n\n\n\n<p>Then comes the surprise of the day: <strong>Macanudo Emissary Espa\u00f1a<\/strong>. \u201eThis is something very special,\u201c says Matthieu. \u201eThe tobacco is <strong>Matured for ten years<\/strong> - and comes from <strong>Spain<\/strong>.\u201c Spanish tobacco is an absolute rarity in the world of cigars. \u00abThis is a new project from Macanudo - every year a cigar will be released with tobacco from a European country. This year it's Spain, next year... I can't tell you yet.\u201c He smiles mischievously. \u201eAnd it remains exciting.\u201c<\/p>\n\n\n\n<div style=\"height:50px\" aria-hidden=\"true\" class=\"wp-block-spacer\"><\/div>\n\n\n\n<figure class=\"wp-block-image size-full\"><img decoding=\"async\" width=\"1000\" height=\"667\" src=\"https:\/\/www.zigarren.zone\/wp-content\/uploads\/2025\/10\/davidoff-feria_del_tabaco_25_manuels-dscf3778.jpg\" alt=\"\" class=\"wp-image-75859\" srcset=\"https:\/\/www.zigarren.zone\/wp-content\/uploads\/2025\/10\/davidoff-feria_del_tabaco_25_manuels-dscf3778.jpg 1000w, https:\/\/www.zigarren.zone\/wp-content\/uploads\/2025\/10\/davidoff-feria_del_tabaco_25_manuels-dscf3778-768x512.jpg 768w, https:\/\/www.zigarren.zone\/wp-content\/uploads\/2025\/10\/davidoff-feria_del_tabaco_25_manuels-dscf3778-18x12.jpg 18w, https:\/\/www.zigarren.zone\/wp-content\/uploads\/2025\/10\/davidoff-feria_del_tabaco_25_manuels-dscf3778-624x416.jpg 624w\" sizes=\"(max-width: 1000px) 100vw, 1000px\" \/><\/figure>\n\n\n\n<div style=\"height:50px\" aria-hidden=\"true\" class=\"wp-block-spacer\"><\/div>\n\n\n\n<p><strong>Always new moments of pleasure<\/strong><\/p>\n\n\n\n<p>What else would Matthieu like to pass on to readers? \u201eAt Oettinger-Davidoff, we have exciting new products every year. It's simply great fun for us to be able to present these cigars on the Swiss market.\u201c<\/p>\n\n\n\n<div style=\"height:50px\" aria-hidden=\"true\" class=\"wp-block-spacer\"><\/div>\n\n\n\n<h2 class=\"wp-block-heading\" id=\"das-waren-die-aussteller-der-feria-del-tabaco-2025\">These were the exhibitors at the Feria del Tabaco 2025<\/h2>\n\n\n\n<p style=\"font-size:1em\"><a href=\"https:\/\/www.zigarren.zone\/tag\/feria-del-tabaco-2025\/\">Exhibitors have their say at Feria del Tabaco 2025: Click here for the portraits<\/a><\/p>\n\n\n\n<figure class=\"wp-block-image size-full\"><img decoding=\"async\" width=\"1000\" height=\"667\" src=\"https:\/\/www.zigarren.zone\/wp-content\/uploads\/2025\/10\/ALLE-AUSSTELLER-feria_del_tabaco_25_manuels-dscf4297.jpg\" alt=\"\" class=\"wp-image-75923\" srcset=\"https:\/\/www.zigarren.zone\/wp-content\/uploads\/2025\/10\/ALLE-AUSSTELLER-feria_del_tabaco_25_manuels-dscf4297.jpg 1000w, https:\/\/www.zigarren.zone\/wp-content\/uploads\/2025\/10\/ALLE-AUSSTELLER-feria_del_tabaco_25_manuels-dscf4297-768x512.jpg 768w, https:\/\/www.zigarren.zone\/wp-content\/uploads\/2025\/10\/ALLE-AUSSTELLER-feria_del_tabaco_25_manuels-dscf4297-18x12.jpg 18w, https:\/\/www.zigarren.zone\/wp-content\/uploads\/2025\/10\/ALLE-AUSSTELLER-feria_del_tabaco_25_manuels-dscf4297-624x416.jpg 624w\" sizes=\"(max-width: 1000px) 100vw, 1000px\" \/><\/figure>\n\n\n\n<p>Top row, from left to right: Manuel Fr\u00f6hlich (Manuel's), Stefano Nett (Compa\u00f1\u00eda de Tabacos), Carlos Andr\u00e9s (Cigarmundi), Dirk Behrendt (Hartl Premium Tobacco), Matthieu Rebjock (Oettinger Davidoff), Toni Galatti (Intertabak)<\/p>\n\n\n\n<p>Bottom row, from left to right: Lajos Horv\u00e1th (ImpCor), Dominik Mezzomo (The Royal Cigar Company), Yoel Portuondo (La Flo de Portuondo), Salvatore Schaffner (Uniportis).<\/p>\n\n\n\n<div style=\"height:50px\" aria-hidden=\"true\" class=\"wp-block-spacer\"><\/div>\n\n\n\n<h3 class=\"wp-block-heading\" id=\"bildnachweis\">Picture credits<\/h3>\n\n\n\n<ul class=\"wp-block-list\">\n<li><a href=\"https:\/\/manuels.ch\/\" target=\"_blank\" rel=\"noopener\">Manuel's<\/a><\/li>\n<\/ul>\n\n\n\n<h2 class=\"wp-block-heading\" id=\"h-das-konnte-dich-auch-interessieren\">Resources on the topic<\/h2>\n\n\n\n<p><a href=\"https:\/\/de.davidoffgeneva.ch\/\" target=\"_blank\" rel=\"noopener\">Oettinger Davidoff<\/a><\/p>\n\n\n\n<div style=\"height:50px\" aria-hidden=\"true\" class=\"wp-block-spacer\"><\/div>\n\n\n\n<figure class=\"wp-block-image size-full is-resized\"><img decoding=\"async\" width=\"472\" height=\"708\" src=\"https:\/\/www.zigarren.zone\/wp-content\/uploads\/2024\/05\/vasilij_100_csf54279.jpg\" alt=\"\" class=\"wp-image-73395\" style=\"aspect-ratio:1;object-fit:contain;width:359px;height:auto\" srcset=\"https:\/\/www.zigarren.zone\/wp-content\/uploads\/2024\/05\/vasilij_100_csf54279.jpg 472w, https:\/\/www.zigarren.zone\/wp-content\/uploads\/2024\/05\/vasilij_100_csf54279-8x12.jpg 8w\" sizes=\"(max-width: 472px) 100vw, 472px\" \/><\/figure>\n\n\n\n<p><strong><strong>More smoke. With me.\ud83d\udca8\ud83e\udd17<\/strong><\/strong><\/p>\n\n\n\n<p>YOUTUBE \ud83d\udcfa <a href=\"https:\/\/www.youtube.com\/@genussmitvasilij\" target=\"_blank\" rel=\"noreferrer noopener\">@genussmitvasilij\u00a0<\/a>\u00a0<\/p>\n\n\n\n<p>INSTAGRAM \ud83d\udcf8 <a href=\"https:\/\/www.instagram.com\/v4silij\/\" target=\"_blank\" rel=\"noreferrer noopener\">@v4silij\u00a0<\/a>\u00a0<\/p>\n\n\n\n<p>INSTAGRAM \ud83d\udcf8 <a href=\"https:\/\/www.instagram.com\/zigarrenzone\/\" target=\"_blank\" rel=\"noreferrer noopener\">@zigarrenzone\u00a0<\/a>\u00a0<\/p>\n\n\n\n<div style=\"height:50px\" aria-hidden=\"true\" class=\"wp-block-spacer\"><\/div>\n\n\n<nav aria-label=\"breadcrumbs\" class=\"rank-math-breadcrumb\"><p><span class=\"label\">You are here:<\/span> <span class=\"last\">Home page<\/span><\/p><\/nav>","protected":false},"excerpt":{"rendered":"<p>I'm here at the Oettinger-Davidoff stand, where Matthieu Rebjock welcomes me. Friendly, calm, but full of enthusiasm for what he is presenting. His eyes are shining...<\/p>","protected":false},"author":2,"featured_media":75859,"comment_status":"closed","ping_status":"closed","sticky":false,"template":"","format":"standard","meta":{"jetpack_post_was_ever_published":false,"_jetpack_newsletter_access":"","_jetpack_dont_email_post_to_subs":false,"_jetpack_newsletter_tier_id":0,"_jetpack_memberships_contains_paywalled_content":false,"_jetpack_memberships_contains_paid_content":false,"footnotes":""},"categories":[6291,662],"tags":[6674,6540,6595,6680,6563,710,6681],"class_list":["post-75853","post","type-post","status-publish","format-standard","has-post-thumbnail","hentry","category-event","category-marktplatz","tag-cao","tag-el-emisario","tag-feria-del-tabaco","tag-feria-del-tabaco-2025","tag-manuels-2","tag-oettinger-davidoff","tag-sin-compromiso",""],"jetpack_featured_media_url":"https:\/\/www.zigarren.zone\/wp-content\/uploads\/2025\/10\/davidoff-feria_del_tabaco_25_manuels-dscf3778.jpg","jetpack_sharing_enabled":true,"_links":{"self":[{"href":"https:\/\/www.zigarren.zone\/en\/wp-json\/wp\/v2\/posts\/75853","targetHints":{"allow":["GET"]}}],"collection":[{"href":"https:\/\/www.zigarren.zone\/en\/wp-json\/wp\/v2\/posts"}],"about":[{"href":"https:\/\/www.zigarren.zone\/en\/wp-json\/wp\/v2\/types\/post"}],"author":[{"embeddable":true,"href":"https:\/\/www.zigarren.zone\/en\/wp-json\/wp\/v2\/users\/2"}],"replies":[{"embeddable":true,"href":"https:\/\/www.zigarren.zone\/en\/wp-json\/wp\/v2\/comments?post=75853"}],"version-history":[{"count":6,"href":"https:\/\/www.zigarren.zone\/en\/wp-json\/wp\/v2\/posts\/75853\/revisions"}],"predecessor-version":[{"id":75936,"href":"https:\/\/www.zigarren.zone\/en\/wp-json\/wp\/v2\/posts\/75853\/revisions\/75936"}],"wp:featuredmedia":[{"embeddable":true,"href":"https:\/\/www.zigarren.zone\/en\/wp-json\/wp\/v2\/media\/75859"}],"wp:attachment":[{"href":"https:\/\/www.zigarren.zone\/en\/wp-json\/wp\/v2\/media?parent=75853"}],"wp:term":[{"taxonomy":"category","embeddable":true,"href":"https:\/\/www.zigarren.zone\/en\/wp-json\/wp\/v2\/categories?post=75853"},{"taxonomy":"post_tag","embeddable":true,"href":"https:\/\/www.zigarren.zone\/en\/wp-json\/wp\/v2\/tags?post=75853"}],"curies":[{"name":"wp","href":"https:\/\/api.w.org\/{rel}","templated":true}]}}