{"id":75843,"date":"2025-10-20T20:28:43","date_gmt":"2025-10-20T18:28:43","guid":{"rendered":"https:\/\/www.zigarren.zone\/?p=75843"},"modified":"2025-10-20T20:34:58","modified_gmt":"2025-10-20T18:34:58","slug":"stefano-nett-compania-de-tabacos","status":"publish","type":"post","link":"https:\/\/www.zigarren.zone\/en\/stefano-nett-compania-de-tabacos\/","title":{"rendered":"Young, dynamic, full of power: an interview with Stefano Nett from Compa\u00f1\u00eda de Tabacos"},"content":{"rendered":"<p>\u201eMy name is Stefano Nett and I am the Managing Director of Compa\u00f1\u00eda de Tabacos.\u201c Stefano is a man with a clear vision: young, full of energy - and enthusiastic about the world of cigars. Compa\u00f1\u00eda de Tabacos is familiar to many in Switzerland - a cigar importer with an impressive brand portfolio. \u201eOver ten brands,\u201c says Stefano. From My Father and A.J. Fernandez to Notorious by Conor McGregor - there is diversity and passion behind it all. Cigar enthusiast Stefano Nett founded the Cigar Club Chur and has revitalised cigar culture in eastern Switzerland with great commitment in recent years.<\/p>\n\n\n\n<div class=\"wp-block-rank-math-toc-block\" id=\"rank-math-toc\"><h2>Table of contents<\/h2><nav><ul><li><a href=\"#10-jahre-feria-del-tabaco-genuss-trifft-leidenschaft\">10 years Feria del Tabaco - pleasure meets passion<\/a><\/li><li><a href=\"#ein-traditionsunternehmen-in-neuen-handen\">A traditional company in new hands<\/a><\/li><li><a href=\"#welche-marken-stehen-im-fokus\">Which brands are in focus?<\/a><\/li><li><a href=\"#my-father-blue-hommage-an-honduras\">My Father Blue - Homage to Honduras<\/a><\/li><li><a href=\"#new-world-decenio-10-jahre-erfolgsgeschichte\">New World Decenio - 10 years of success story<\/a><\/li><li><a href=\"#notorious-by-conor-mc-gregor-zigarren-mit-fight-spirit\">Notorious by Conor McGregor - cigars with fight spirit<\/a><\/li><li><a href=\"#probiert-so-viele-zigarren-wie-moglich-aus\">\u201eTry as many cigars as possible!\u201c<\/a><\/li><li><a href=\"#das-waren-die-aussteller-der-feria-del-tabaco-2025\">These were the exhibitors at the Feria del Tabaco 2025<\/a><\/li><li><a href=\"#h-das-konnte-dich-auch-interessieren\">Resources on the topic<\/a><\/li><\/ul><\/nav><\/div>\n\n\n\n<div style=\"height:50px\" aria-hidden=\"true\" class=\"wp-block-spacer\"><\/div>\n\n\n\n<figure class=\"wp-block-image size-full\"><img decoding=\"async\" width=\"1000\" height=\"659\" src=\"https:\/\/www.zigarren.zone\/wp-content\/uploads\/2025\/10\/feria_del_tabaco_2025.jpg\" alt=\"\" class=\"wp-image-75844\" srcset=\"https:\/\/www.zigarren.zone\/wp-content\/uploads\/2025\/10\/feria_del_tabaco_2025.jpg 1000w, https:\/\/www.zigarren.zone\/wp-content\/uploads\/2025\/10\/feria_del_tabaco_2025-768x506.jpg 768w, https:\/\/www.zigarren.zone\/wp-content\/uploads\/2025\/10\/feria_del_tabaco_2025-18x12.jpg 18w, https:\/\/www.zigarren.zone\/wp-content\/uploads\/2025\/10\/feria_del_tabaco_2025-624x411.jpg 624w\" sizes=\"(max-width: 1000px) 100vw, 1000px\" \/><\/figure>\n\n\n\n<div style=\"height:50px\" aria-hidden=\"true\" class=\"wp-block-spacer\"><\/div>\n\n\n\n<h2 class=\"wp-block-heading\" id=\"10-jahre-feria-del-tabaco-genuss-trifft-leidenschaft\">10 years Feria del Tabaco - pleasure meets passion<\/h2>\n\n\n\n<p style=\"font-size:1em\">A unique in-house exhibition in Zurich: <strong>MANUEL'S<\/strong> brings together cigar importers, manufacturers and aficionados for an enjoyable meeting of a special kind. For ten years now, the <strong>Feria del Tabaco<\/strong> cigar lovers come together in Zurich. What once began as a small in-house exhibition is now a fixed date in the calendar of the Swiss cigar scene. Numerous importers present their exclusive cigars, accessories and new products. For two days, the city is transformed into <strong>MANUEL'S<\/strong> into a lively forum of enjoyment: talks, tastings, innovations and encounters - all centred around the cigar. An anniversary that is not only celebrated, but savoured.<\/p>\n\n\n\n<div style=\"height:50px\" aria-hidden=\"true\" class=\"wp-block-spacer\"><\/div>\n\n\n\n<figure class=\"wp-block-image size-full\"><img decoding=\"async\" width=\"1000\" height=\"667\" src=\"https:\/\/www.zigarren.zone\/wp-content\/uploads\/2025\/10\/feria_del_tabaco_25_manuels-compania-de-tabacos-dscf2464.jpg\" alt=\"\" class=\"wp-image-75838\" srcset=\"https:\/\/www.zigarren.zone\/wp-content\/uploads\/2025\/10\/feria_del_tabaco_25_manuels-compania-de-tabacos-dscf2464.jpg 1000w, https:\/\/www.zigarren.zone\/wp-content\/uploads\/2025\/10\/feria_del_tabaco_25_manuels-compania-de-tabacos-dscf2464-768x512.jpg 768w, https:\/\/www.zigarren.zone\/wp-content\/uploads\/2025\/10\/feria_del_tabaco_25_manuels-compania-de-tabacos-dscf2464-18x12.jpg 18w, https:\/\/www.zigarren.zone\/wp-content\/uploads\/2025\/10\/feria_del_tabaco_25_manuels-compania-de-tabacos-dscf2464-624x416.jpg 624w\" sizes=\"(max-width: 1000px) 100vw, 1000px\" \/><\/figure>\n\n\n\n<div style=\"height:10px\" aria-hidden=\"true\" class=\"wp-block-spacer\"><\/div>\n\n\n\n<h4 class=\"wp-block-heading\" id=\"h-beschreibung-des-bildes\" style=\"font-size:1em\"><strong>Cigar enthusiast Stefano Nett founded the Cigar Club Chur and has revitalised cigar culture in eastern Switzerland with great commitment in recent years.<\/strong><\/h4>\n\n\n\n<div style=\"height:50px\" aria-hidden=\"true\" class=\"wp-block-spacer\"><\/div>\n\n\n\n<h2 class=\"wp-block-heading\" id=\"ein-traditionsunternehmen-in-neuen-handen\">A traditional company in new hands<\/h2>\n\n\n\n<p>Previously, the company had been in the hands of <strong>Claude Guggenheim<\/strong>. In May 2025, Compa\u00f1ia de Tabacos set the course for the future: The former sole proprietorship became Compa\u00f1ia de Tabacos AG. Claude Guggenheim handed over the management of the company to Manuel Fr\u00f6hlich and his team.<\/p>\n\n\n\n<p>Stefano now runs Compa\u00f1ia de Tabacos - with a breath of fresh air and new ideas. \u201eWe want to bring new brands to Switzerland and have a greater presence - at events, with partners, simply everywhere in the country. We are young, dynamic, have power and want to step on the gas.\u201c And you can feel it immediately: Stefano doesn't speak like an administrator, but like someone who wants to shape things.<\/p>\n\n\n\n<h2 class=\"wp-block-heading\" id=\"welche-marken-stehen-im-fokus\">Which brands are in focus?<\/h2>\n\n\n\n<p>\u201eNow the novelties for sure,\u201c he explains. \u201e<strong>My Father Blue<\/strong>, <strong>New World Decenio<\/strong> and <strong>Notorious<\/strong> by Conor McGregor.\u201c But he emphasises: \u201eEvery brand has the same priority for us. Even <strong>Cuervo y Sobrinos<\/strong>, <strong>Escobar<\/strong> and the others - everyone is respected and supported.\u201c Compa\u00f1\u00eda de Tabacos only supplies the Swiss specialised trade. It does not sell directly to end customers.<\/p>\n\n\n\n<h2 class=\"wp-block-heading\" id=\"my-father-blue-hommage-an-honduras\">My Father Blue - Homage to Honduras<\/h2>\n\n\n\n<div style=\"height:50px\" aria-hidden=\"true\" class=\"wp-block-spacer\"><\/div>\n\n\n\n<figure class=\"wp-block-image size-full\"><img decoding=\"async\" width=\"1000\" height=\"667\" src=\"https:\/\/www.zigarren.zone\/wp-content\/uploads\/2025\/10\/feria_del_tabaco_25_manuels-compania-de-tabacos-dscf2502.jpg\" alt=\"\" class=\"wp-image-75840\" srcset=\"https:\/\/www.zigarren.zone\/wp-content\/uploads\/2025\/10\/feria_del_tabaco_25_manuels-compania-de-tabacos-dscf2502.jpg 1000w, https:\/\/www.zigarren.zone\/wp-content\/uploads\/2025\/10\/feria_del_tabaco_25_manuels-compania-de-tabacos-dscf2502-768x512.jpg 768w, https:\/\/www.zigarren.zone\/wp-content\/uploads\/2025\/10\/feria_del_tabaco_25_manuels-compania-de-tabacos-dscf2502-18x12.jpg 18w, https:\/\/www.zigarren.zone\/wp-content\/uploads\/2025\/10\/feria_del_tabaco_25_manuels-compania-de-tabacos-dscf2502-624x416.jpg 624w\" sizes=\"(max-width: 1000px) 100vw, 1000px\" \/><\/figure>\n\n\n\n<div style=\"height:10px\" aria-hidden=\"true\" class=\"wp-block-spacer\"><\/div>\n\n\n\n<h4 class=\"wp-block-heading\" id=\"h-beschreibung-des-bildes\" style=\"font-size:1em\"><strong>My Father Blue<\/strong><\/h4>\n\n\n\n<div style=\"height:50px\" aria-hidden=\"true\" class=\"wp-block-spacer\"><\/div>\n\n\n\n<p>The new <strong>My Father Blue<\/strong> symbolises an important step: \u201eMy father was always at home in Nicaragua,\u201c says Stefano. \u201eBut around three years ago, they bought fields in Honduras. They have been producing cigars there since spring this year - and the Blue is a tribute to Honduras. Hence the blue design, inspired by the Honduran flag.\u201c The wrapper leaf comes from the USA (Connecticut Broadleaf), the filler comes entirely from Honduras. A real treat that combines two worlds.<\/p>\n\n\n\n<h2 class=\"wp-block-heading\" id=\"new-world-decenio-10-jahre-erfolgsgeschichte\">New World Decenio - 10 years of success story<\/h2>\n\n\n\n<div style=\"height:50px\" aria-hidden=\"true\" class=\"wp-block-spacer\"><\/div>\n\n\n\n<figure class=\"wp-block-image size-full\"><img decoding=\"async\" width=\"1000\" height=\"667\" src=\"https:\/\/www.zigarren.zone\/wp-content\/uploads\/2025\/10\/feria_del_tabaco_25_manuels-compania-de-tabacos-dscf2508.jpg\" alt=\"\" class=\"wp-image-75841\" srcset=\"https:\/\/www.zigarren.zone\/wp-content\/uploads\/2025\/10\/feria_del_tabaco_25_manuels-compania-de-tabacos-dscf2508.jpg 1000w, https:\/\/www.zigarren.zone\/wp-content\/uploads\/2025\/10\/feria_del_tabaco_25_manuels-compania-de-tabacos-dscf2508-768x512.jpg 768w, https:\/\/www.zigarren.zone\/wp-content\/uploads\/2025\/10\/feria_del_tabaco_25_manuels-compania-de-tabacos-dscf2508-18x12.jpg 18w, https:\/\/www.zigarren.zone\/wp-content\/uploads\/2025\/10\/feria_del_tabaco_25_manuels-compania-de-tabacos-dscf2508-624x416.jpg 624w\" sizes=\"(max-width: 1000px) 100vw, 1000px\" \/><\/figure>\n\n\n\n<div style=\"height:10px\" aria-hidden=\"true\" class=\"wp-block-spacer\"><\/div>\n\n\n\n<h4 class=\"wp-block-heading\" id=\"h-beschreibung-des-bildes\" style=\"font-size:1em\"><strong>New World Decenio<\/strong><\/h4>\n\n\n\n<div style=\"height:50px\" aria-hidden=\"true\" class=\"wp-block-spacer\"><\/div>\n\n\n\n<p>The second innovation is celebrating an anniversary: \u201eThe <em>New World<\/em> has been around since 2014,\u201c explains Stefano. \u201eAt the time, it was even <em>Cigar of the Year<\/em>. Then came Connecticut, Cameroon, Puro Especial, Dorado - and now, for the 10th anniversary, the <em>Decenio<\/em>.\u201c A worthy birthday boy with wrapper from Mexico (San Andr\u00e9s), binder from Nicaragua and filler from Honduras and Nicaragua.<\/p>\n\n\n\n<h2 class=\"wp-block-heading\" id=\"notorious-by-conor-mc-gregor-zigarren-mit-fight-spirit\">Notorious by Conor McGregor - cigars with fight spirit<\/h2>\n\n\n\n<div style=\"height:50px\" aria-hidden=\"true\" class=\"wp-block-spacer\"><\/div>\n\n\n\n<figure class=\"wp-block-image size-full\"><img decoding=\"async\" width=\"1000\" height=\"667\" src=\"https:\/\/www.zigarren.zone\/wp-content\/uploads\/2025\/10\/feria_del_tabaco_25_manuels-compania-de-tabacos-dscf2484.jpg\" alt=\"\" class=\"wp-image-75839\" srcset=\"https:\/\/www.zigarren.zone\/wp-content\/uploads\/2025\/10\/feria_del_tabaco_25_manuels-compania-de-tabacos-dscf2484.jpg 1000w, https:\/\/www.zigarren.zone\/wp-content\/uploads\/2025\/10\/feria_del_tabaco_25_manuels-compania-de-tabacos-dscf2484-768x512.jpg 768w, https:\/\/www.zigarren.zone\/wp-content\/uploads\/2025\/10\/feria_del_tabaco_25_manuels-compania-de-tabacos-dscf2484-18x12.jpg 18w, https:\/\/www.zigarren.zone\/wp-content\/uploads\/2025\/10\/feria_del_tabaco_25_manuels-compania-de-tabacos-dscf2484-624x416.jpg 624w\" sizes=\"(max-width: 1000px) 100vw, 1000px\" \/><\/figure>\n\n\n\n<div style=\"height:10px\" aria-hidden=\"true\" class=\"wp-block-spacer\"><\/div>\n\n\n\n<h4 class=\"wp-block-heading\" id=\"h-beschreibung-des-bildes\" style=\"font-size:1em\"><strong><strong>Notorious<\/strong><\/strong><\/h4>\n\n\n\n<div style=\"height:50px\" aria-hidden=\"true\" class=\"wp-block-spacer\"><\/div>\n\n\n\n<p>And then there is <strong>Notorious<\/strong> - the cigar brand of MMA legend <strong>Conor McGregor<\/strong>. \u201eWe did the release at the Sparta Academy,\u201c says Stefano with a laugh. \u201eThere were two kickboxing fights and even a show fight with MMA fighters at the end. It was something completely different - and went down really well.\u201c McGregor himself was not there. \u201eIf he had come, we would probably have needed bodyguards and barriers.\u201c He has over 50 million (!) followers on Instagram.<\/p>\n\n\n\n<p>The cigar has an Ecuador wrapper, a San Andr\u00e9s binder from Mexico and fillers from the Dominican Republic and Nicaragua. It is produced in the Dominican Republic.<\/p>\n\n\n\n<h2 class=\"wp-block-heading\" id=\"probiert-so-viele-zigarren-wie-moglich-aus\">\u201eTry as many cigars as possible!\u201c<\/h2>\n\n\n\n<div style=\"height:50px\" aria-hidden=\"true\" class=\"wp-block-spacer\"><\/div>\n\n\n\n<figure class=\"wp-block-image size-full\"><img decoding=\"async\" width=\"1000\" height=\"667\" src=\"https:\/\/www.zigarren.zone\/wp-content\/uploads\/2025\/10\/feria_del_tabaco_25_manuels-compania-de-tabacos-dscf4078.jpg\" alt=\"\" class=\"wp-image-75842\" srcset=\"https:\/\/www.zigarren.zone\/wp-content\/uploads\/2025\/10\/feria_del_tabaco_25_manuels-compania-de-tabacos-dscf4078.jpg 1000w, https:\/\/www.zigarren.zone\/wp-content\/uploads\/2025\/10\/feria_del_tabaco_25_manuels-compania-de-tabacos-dscf4078-768x512.jpg 768w, https:\/\/www.zigarren.zone\/wp-content\/uploads\/2025\/10\/feria_del_tabaco_25_manuels-compania-de-tabacos-dscf4078-18x12.jpg 18w, https:\/\/www.zigarren.zone\/wp-content\/uploads\/2025\/10\/feria_del_tabaco_25_manuels-compania-de-tabacos-dscf4078-624x416.jpg 624w\" sizes=\"(max-width: 1000px) 100vw, 1000px\" \/><\/figure>\n\n\n\n<div style=\"height:10px\" aria-hidden=\"true\" class=\"wp-block-spacer\"><\/div>\n\n\n\n<h4 class=\"wp-block-heading\" id=\"h-beschreibung-des-bildes\" style=\"font-size:1em\">\u201eTry as many cigars as you can - it opens your horizons,\u201c says Stefan, already engrossed in the next customer conversation.<\/h4>\n\n\n\n<div style=\"height:50px\" aria-hidden=\"true\" class=\"wp-block-spacer\"><\/div>\n\n\n\n<p>Finally, I ask Stefano what he would like to pass on to the readers. \u201eAlways cut the cigar before you light it,\u201c he laughs. \u201eNo, seriously - try as many cigars as you can. It opens your horizons. You quickly recognise the little quality finesses. And you realise which cigars you like - or don't like so much. That's the most important thing: keep an open mind, discover new things and enjoy them.\u201c<\/p>\n\n\n\n<p>Stefano Nett epitomises what characterises the new generation of cigar importers: passion, curiosity and the will to make a difference. Compa\u00f1\u00eda de Tabacos is on course for the future with him - with strong brands, exciting new products and a clear goal: more presence, more enjoyment, more life in the Swiss cigar scene.<\/p>\n\n\n\n<div style=\"height:50px\" aria-hidden=\"true\" class=\"wp-block-spacer\"><\/div>\n\n\n\n<h2 class=\"wp-block-heading\" id=\"das-waren-die-aussteller-der-feria-del-tabaco-2025\">These were the exhibitors at the Feria del Tabaco 2025<\/h2>\n\n\n\n<p style=\"font-size:1em\"><a href=\"https:\/\/www.zigarren.zone\/tag\/feria-del-tabaco-2025\/\">Exhibitors have their say at Feria del Tabaco 2025: Click here for the portraits<\/a><\/p>\n\n\n\n<figure class=\"wp-block-image size-full\"><img decoding=\"async\" width=\"1000\" height=\"667\" src=\"https:\/\/www.zigarren.zone\/wp-content\/uploads\/2025\/10\/ALLE-AUSSTELLER-feria_del_tabaco_25_manuels-dscf4297.jpg\" alt=\"\" class=\"wp-image-75923\" srcset=\"https:\/\/www.zigarren.zone\/wp-content\/uploads\/2025\/10\/ALLE-AUSSTELLER-feria_del_tabaco_25_manuels-dscf4297.jpg 1000w, https:\/\/www.zigarren.zone\/wp-content\/uploads\/2025\/10\/ALLE-AUSSTELLER-feria_del_tabaco_25_manuels-dscf4297-768x512.jpg 768w, https:\/\/www.zigarren.zone\/wp-content\/uploads\/2025\/10\/ALLE-AUSSTELLER-feria_del_tabaco_25_manuels-dscf4297-18x12.jpg 18w, https:\/\/www.zigarren.zone\/wp-content\/uploads\/2025\/10\/ALLE-AUSSTELLER-feria_del_tabaco_25_manuels-dscf4297-624x416.jpg 624w\" sizes=\"(max-width: 1000px) 100vw, 1000px\" \/><\/figure>\n\n\n\n<p>Top row, from left to right: Manuel Fr\u00f6hlich (Manuel's), Stefano Nett (Compa\u00f1\u00eda de Tabacos), Carlos Andr\u00e9s (Cigarmundi), Dirk Behrendt (Hartl Premium Tobacco), Matthieu Rebjock (Oettinger Davidoff), Toni Galatti (Intertabak)<\/p>\n\n\n\n<p>Bottom row, from left to right: Lajos Horv\u00e1th (ImpCor), Dominik Mezzomo (The Royal Cigar Company), Yoel Portuondo (La Flo de Portuondo), Salvatore Schaffner (Uniportis).<\/p>\n\n\n\n<div style=\"height:50px\" aria-hidden=\"true\" class=\"wp-block-spacer\"><\/div>\n\n\n\n<h3 class=\"wp-block-heading\" id=\"bildnachweis\">Picture credits<\/h3>\n\n\n\n<ul class=\"wp-block-list\">\n<li><a href=\"https:\/\/manuels.ch\/\" target=\"_blank\" rel=\"noopener\">Manuel's<\/a><\/li>\n<\/ul>\n\n\n\n<h2 class=\"wp-block-heading\" id=\"h-das-konnte-dich-auch-interessieren\">Resources on the topic<\/h2>\n\n\n\n<p style=\"font-size:1em\"><a href=\"https:\/\/uniportis.ch\/\" target=\"_blank\" rel=\"noopener\">Uniportis AG<\/a><\/p>\n\n\n\n<div style=\"height:50px\" aria-hidden=\"true\" class=\"wp-block-spacer\"><\/div>\n\n\n\n<figure class=\"wp-block-image size-full is-resized\"><img decoding=\"async\" width=\"472\" height=\"708\" src=\"https:\/\/www.zigarren.zone\/wp-content\/uploads\/2024\/05\/vasilij_100_csf54279.jpg\" alt=\"\" class=\"wp-image-73395\" style=\"aspect-ratio:1;object-fit:contain;width:359px;height:auto\" srcset=\"https:\/\/www.zigarren.zone\/wp-content\/uploads\/2024\/05\/vasilij_100_csf54279.jpg 472w, https:\/\/www.zigarren.zone\/wp-content\/uploads\/2024\/05\/vasilij_100_csf54279-8x12.jpg 8w\" sizes=\"(max-width: 472px) 100vw, 472px\" \/><\/figure>\n\n\n\n<p><strong><strong>More smoke. With me.\ud83d\udca8\ud83e\udd17<\/strong><\/strong><\/p>\n\n\n\n<p>YOUTUBE \ud83d\udcfa <a href=\"https:\/\/www.youtube.com\/@genussmitvasilij\" target=\"_blank\" rel=\"noreferrer noopener\">@genussmitvasilij\u00a0<\/a>\u00a0<\/p>\n\n\n\n<p>INSTAGRAM \ud83d\udcf8 <a href=\"https:\/\/www.instagram.com\/v4silij\/\" target=\"_blank\" rel=\"noreferrer noopener\">@v4silij\u00a0<\/a>\u00a0<\/p>\n\n\n\n<p>INSTAGRAM \ud83d\udcf8 <a href=\"https:\/\/www.instagram.com\/zigarrenzone\/\" target=\"_blank\" rel=\"noreferrer noopener\">@zigarrenzone\u00a0<\/a>\u00a0<\/p>\n\n\n\n<div style=\"height:50px\" aria-hidden=\"true\" class=\"wp-block-spacer\"><\/div>\n\n\n<nav aria-label=\"breadcrumbs\" class=\"rank-math-breadcrumb\"><p><span class=\"label\">You are here:<\/span> <span class=\"last\">Home page<\/span><\/p><\/nav>","protected":false},"excerpt":{"rendered":"<p>\u201eMy name is Stefano Nett and I am the Managing Director of Compa\u00f1\u00eda de Tabacos.\u201c Stefano is a man with a clear vision: young, full of energy - and...<\/p>","protected":false},"author":2,"featured_media":75840,"comment_status":"closed","ping_status":"closed","sticky":false,"template":"","format":"standard","meta":{"jetpack_post_was_ever_published":false,"_jetpack_newsletter_access":"","_jetpack_dont_email_post_to_subs":false,"_jetpack_newsletter_tier_id":0,"_jetpack_memberships_contains_paywalled_content":false,"_jetpack_memberships_contains_paid_content":false,"footnotes":""},"categories":[6291,662],"tags":[6645,6595,6680,6342],"class_list":["post-75843","post","type-post","status-publish","format-standard","has-post-thumbnail","hentry","category-event","category-marktplatz","tag-compania-de-tabacos","tag-feria-del-tabaco","tag-feria-del-tabaco-2025","tag-manuels",""],"jetpack_featured_media_url":"https:\/\/www.zigarren.zone\/wp-content\/uploads\/2025\/10\/feria_del_tabaco_25_manuels-compania-de-tabacos-dscf2502.jpg","jetpack_sharing_enabled":true,"_links":{"self":[{"href":"https:\/\/www.zigarren.zone\/en\/wp-json\/wp\/v2\/posts\/75843","targetHints":{"allow":["GET"]}}],"collection":[{"href":"https:\/\/www.zigarren.zone\/en\/wp-json\/wp\/v2\/posts"}],"about":[{"href":"https:\/\/www.zigarren.zone\/en\/wp-json\/wp\/v2\/types\/post"}],"author":[{"embeddable":true,"href":"https:\/\/www.zigarren.zone\/en\/wp-json\/wp\/v2\/users\/2"}],"replies":[{"embeddable":true,"href":"https:\/\/www.zigarren.zone\/en\/wp-json\/wp\/v2\/comments?post=75843"}],"version-history":[{"count":10,"href":"https:\/\/www.zigarren.zone\/en\/wp-json\/wp\/v2\/posts\/75843\/revisions"}],"predecessor-version":[{"id":75971,"href":"https:\/\/www.zigarren.zone\/en\/wp-json\/wp\/v2\/posts\/75843\/revisions\/75971"}],"wp:featuredmedia":[{"embeddable":true,"href":"https:\/\/www.zigarren.zone\/en\/wp-json\/wp\/v2\/media\/75840"}],"wp:attachment":[{"href":"https:\/\/www.zigarren.zone\/en\/wp-json\/wp\/v2\/media?parent=75843"}],"wp:term":[{"taxonomy":"category","embeddable":true,"href":"https:\/\/www.zigarren.zone\/en\/wp-json\/wp\/v2\/categories?post=75843"},{"taxonomy":"post_tag","embeddable":true,"href":"https:\/\/www.zigarren.zone\/en\/wp-json\/wp\/v2\/tags?post=75843"}],"curies":[{"name":"wp","href":"https:\/\/api.w.org\/{rel}","templated":true}]}}